{"id":288775,"date":"2025-12-23T10:15:00","date_gmt":"2025-12-23T09:15:00","guid":{"rendered":"https:\/\/www.tucomarca.com\/wordpress\/segunda\/?p=288775"},"modified":"2025-12-23T20:30:31","modified_gmt":"2025-12-23T19:30:31","slug":"la-diputacio-de-valencia-aprova-23-projectes-de-cooperacio-internacional-per-13-milions-deuros-en-14-paisos","status":"publish","type":"post","link":"https:\/\/tucomarca.whitekongsoftware.com\/ca\/la-diputacio-de-valencia-aprova-23-projectes-de-cooperacio-internacional-per-13-milions-deuros-en-14-paisos\/","title":{"rendered":"La Diputaci\u00f3 de Val\u00e8ncia aprova 23 projectes de cooperaci\u00f3 internacional per 1,3 milions d&#8217;euros en 14 pa\u00efsos"},"content":{"rendered":"\n<h3 class=\"wp-block-heading\">La convocat\u00f2ria de 2025 consolida el lideratge de la instituci\u00f3 provincial en cooperaci\u00f3 internacional, amb un augment del 58% del pressupost des de 2019 i una inversi\u00f3 del 0,27% del seu pressupost total.<\/h3>\n\n\n\n<h3 class=\"wp-block-heading\">La vicepresidenta Natalia Enguix destaca que \u201cla Diputaci\u00f3 ha refor\u00e7at la seua implicaci\u00f3 amb la cooperaci\u00f3 internacional en un context global marcat per l&#8217;augment dels conflictes i les desigualtats\u201d.<\/h3>\n\n\n\n<p class=\"wp-block-paragraph\">La Diputaci\u00f3 de Val\u00e8ncia ha aprovat el finan\u00e7ament de 23 projectes de cooperaci\u00f3 internacional al desenvolupament per un import total d&#8217;1.300.000 euros, dins de la convocat\u00f2ria corresponent a l&#8217;exercici 2025. Les ajudes estan dirigides a organitzacions no governamentals per al desenrotllament, coordinadores, agrupacions de ONGD i fons de cooperaci\u00f3 amb pres\u00e8ncia i delegaci\u00f3 a la prov\u00edncia de Val\u00e8ncia.<\/p>\n\n\n\n<p class=\"wp-block-paragraph\">Esta convocat\u00f2ria s&#8217;emmarca en el refor\u00e7 sostingut de la pol\u00edtica de cooperaci\u00f3 internacional de la instituci\u00f3 provincial. El pressupost destinat a cooperaci\u00f3 s&#8217;ha incrementat un 58% des de 2019, la qual cosa ha perm\u00e9s ampliar el n\u00famero de projectes finan\u00e7ats i refor\u00e7ar la pres\u00e8ncia de la Diputaci\u00f3 en contextos d&#8217;especial vulnerabilitat. Esta xifra situa a la Diputaci\u00f3 de Val\u00e8ncia com l&#8217;administraci\u00f3 provincial que m\u00e9s invertix en cooperaci\u00f3 internacional en la Comunitat Valenciana, tant en volum absolut com en esfor\u00e7 relatiu, en destinar el 0,27% del seu pressupost a este \u00e0mbit.<\/p>\n\n\n\n<p class=\"wp-block-paragraph\">La vicepresidenta i diputada de Cooperaci\u00f3 Internacional, Nat\u00e0lia Enguix, ha assenyalat que \u201chem refor\u00e7at la nostra implicaci\u00f3 amb la cooperaci\u00f3 internacional en un context global cada vegada m\u00e9s complex, marcat per l&#8217;augment dels conflictes, les crisis humanit\u00e0ries i les desigualtats\u201d. En este sentit, Enguix ha subratllat que la Diputaci\u00f3 \u201cmant\u00e9 l\u00ednies de cooperaci\u00f3 estables en pa\u00efsos d&#8217;Am\u00e8rica Llatina, \u00c0frica i \u00c0sia, donant suport a projectes vinculats a l&#8217;educaci\u00f3, la sobirania aliment\u00e0ria, la salut i l&#8217;apoderament de les dones, des d&#8217;un enfocament de drets\u201d.<\/p>\n\n\n\n<p class=\"wp-block-paragraph\">Els projectes subvencionats en esta convocat\u00f2ria es desenrotllaran en 14 pa\u00efsos d&#8217;Am\u00e8rica Llatina, \u00c0frica i \u00c0sia, amb una pres\u00e8ncia majorit\u00e0ria a Am\u00e8rica Llatina, i estan orientats a millorar les condicions de vida de comunitats afectades per la pobresa estructural, la desigualtat de g\u00e8nere, la viol\u00e8ncia, l&#8217;impacte del canvi clim\u00e0tic i els conflictes prolongats. Aix\u00ed, les subvencions concedides oscil\u00b7len entre 9.601,58 euros i 60.000 euros per projecte, adaptant-se a la dimensi\u00f3 i abast de cada intervenci\u00f3.<\/p>\n\n\n\n<p class=\"wp-block-paragraph\"><strong>Projectes a Am\u00e8rica Llatina<\/strong><\/p>\n\n\n\n<p class=\"wp-block-paragraph\">Bol\u00edvia concentra tres iniciatives finan\u00e7ades, igual que Guatemala, amb projectes centrats especialment en el dret a l&#8217;aigua i a la salut, la lluita contra malalties end\u00e8miques com el mal de Chagas, l&#8217;educaci\u00f3 i l&#8217;apoderament econ\u00f2mic de dones ind\u00edgenes. Destaquen els projectes impulsats per Fundaci\u00f3 Musol, Fundaci\u00f3 Fontilles i Fons Valenci\u00e0 per la Solidaritat.<\/p>\n\n\n\n<p class=\"wp-block-paragraph\">A Guatemala, les actuacions s&#8217;orienten a la sobirania aliment\u00e0ria, l&#8217;agricultura regenerativa, l&#8217;enfortiment del teixit social comunitari i, en un projecte concret, a l&#8217;\u00fas de tecnologia inclusiva en comunitats rurals. Estes iniciatives estan desenvolupades per la Asociaci\u00f3n para la Cooperaci\u00f3n entre Comunidades (ACOEC), la Asociaci\u00f3n CONI i la Associaci\u00f3 Solidaritat Perif\u00e8ries del M\u00f3n.<\/p>\n\n\n\n<p class=\"wp-block-paragraph\">A El Salvador, la Diputaci\u00f3 finan\u00e7ar\u00e0 iniciatives centrades en la sobirania aliment\u00e0ria, l&#8217;apoderament econ\u00f2mic de dones rurals, la resposta comunit\u00e0ria enfront del canvi clim\u00e0tic des de la producci\u00f3 aliment\u00e0ria i l&#8217;enfortiment de comunitats educatives i juvenils, impulsades per Centro de Estudios Rurales y de Agricultura Internacional (CERAI) y la Asociaci\u00f3n Amanecer Solidario.<\/p>\n\n\n\n<p class=\"wp-block-paragraph\">A Col\u00f2mbia, els projectes se centren en el dret a l&#8217;educaci\u00f3, l&#8217;apoderament econ\u00f2mic i social de dones i j\u00f3vens i, en un cas espec\u00edfic, en la prevenci\u00f3 i atenci\u00f3 de la viol\u00e8ncia de g\u00e8nere, amb actuacions desenrotllades per Fundaci\u00f3n Mainell, YMCA i la Asociaci\u00f3n por la Paz y el Desarrollo.<\/p>\n\n\n\n<p class=\"wp-block-paragraph\">A l&#8217;Equador, les actuacions reforcen l&#8217;acc\u00e9s a servicis b\u00e0sics i l&#8217;atenci\u00f3 en salut, la defensa dels drets sexuals i reproductius en un projecte espec\u00edfic i l&#8217;apoderament econ\u00f2mic de dones ind\u00edgenes a trav\u00e9s de cadenes de valor sostenibles, amb projectes desenvolupats per Farmac\u00e9uticos Mundi, Associaci\u00f3 Entrepobles y Fundaci\u00f3n Summa Humanitate.<\/p>\n\n\n\n<p class=\"wp-block-paragraph\">Al Per\u00fa, es dona suport a un projecte orientat a la millora de l&#8217;ocupaci\u00f3 juvenil, impulsat per la Fundaci\u00f3 Pau i Solidaritat PV. A Nicaragua, es finan\u00e7a el projecte Escuelas saludables, promogut per Arquitectura Sin Fronteras \u2013 Espa\u00f1a, destinat a millorar les condicions educatives i sanit\u00e0ries en comunitats rurals. Aix\u00ed mateix, s&#8217;inclou una intervenci\u00f3 a la frontera dominic-haitiana, orientada a la resili\u00e8ncia enfront del canvi clim\u00e0tic i la sobirania aliment\u00e0ria, desenrotllada per Asamblea de Cooperaci\u00f3n por la Paz (ACPP).<\/p>\n\n\n\n<p class=\"wp-block-paragraph\"><strong>Projectes a \u00c0frica i \u00c0sia<\/strong><\/p>\n\n\n\n<p class=\"wp-block-paragraph\">A \u00c0frica, la convocat\u00f2ria finan\u00e7ar\u00e0 projectes a Burkina Faso, Mali, Mo\u00e7ambic i en els campaments de poblaci\u00f3 refugiada saharaui en la Rep\u00fablica \u00c1rabe Saharaui Democr\u00e1tica, centrats principalment en la seguretat i sobirania aliment\u00e0ria, l&#8217;educaci\u00f3 i l&#8217;apoderament socioecon\u00f2mic de les dones. Estes actuacions estan impulsades per Cruz Roja Espa\u00f1ola, Movimiento por la Paz, Desarme y la Libertad (MPDL), Fundaci\u00f3n Mundubat i la ONGD Fundaci\u00f3n FAD Juventud. A \u00c0sia, la Diputaci\u00f3 donar\u00e0 suport a un projecte a l&#8217;\u00cdndia centrat en l&#8217;apoderament econ\u00f2mic i organitzatiu de dones d\u00e0lit, impulsat per Fundaci\u00f3n Proclade.<\/p>\n","protected":false},"excerpt":{"rendered":"<div class=\"mh-excerpt\">La convocat\u00f2ria de 2025 consolida el lideratge de la instituci\u00f3 provincial en cooperaci\u00f3 internacional, amb un augment del 58% del pressupost des de 2019 i una inversi\u00f3 del 0,27% del seu pressupost total. La vicepresidenta <a class=\"mh-excerpt-more\" href=\"https:\/\/tucomarca.whitekongsoftware.com\/ca\/la-diputacio-de-valencia-aprova-23-projectes-de-cooperacio-internacional-per-13-milions-deuros-en-14-paisos\/\" title=\"La Diputaci\u00f3 de Val\u00e8ncia aprova 23 projectes de cooperaci\u00f3 internacional per 1,3 milions d&#8217;euros en 14 pa\u00efsos\">[+] <\/a><\/div>\n","protected":false},"author":12,"featured_media":288774,"comment_status":"open","ping_status":"open","sticky":false,"template":"","format":"standard","meta":{"footnotes":""},"categories":[10898,10948,10894,10904,10947,10896],"tags":[16345,11246,20262],"class_list":["post-288775","post","type-post","status-publish","format-standard","has-post-thumbnail","category-ventana-ca","category-infraestructuras-ca","category-la-comarca-ca","category-sin-categorizar-ca","category-politica","category-seccion-ca","tag-cooperacion-internacional-ca","tag-diputacio-de-valencia-ca","tag-natalia-enguix-ca"],"_links":{"self":[{"href":"https:\/\/tucomarca.whitekongsoftware.com\/ca\/wp-json\/wp\/v2\/posts\/288775","targetHints":{"allow":["GET"]}}],"collection":[{"href":"https:\/\/tucomarca.whitekongsoftware.com\/ca\/wp-json\/wp\/v2\/posts"}],"about":[{"href":"https:\/\/tucomarca.whitekongsoftware.com\/ca\/wp-json\/wp\/v2\/types\/post"}],"author":[{"embeddable":true,"href":"https:\/\/tucomarca.whitekongsoftware.com\/ca\/wp-json\/wp\/v2\/users\/12"}],"replies":[{"embeddable":true,"href":"https:\/\/tucomarca.whitekongsoftware.com\/ca\/wp-json\/wp\/v2\/comments?post=288775"}],"version-history":[{"count":0,"href":"https:\/\/tucomarca.whitekongsoftware.com\/ca\/wp-json\/wp\/v2\/posts\/288775\/revisions"}],"wp:featuredmedia":[{"embeddable":true,"href":"https:\/\/tucomarca.whitekongsoftware.com\/ca\/wp-json\/wp\/v2\/media\/288774"}],"wp:attachment":[{"href":"https:\/\/tucomarca.whitekongsoftware.com\/ca\/wp-json\/wp\/v2\/media?parent=288775"}],"wp:term":[{"taxonomy":"category","embeddable":true,"href":"https:\/\/tucomarca.whitekongsoftware.com\/ca\/wp-json\/wp\/v2\/categories?post=288775"},{"taxonomy":"post_tag","embeddable":true,"href":"https:\/\/tucomarca.whitekongsoftware.com\/ca\/wp-json\/wp\/v2\/tags?post=288775"}],"curies":[{"name":"wp","href":"https:\/\/api.w.org\/{rel}","templated":true}]}}