{"id":288769,"date":"2025-12-23T10:30:00","date_gmt":"2025-12-23T09:30:00","guid":{"rendered":"https:\/\/www.tucomarca.com\/wordpress\/segunda\/?p=288769"},"modified":"2025-12-23T20:23:11","modified_gmt":"2025-12-23T19:23:11","slug":"el-consorci-provincial-de-bombers-aprova-el-major-pressupost-de-la-seua-historia-amb-un-augment-del-7-per-a-2026","status":"publish","type":"post","link":"https:\/\/tucomarca.whitekongsoftware.com\/ca\/el-consorci-provincial-de-bombers-aprova-el-major-pressupost-de-la-seua-historia-amb-un-augment-del-7-per-a-2026\/","title":{"rendered":"El Consorci Provincial de Bombers aprova el major pressupost de la seua hist\u00f2ria amb un augment del 7% per a 2026"},"content":{"rendered":"\n<h3 class=\"wp-block-heading\">Avelino Mascarell: \u201cEn esta legislatura hem aplicat un increment pressupostari acumulat del 15%, una mostra de la nostra ferma voluntat de comptar amb un Consorci a l&#8217;altura de la nostra prov\u00edncia\u201d.<\/h3>\n\n\n\n<h3 class=\"wp-block-heading\">Entre altres infraestructures importants, el pressupost inclou la redacci\u00f3 del projecte d&#8217;execuci\u00f3 de la nova Central i Centre de Comunicacions i Control a Burjassot.<\/h3>\n\n\n\n<p class=\"wp-block-paragraph\">El Consorci Provincial de Bombers ha aprovat este mat\u00ed en assemblea general el major pressupost de la seua hist\u00f2ria: 103.457.261,51 euros per a l&#8217;exercici 2026. \u00c9s un un 7,13% m\u00e9s que l&#8217;any anterior, una fita pressupost\u00e0ria que s&#8217;emmarca en la voluntat de la direcci\u00f3 del Consorci d&#8217;avan\u00e7ar en la modernitzaci\u00f3 del servici, millorar les condicions laborals del seu personal i implantar una gesti\u00f3 eficient i transparent.<\/p>\n\n\n\n<p class=\"wp-block-paragraph\">El diputat de Medi Ambient i president del Consorci de Bombers de Val\u00e8ncia, Avelino Mascarell, ha assenyalat que \u201cdes que assumim la direcci\u00f3 del Consorci hem augmentat un 15% el pressupost de manera acumulada a llarg d&#8217;estos anys, un increment que reflectix la nostra ferma voluntat de comptar amb un Consorci a l&#8217;altura de la nostra prov\u00edncia, amb m\u00e9s i millors servicis i una millor atenci\u00f3 a tota la ciutadania\u201d.<\/p>\n\n\n\n<figure class=\"wp-block-gallery has-nested-images columns-default is-cropped wp-block-gallery-1 is-layout-flex wp-block-gallery-is-layout-flex\">\n<figure class=\"wp-block-image size-large\"><img loading=\"lazy\" decoding=\"async\" width=\"1024\" height=\"691\" data-id=\"288764\" src=\"https:\/\/www.tucomarca.com\/wordpress\/segunda\/wp-content\/uploads\/2025\/12\/AsambleaBomberos2-1024x691.jpeg\" alt=\"\" class=\"wp-image-288764\" srcset=\"https:\/\/tucomarca.whitekongsoftware.com\/wp-content\/uploads\/2025\/12\/AsambleaBomberos2-1024x691.jpeg 1024w, https:\/\/tucomarca.whitekongsoftware.com\/wp-content\/uploads\/2025\/12\/AsambleaBomberos2-300x202.jpeg 300w, https:\/\/tucomarca.whitekongsoftware.com\/wp-content\/uploads\/2025\/12\/AsambleaBomberos2-768x518.jpeg 768w, https:\/\/tucomarca.whitekongsoftware.com\/wp-content\/uploads\/2025\/12\/AsambleaBomberos2.jpeg 1181w\" sizes=\"auto, (max-width: 1024px) 100vw, 1024px\" \/><\/figure>\n<\/figure>\n\n\n\n<p class=\"wp-block-paragraph\">El pressupost contempla diverses inversions que es tradu\u00efxen en importants infraestructures, de les quals Mascarell ha confirmat que \u201chem incl\u00f2s la redacci\u00f3 del projecte d&#8217;execuci\u00f3 de la nova Central i Centre de Comunicacions i Control (CCC) del Consorci a Burjassot, una infraestructura clau i estrat\u00e8gica per al nostre servici, i que ara entrar\u00e0 en una fase molt avan\u00e7ada de desenvolupament\u201d. El projecte inclou tamb\u00e9 el nou parc de bombers situat en esta localitat, i que substituir\u00e0 a l&#8217;antic.<\/p>\n\n\n\n<p class=\"wp-block-paragraph\">A m\u00e9s, en 2026 comen\u00e7aran les obres del nou parc d&#8217;Alzira, que comptar\u00e0 amb un altre empla\u00e7ament m\u00e9s adaptat a les necessitats operatives, aix\u00ed com amb un heliport de rescat permanent i una zona de pr\u00e0ctiques. El nou parc se situar\u00e0 en el Pol\u00edgon Industrial El Pla de la capital de la Ribera Alta i tindr\u00e0 una superf\u00edcie de quasi 15.000 m\u00b2; amb un pressupost de licitaci\u00f3 que aconseguix els 11,48 milions d&#8217;euros.<\/p>\n\n\n\n<p class=\"wp-block-paragraph\">Tamb\u00e9 est\u00e0 prevista la reforma integral del parc de Torrent que, constru\u00eft en 1990, ha d&#8217;adequar-se a les exig\u00e8ncies actuals, quant a reforma del bloc administratiu, dormitoris, interior de l&#8217;hangar i resta d&#8217;instal\u00b7lacions, reforma a la qual es destinaran 2,36 milions d&#8217;euros.<\/p>\n\n\n\n<p class=\"wp-block-paragraph\">Igualment, hi ha novetats respecte a les bases de brigades forestals, ja que les obres de la base d&#8217;Ademuz finalitzaran en 2026, convertint-se en la primera base pr\u00f2pia de les BRIFO en la hist\u00f2ria del Consoci, amb 1,5 milions d&#8217;euros. Una estrat\u00e8gia de prevenci\u00f3 d&#8217;incendis a la prov\u00edncia de Val\u00e8ncia que no es det\u00e9 ac\u00ed, ja que es projecten noves bases, a B\u00e9tera i a Montserrat, trobant-se les dos bases en fase de redacci\u00f3 de projecte.<\/p>\n\n\n\n<p class=\"wp-block-paragraph\">D&#8217;altra banda, en l&#8217;assemblea s&#8217;ha referendat tamb\u00e9 l&#8217;Acord de les Condicions de Treball del Personal Empleat p\u00fablic del Consorci, aix\u00ed com el Conveni Col\u00b7lectiu del seu personal laboral, acords aconseguits despr\u00e9s de mesos de treball, i que transformen les condicions dels dos grups, un equip hum\u00e0 de m\u00e9s de 1.300 persones.<\/p>\n\n\n\n<p class=\"wp-block-paragraph\">Quant als empleats p\u00fablics, l&#8217;acord aconseguit \u00e9s aplicable per al per\u00edode 2026-2029 i, entre altres millores, redefinix l&#8217;operativitat del servici, amplia les dotacions m\u00ednimes als parcs principals i incorpora millores en permisos, descansos i formaci\u00f3.<\/p>\n\n\n\n<p class=\"wp-block-paragraph\">Respecte a les condicions laborals de les brigades forestals, el nou conveni homogene\u00eftza les seues condicions i optimitza el servici prestat a la ciutadania. A m\u00e9s, el reconeixement dels membres de la Unitat de Brigades Forestals com a bombers forestals suposa un avan\u00e7 significatiu, en recon\u00e9ixer les seues funcions i permetre l&#8217;acc\u00e9s a la jubilaci\u00f3 anticipada.<\/p>\n\n\n\n<p class=\"wp-block-paragraph\">Pel que fa a la flota de vehicles, s&#8217;ha iniciat la tramitaci\u00f3 per a l&#8217;adquisici\u00f3 de 10 BUP \u2018s, que garantiran la disponibilitat de vehicles de substituci\u00f3 en cas d&#8217;avaria, a m\u00e9s de dos autoescales articulades de 42 metres per a facilitar l&#8217;acc\u00e9s segur a zones de dif\u00edcil abast. Per a este exercici est\u00e0 prevista tamb\u00e9 l&#8217;adquisici\u00f3 de 8 vehicles 4&#215;4 per a diferents departaments del Consorci i Direccions de parc, aix\u00ed com 4 vehicles tipus pick-up com a vehicles de substituci\u00f3 per a les brigades forestals, amb 698.000 euros.<\/p>\n\n\n\n<p class=\"wp-block-paragraph\">Quant a vestuari i EPIS, la consignaci\u00f3 destinada ascendix a un import de 1,43 milions d&#8217;euros que repercutir\u00e0 en un millor equipament per a tots els efectius.<\/p>\n\n\n\n<p class=\"wp-block-paragraph\">El pressupost inclou tamb\u00e9 l&#8217;arrendament de l&#8217;helic\u00f2pter, donant-li continu\u00eftat al complet servici de rescat que presta el Consorci a la prov\u00edncia de Val\u00e8ncia, a trav\u00e9s del seu Grup Especial de Rescat a Altura i de la citada aeronau, dotada de tripulaci\u00f3 i metge de bord. Un recurs clau tant en escenaris de busca i rescat en zones muntanyenques, com en situacions extremes com les viscudes durant la dana, i per al qual es destinaran 4,31 milions d&#8217;euros per als dos pr\u00f2xims anys.<\/p>\n","protected":false},"excerpt":{"rendered":"<div class=\"mh-excerpt\">Avelino Mascarell: \u201cEn esta legislatura hem aplicat un increment pressupostari acumulat del 15%, una mostra de la nostra ferma voluntat de comptar amb un Consorci a l&#8217;altura de la nostra prov\u00edncia\u201d. Entre altres infraestructures importants, <a class=\"mh-excerpt-more\" href=\"https:\/\/tucomarca.whitekongsoftware.com\/ca\/el-consorci-provincial-de-bombers-aprova-el-major-pressupost-de-la-seua-historia-amb-un-augment-del-7-per-a-2026\/\" title=\"El Consorci Provincial de Bombers aprova el major pressupost de la seua hist\u00f2ria amb un augment del 7% per a 2026\">[+] <\/a><\/div>\n","protected":false},"author":12,"featured_media":288763,"comment_status":"open","ping_status":"open","sticky":false,"template":"","format":"standard","meta":{"footnotes":""},"categories":[10889,10937,10892,21466,10898,10948,10894,10904,10902,10903,10947,10896,10897],"tags":[23607,12834,19637],"class_list":["post-288769","post","type-post","status-publish","format-standard","has-post-thumbnail","category-alzira-cat","category-betera-ca","category-camp-de-turia-ca","category-dana-ca","category-ventana-ca","category-infraestructuras-ca","category-la-comarca-ca","category-sin-categorizar-ca","category-la-ribera-ca","category-medio-ambiente-la-comarca-ca","category-politica","category-seccion-ca","category-sucesos-la-comarca-ca","tag-central-y-centro-de-comunicaciones-y-control-ca","tag-consorcio-provincial-de-bomberos-de-valencia-ca","tag-presupuesto-ca"],"_links":{"self":[{"href":"https:\/\/tucomarca.whitekongsoftware.com\/ca\/wp-json\/wp\/v2\/posts\/288769","targetHints":{"allow":["GET"]}}],"collection":[{"href":"https:\/\/tucomarca.whitekongsoftware.com\/ca\/wp-json\/wp\/v2\/posts"}],"about":[{"href":"https:\/\/tucomarca.whitekongsoftware.com\/ca\/wp-json\/wp\/v2\/types\/post"}],"author":[{"embeddable":true,"href":"https:\/\/tucomarca.whitekongsoftware.com\/ca\/wp-json\/wp\/v2\/users\/12"}],"replies":[{"embeddable":true,"href":"https:\/\/tucomarca.whitekongsoftware.com\/ca\/wp-json\/wp\/v2\/comments?post=288769"}],"version-history":[{"count":0,"href":"https:\/\/tucomarca.whitekongsoftware.com\/ca\/wp-json\/wp\/v2\/posts\/288769\/revisions"}],"wp:featuredmedia":[{"embeddable":true,"href":"https:\/\/tucomarca.whitekongsoftware.com\/ca\/wp-json\/wp\/v2\/media\/288763"}],"wp:attachment":[{"href":"https:\/\/tucomarca.whitekongsoftware.com\/ca\/wp-json\/wp\/v2\/media?parent=288769"}],"wp:term":[{"taxonomy":"category","embeddable":true,"href":"https:\/\/tucomarca.whitekongsoftware.com\/ca\/wp-json\/wp\/v2\/categories?post=288769"},{"taxonomy":"post_tag","embeddable":true,"href":"https:\/\/tucomarca.whitekongsoftware.com\/ca\/wp-json\/wp\/v2\/tags?post=288769"}],"curies":[{"name":"wp","href":"https:\/\/api.w.org\/{rel}","templated":true}]}}