{"id":288755,"date":"2025-12-23T12:30:00","date_gmt":"2025-12-23T11:30:00","guid":{"rendered":"https:\/\/www.tucomarca.com\/wordpress\/segunda\/?p=288755"},"modified":"2025-12-23T20:18:29","modified_gmt":"2025-12-23T19:18:29","slug":"la-generalitat-afronta-la-fase-final-de-la-reconstruccio-del-pont-de-la-lloma-a-loriguilla-amb-la-collocacio-de-les-bigues","status":"publish","type":"post","link":"https:\/\/tucomarca.whitekongsoftware.com\/ca\/la-generalitat-afronta-la-fase-final-de-la-reconstruccio-del-pont-de-la-lloma-a-loriguilla-amb-la-collocacio-de-les-bigues\/","title":{"rendered":"La Generalitat afronta la fase final de la reconstrucci\u00f3 del pont de La Lloma a Loriguilla amb la col\u00b7locaci\u00f3 de les bigues"},"content":{"rendered":"\n<h3 class=\"wp-block-heading\">La infraestructura comptar\u00e0 amb major calat i ampl\u00e0ria, amb dos carrils de circulaci\u00f3 i un pas per als vianants.<\/h3>\n\n\n\n<h3 class=\"wp-block-heading\">El conjunt d&#8217;actuacions executades en el municipi, incloses en el Pla Endavant, suposen una inversi\u00f3 de 3,5 milions d&#8217;euros.<\/h3>\n\n\n\n<p class=\"wp-block-paragraph\">La Vicepresid\u00e8ncia Tercera i Conselleria de Medi Ambient, Infraestructures, Territori i de la Recuperaci\u00f3 afronta la fase final de la reconstrucci\u00f3 del pont de La Lloma a Loriguilla amb la col\u00b7locaci\u00f3 de les bigues i l&#8217;objectiu de tindre&#8217;l llest a principis del pr\u00f2xim any.<\/p>\n\n\n\n<p class=\"wp-block-paragraph\">El pont permet la connexi\u00f3 entre el nucli urb\u00e0 i una zona on es concentra una part significativa dels terrenys agr\u00edcoles del municipi, per la qual cosa resulta clau per a la mobilitat local.<\/p>\n\n\n\n<p class=\"wp-block-paragraph\">Aquesta actuaci\u00f3 s&#8217;emmarca en el conjunt d&#8217;intervencions que la Generalitat desenvolupa a Loriguilla dins del Pla Endavant per a la recuperaci\u00f3 d&#8217;infraestructures i la restituci\u00f3 completa dels serveis i les comunicacions, amb un pressupost global per al municipi que aconsegueix els 3,5 milions d&#8217;euros.<\/p>\n\n\n\n<p class=\"wp-block-paragraph\">En la zona de Loriguilla, l&#8217;augment del cabal del Barranc del Pozalet i el seu posterior desbordament va provocar greus danys materials i la p\u00e8rdua d&#8217;infraestructures vi\u00e0ries, ferrovi\u00e0ries i de prevenci\u00f3 d&#8217;incendis i de subministraments essencials, incloent-hi electricitat i aigua potable.<\/p>\n\n\n\n<p class=\"wp-block-paragraph\">Aix\u00ed, a m\u00e9s de la reconstrucci\u00f3 del pont de La Lloma, s&#8217;ha dut a terme la rehabilitaci\u00f3 del pont de Renfe, que es va posar en servei el mes d&#8217;agost passat, i s&#8217;ha actuat sobre la barana de protecci\u00f3 del barranc, una vegada que l&#8217;Ajuntament de Loriguilla va cedir les compet\u00e8ncies a la Generalitat per a l&#8217;execuci\u00f3 dels treballs necessaris.<\/p>\n\n\n\n<p class=\"wp-block-paragraph\"><strong>Major calat i ampl\u00e0ria<\/strong><\/p>\n\n\n\n<p class=\"wp-block-paragraph\">El nou pont de La Lloma presenta un increment de la secci\u00f3 hidr\u00e0ulica, que passa d&#8217;un ample lliure de 9,40 metres a 13,70 metres, i assegura un calat de 2,85 metres en tota la secci\u00f3, enfront dels poc m\u00e9s de 2,50 metres que s&#8217;aconseguien anteriorment en alguns punts.<\/p>\n\n\n\n<p class=\"wp-block-paragraph\">A m\u00e9s, s&#8217;augmenta l&#8217;ample en un metre, la qual cosa permet disposar d&#8217;una cal\u00e7ada amb dos carrils de tres metres cadascun i un pas per als vianants lateral. D&#8217;aquesta manera, la reconstrucci\u00f3 es duu a terme amb criteris m\u00e9s segurs i resilients.<\/p>\n\n\n\n<p class=\"wp-block-paragraph\">Es tracta, per tant, d&#8217;una infraestructura m\u00e9s llarga i amb major capacitat hidr\u00e0ulica, en l\u00ednia amb les directrius del Pla Endavant, que aposta per augmentar la seguretat dels ponts sobre llits amb la finalitat d&#8217;enfortir la xarxa de transport enfront d&#8217;episodis d&#8217;inundaci\u00f3 i garantir la seguretat de les persones i la continu\u00eftat del servei davant situacions d&#8217;emerg\u00e8ncia.<\/p>\n\n\n\n<p class=\"wp-block-paragraph\">El disseny del pont s&#8217;ha coordinat amb la Confederaci\u00f3 Hidrogr\u00e0fica del X\u00faquer (CHJ) i l&#8217;Ajuntament, de manera que resulta compatible amb una futura ampliaci\u00f3 del llit del barranc prevista pel marge dret. En aquest sentit, l&#8217;estrep d&#8217;aquest marge s&#8217;ha definit i calculat per a funcionar actualment com a element de fi de l&#8217;estructura i, en el futur, assumir la funci\u00f3 de biga que permeta ampliar el pont mitjan\u00e7ant una nova obertura.<\/p>\n","protected":false},"excerpt":{"rendered":"<div class=\"mh-excerpt\">La infraestructura comptar\u00e0 amb major calat i ampl\u00e0ria, amb dos carrils de circulaci\u00f3 i un pas per als vianants. El conjunt d&#8217;actuacions executades en el municipi, incloses en el Pla Endavant, suposen una inversi\u00f3 de <a class=\"mh-excerpt-more\" href=\"https:\/\/tucomarca.whitekongsoftware.com\/ca\/la-generalitat-afronta-la-fase-final-de-la-reconstruccio-del-pont-de-la-lloma-a-loriguilla-amb-la-collocacio-de-les-bigues\/\" title=\"La Generalitat afronta la fase final de la reconstrucci\u00f3 del pont de La Lloma a Loriguilla amb la col\u00b7locaci\u00f3 de les bigues\">[+] <\/a><\/div>\n","protected":false},"author":12,"featured_media":288754,"comment_status":"open","ping_status":"open","sticky":false,"template":"","format":"standard","meta":{"footnotes":""},"categories":[10892,21466,10898,10948,10894,10904,10931,10903,10947,10896,10897],"tags":[10899,15409,11498,11431,12166],"class_list":["post-288755","post","type-post","status-publish","format-standard","has-post-thumbnail","category-camp-de-turia-ca","category-dana-ca","category-ventana-ca","category-infraestructuras-ca","category-la-comarca-ca","category-sin-categorizar-ca","category-loriguilla-ca","category-medio-ambiente-la-comarca-ca","category-politica","category-seccion-ca","category-sucesos-la-comarca-ca","tag-camp-de-turia-ca","tag-dana-2-ca","tag-generalitat-valenciana-ca","tag-loriguilla-ca","tag-medio-ambiente-ca"],"_links":{"self":[{"href":"https:\/\/tucomarca.whitekongsoftware.com\/ca\/wp-json\/wp\/v2\/posts\/288755","targetHints":{"allow":["GET"]}}],"collection":[{"href":"https:\/\/tucomarca.whitekongsoftware.com\/ca\/wp-json\/wp\/v2\/posts"}],"about":[{"href":"https:\/\/tucomarca.whitekongsoftware.com\/ca\/wp-json\/wp\/v2\/types\/post"}],"author":[{"embeddable":true,"href":"https:\/\/tucomarca.whitekongsoftware.com\/ca\/wp-json\/wp\/v2\/users\/12"}],"replies":[{"embeddable":true,"href":"https:\/\/tucomarca.whitekongsoftware.com\/ca\/wp-json\/wp\/v2\/comments?post=288755"}],"version-history":[{"count":0,"href":"https:\/\/tucomarca.whitekongsoftware.com\/ca\/wp-json\/wp\/v2\/posts\/288755\/revisions"}],"wp:featuredmedia":[{"embeddable":true,"href":"https:\/\/tucomarca.whitekongsoftware.com\/ca\/wp-json\/wp\/v2\/media\/288754"}],"wp:attachment":[{"href":"https:\/\/tucomarca.whitekongsoftware.com\/ca\/wp-json\/wp\/v2\/media?parent=288755"}],"wp:term":[{"taxonomy":"category","embeddable":true,"href":"https:\/\/tucomarca.whitekongsoftware.com\/ca\/wp-json\/wp\/v2\/categories?post=288755"},{"taxonomy":"post_tag","embeddable":true,"href":"https:\/\/tucomarca.whitekongsoftware.com\/ca\/wp-json\/wp\/v2\/tags?post=288755"}],"curies":[{"name":"wp","href":"https:\/\/api.w.org\/{rel}","templated":true}]}}