{"id":288746,"date":"2025-12-23T10:10:00","date_gmt":"2025-12-23T09:10:00","guid":{"rendered":"https:\/\/www.tucomarca.com\/wordpress\/segunda\/?p=288746"},"modified":"2025-12-23T20:32:48","modified_gmt":"2025-12-23T19:32:48","slug":"camarero-anuncia-la-construccio-de-mes-de-30-habitatges-industrialitzats-a-utiel-per-a-donar-solucio-a-persones-que-van-perdre-la-seua-llar-en-la-dana","status":"publish","type":"post","link":"https:\/\/tucomarca.whitekongsoftware.com\/ca\/camarero-anuncia-la-construccio-de-mes-de-30-habitatges-industrialitzats-a-utiel-per-a-donar-solucio-a-persones-que-van-perdre-la-seua-llar-en-la-dana\/","title":{"rendered":"Camarero anuncia la construcci\u00f3 de m\u00e9s de 30 habitatges industrialitzats a Utiel per a donar soluci\u00f3 a persones que van perdre la seua llar en la DANA"},"content":{"rendered":"\n<h3 class=\"wp-block-heading\">La nova licitaci\u00f3 d&#8217;Utiel es publicar\u00e0 en els pr\u00f2xims dies i se suma a les licitacions d&#8217;Albal i Torrent, a les quals la Generalitat destina una inversi\u00f3 total de m\u00e9s de 21,7 milions d&#8217;euros.<\/h3>\n\n\n\n<h3 class=\"wp-block-heading\">La vicepresidenta primera afirma que \u201cl&#8217;habitatge \u00e9s una prioritat per al Consell, amb especial atenci\u00f3 a la zona dana, i la modalitat industrialitzada permet donar solucions r\u00e0pides i segures\u201d.<\/h3>\n\n\n\n<p class=\"wp-block-paragraph\">La vicepresidenta primera i consellera d&#8217;Habitatge, Ocupaci\u00f3, Joventut i Igualtat, Susana Camarero, ha anunciat la pr\u00f2xima construcci\u00f3 d&#8217;aproximadament 35 habitatges de protecci\u00f3 p\u00fablica industrialitzades a Utiel per a donar soluci\u00f3 residencial a persones que van perdre la seua llar a causa de la DANA.<\/p>\n\n\n\n<p class=\"wp-block-paragraph\">Aix\u00ed ho ha comunicat en la seua visita hui a Utiel, on s&#8217;ha reunit amb l&#8217;alcalde d&#8217;aquesta localitat, Ricardo Gabald\u00f3n, i la corporaci\u00f3 municipal, al costat del secretari auton\u00f2mic d&#8217;Habitatge, Sebasti\u00e1n Fern\u00e1ndez, i el director general, Juan Antonio P\u00e9rez. Susana Camarero ha destacat que \u201caquests habitatges seran una realitat gr\u00e0cies a la implicaci\u00f3 de l&#8217;Ajuntament d&#8217;Utiel, que ha cedit un solar municipal per a construir habitatges de protecci\u00f3 p\u00fablica, dins del Pla de Reconstrucci\u00f3 Local-DANA\u201d.<\/p>\n\n\n\n<p class=\"wp-block-paragraph\">\u201cDes del minut un ens vam posar a la feina en els treballs de reconstrucci\u00f3 i l&#8217;habitatge \u00e9s una de les principals prioritats ja que \u00e9s un pilar fonamental per a la creaci\u00f3 d&#8217;oportunitats de futur\u201d, ha remarcat.<\/p>\n\n\n\n<p class=\"wp-block-paragraph\">La vicepresidenta ha assegurat que, \u201cal greu problema de la falta d&#8217;habitatge, se li suma un repte encara major com \u00e9s la reconstrucci\u00f3 de tot all\u00f2 que va ser destru\u00eft per la riuada\u201d, \u00e9s per aix\u00f2 que -ha continuat- \u201cla Generalitat ha buscat solucions r\u00e0pides i segures com l&#8217;habitatge industrialitzat que permetran agilitzar els terminis d&#8217;execuci\u00f3, millorar el control de la qualitat i garantir l&#8217;efici\u00e8ncia energ\u00e8tica per a donar oferta real i assequible\u201d.<\/p>\n\n\n\n<p class=\"wp-block-paragraph\">\u201cEn un Consell en el qual les persones s\u00f3n el primer\u201d, ha continuat dient, \u201cla construcci\u00f3 d&#8217;habitatges industrialitzats no \u00e9s una moda ni un capritx t\u00e8cnic, \u00e9s una transformaci\u00f3 profunda de com concebem la pol\u00edtica p\u00fablica d&#8217;habitatge per a fer-la m\u00e9s \u00e0gil, eficient i sostenible\u201d.<\/p>\n\n\n\n<p class=\"wp-block-paragraph\">Per a respondre a les exig\u00e8ncies actuals, Susana Camarero ha explicat com la Generalitat ha posat en marxa instruments ambiciosos com el Pla VIU, per a impulsar la construcci\u00f3 d&#8217;habitatge de protecci\u00f3 p\u00fablica en tota la Comunitat, i el Pla VIU Dana, un projecte per a construir cases industrialitzades en els municipis afectats per la riuada, que ha arrancat amb una fase inicial de 250 habitatges.<\/p>\n\n\n\n<figure class=\"wp-block-image size-large\"><img loading=\"lazy\" decoding=\"async\" width=\"1024\" height=\"576\" src=\"http:\/\/www.tucomarca.com\/wordpress\/segunda\/wp-content\/uploads\/2025\/12\/UtielCamarero2-1024x576.jpeg\" alt=\"\" class=\"wp-image-288734\" srcset=\"https:\/\/tucomarca.whitekongsoftware.com\/wp-content\/uploads\/2025\/12\/UtielCamarero2-1024x576.jpeg 1024w, https:\/\/tucomarca.whitekongsoftware.com\/wp-content\/uploads\/2025\/12\/UtielCamarero2-300x169.jpeg 300w, https:\/\/tucomarca.whitekongsoftware.com\/wp-content\/uploads\/2025\/12\/UtielCamarero2-768x432.jpeg 768w, https:\/\/tucomarca.whitekongsoftware.com\/wp-content\/uploads\/2025\/12\/UtielCamarero2-1536x864.jpeg 1536w, https:\/\/tucomarca.whitekongsoftware.com\/wp-content\/uploads\/2025\/12\/UtielCamarero2-678x381.jpeg 678w, https:\/\/tucomarca.whitekongsoftware.com\/wp-content\/uploads\/2025\/12\/UtielCamarero2.jpeg 1600w\" sizes=\"auto, (max-width: 1024px) 100vw, 1024px\" \/><\/figure>\n\n\n\n<p class=\"wp-block-paragraph\"><strong>Primers habitatges a Albal i Torrent<\/strong><\/p>\n\n\n\n<p class=\"wp-block-paragraph\">Camarero ha recordat que Albal i Torrent s\u00f3n els primers municipis en els quals la Generalitat va optar per l&#8217;habitatge industrialitzat per a atendre la necessitat residencial en les zones afectades per la dana, amb una inversi\u00f3 de 15 milions d&#8217;euros i un termini d&#8217;execuci\u00f3 de 12 mesos.<\/p>\n\n\n\n<p class=\"wp-block-paragraph\">Amb Utiel, es posa en marxa la tercera licitaci\u00f3 del primer plec a Espanya d&#8217;habitatge industrialitzat, amb una inversi\u00f3 total prevista en aquests tres municipis de 21,7 milions d&#8217;euros, finan\u00e7ats per la Generalitat.<\/p>\n\n\n\n<p class=\"wp-block-paragraph\">Els habitatges d&#8217;Utiel s&#8217;edificaran en una parcel\u00b7la amb una superf\u00edcie de 1.417 m\u00b2, situada entre els carrers Minglanilla, avinguda de Tejeda i avinguda de Moya. Els estudis t\u00e8cnics elaborats per l&#8217;Entitat Valenciana d&#8217;Habitatge i S\u00f2l (EVHA) preveuen la construcci\u00f3 d&#8217;aproximadament 35 habitatges. El pressupost de licitaci\u00f3 ascendeix a 6,7 milions d&#8217;euros d&#8217;euros i aquest dimarts s&#8217;inicia la licitaci\u00f3 per a, en els pr\u00f2xims dies, publicar-la en la Plataforma de Contractaci\u00f3 de l&#8217;Estat.<\/p>\n\n\n\n<p class=\"wp-block-paragraph\">La consellera d&#8217;Habitatge ha explicat que la Generalitat ha posat en marxa un conjunt de mesures en el marc de la situaci\u00f3 d&#8217;emerg\u00e8ncia amb la finalitat d&#8217;agilitzar les actuacions i procediments necessaris per a donar resposta a trav\u00e9s d&#8217;una recuperaci\u00f3 el m\u00e9s immediata i efica\u00e7 possible.<\/p>\n\n\n\n<p class=\"wp-block-paragraph\">\u201cEls moments d&#8217;urg\u00e8ncia ens fan explorar nous horitzons per a donar una resposta p\u00fablica i ac\u00ed entra la innovaci\u00f3 constructiva\u201d, ha declarat. Unes noves f\u00f3rmules de construcci\u00f3 que permeten reduir terminis d&#8217;execuci\u00f3, millorar el control de la qualitat i garantir l&#8217;efici\u00e8ncia energ\u00e8tica.<\/p>\n\n\n\n<p class=\"wp-block-paragraph\"><strong>Reclamaci\u00f3 de m\u00e9s fons per a habitatge<\/strong><\/p>\n\n\n\n<p class=\"wp-block-paragraph\">En la seua visita a Utiel, Camarero ha subratllat la necessitat d&#8217;augmentar els fons destinats a habitatge i ha recordat que des de la Conselleria estan reivindicant totes les opcions possibles. En concret, ha indicat que, \u201cdavant la negativa inicial del Govern d&#8217;Espanya al finan\u00e7ament amb 25 milions per a habitatges industrialitzats en municipis afectats per la riuada, hem presentat al Ministeri un pla especial de construcci\u00f3 d&#8217;uns 250 habitatges industrialitzades en municipis dana, sol\u00b7licitant autoritzaci\u00f3 per a la redistribuci\u00f3 dels fons europeus de la Comunitat per a poder destinar-los a habitatge\u201d.<\/p>\n\n\n\n<p class=\"wp-block-paragraph\">\u201cAix\u00f2 -ha dit- permetr\u00e0 destinar una reserva de Fons del Mecanisme de Recuperaci\u00f3 i Resili\u00e8ncia d&#8217;uns 14 milions d&#8217;euros a habitatge, mitjan\u00e7ant l&#8217;assignaci\u00f3 de fins a 50.000 euros per habitatge\u201d.<\/p>\n\n\n\n<p class=\"wp-block-paragraph\">Des de la Generalitat es considera necessari avan\u00e7ar en la l\u00ednia de la construcci\u00f3 industrialitzada d&#8217;habitatge de protecci\u00f3 p\u00fablica com l&#8217;opci\u00f3 m\u00e9s convenient donada la seua r\u00e0pida execuci\u00f3 i posada en \u00fas. Tant \u00e9s aix\u00ed que la previsi\u00f3 \u00e9s que en un termini d&#8217;uns 12 mesos s&#8217;executen els treballs de redacci\u00f3 de projectes, b\u00e0sic i d&#8217;execuci\u00f3, i l&#8217;execuci\u00f3 de les obres.<\/p>\n\n\n\n<p class=\"wp-block-paragraph\">L&#8217;adopci\u00f3 d&#8217;un model constructiu industrialitzat suposa un fet diferencial respecte als processos constructius tradicionals de les promocions d&#8217;habitatge de protecci\u00f3 p\u00fablica dutes a terme per la Generalitat. Per tant, les bases t\u00e8cniques de cada empla\u00e7ament deixen obert a les empreses de construcci\u00f3 industrialitzada, com a expertes en la mat\u00e8ria, la proposici\u00f3 del sistema constructiu m\u00e9s adequat i convenient.<\/p>\n","protected":false},"excerpt":{"rendered":"<div class=\"mh-excerpt\">La nova licitaci\u00f3 d&#8217;Utiel es publicar\u00e0 en els pr\u00f2xims dies i se suma a les licitacions d&#8217;Albal i Torrent, a les quals la Generalitat destina una inversi\u00f3 total de m\u00e9s de 21,7 milions d&#8217;euros. La <a class=\"mh-excerpt-more\" href=\"https:\/\/tucomarca.whitekongsoftware.com\/ca\/camarero-anuncia-la-construccio-de-mes-de-30-habitatges-industrialitzats-a-utiel-per-a-donar-solucio-a-persones-que-van-perdre-la-seua-llar-en-la-dana\/\" title=\"Camarero anuncia la construcci\u00f3 de m\u00e9s de 30 habitatges industrialitzats a Utiel per a donar soluci\u00f3 a persones que van perdre la seua llar en la DANA\">[+] <\/a><\/div>\n","protected":false},"author":1,"featured_media":288737,"comment_status":"open","ping_status":"open","sticky":false,"template":"","format":"standard","meta":{"footnotes":""},"categories":[21466,10898,10948,10894,10904,10903,10947,10909,10896,10897,11059],"tags":[15409,10910,11174],"class_list":["post-288746","post","type-post","status-publish","format-standard","has-post-thumbnail","category-dana-ca","category-ventana-ca","category-infraestructuras-ca","category-la-comarca-ca","category-sin-categorizar-ca","category-medio-ambiente-la-comarca-ca","category-politica","category-requena-utiel-ca","category-seccion-ca","category-sucesos-la-comarca-ca","category-utiel-ca","tag-dana-2-ca","tag-requena-utiel-ca","tag-utiel-ca"],"_links":{"self":[{"href":"https:\/\/tucomarca.whitekongsoftware.com\/ca\/wp-json\/wp\/v2\/posts\/288746","targetHints":{"allow":["GET"]}}],"collection":[{"href":"https:\/\/tucomarca.whitekongsoftware.com\/ca\/wp-json\/wp\/v2\/posts"}],"about":[{"href":"https:\/\/tucomarca.whitekongsoftware.com\/ca\/wp-json\/wp\/v2\/types\/post"}],"author":[{"embeddable":true,"href":"https:\/\/tucomarca.whitekongsoftware.com\/ca\/wp-json\/wp\/v2\/users\/1"}],"replies":[{"embeddable":true,"href":"https:\/\/tucomarca.whitekongsoftware.com\/ca\/wp-json\/wp\/v2\/comments?post=288746"}],"version-history":[{"count":0,"href":"https:\/\/tucomarca.whitekongsoftware.com\/ca\/wp-json\/wp\/v2\/posts\/288746\/revisions"}],"wp:featuredmedia":[{"embeddable":true,"href":"https:\/\/tucomarca.whitekongsoftware.com\/ca\/wp-json\/wp\/v2\/media\/288737"}],"wp:attachment":[{"href":"https:\/\/tucomarca.whitekongsoftware.com\/ca\/wp-json\/wp\/v2\/media?parent=288746"}],"wp:term":[{"taxonomy":"category","embeddable":true,"href":"https:\/\/tucomarca.whitekongsoftware.com\/ca\/wp-json\/wp\/v2\/categories?post=288746"},{"taxonomy":"post_tag","embeddable":true,"href":"https:\/\/tucomarca.whitekongsoftware.com\/ca\/wp-json\/wp\/v2\/tags?post=288746"}],"curies":[{"name":"wp","href":"https:\/\/api.w.org\/{rel}","templated":true}]}}