{"id":288554,"date":"2025-12-22T10:30:00","date_gmt":"2025-12-22T09:30:00","guid":{"rendered":"https:\/\/www.tucomarca.com\/wordpress\/segunda\/?p=288554"},"modified":"2025-12-22T13:16:27","modified_gmt":"2025-12-22T12:16:27","slug":"xest-inicia-les-obres-de-millora-en-el-poligon-pino-blay","status":"publish","type":"post","link":"https:\/\/tucomarca.whitekongsoftware.com\/ca\/xest-inicia-les-obres-de-millora-en-el-poligon-pino-blay\/","title":{"rendered":"Xest inicia les obres de millora en el Pol\u00edgon Pino Blay"},"content":{"rendered":"\n<h3 class=\"wp-block-heading\">S&#8217;instal\u00b7laran c\u00e0meres de seguretat, enjardinament de rotondes i punt de rec\u00e0rrega de vehicles el\u00e8ctrics.<\/h3>\n\n\n\n<p class=\"wp-block-paragraph\">L&#8217;Ajuntament de Xest anuncia l&#8217;inici d&#8217;un conjunt d&#8217;obres de gran envergadura dirigides a la millora integral, la modernitzaci\u00f3 i la dotaci\u00f3 de noves infraestructures en el Pol\u00edgon Industrial Pino Blay. Aquest projecte, l&#8217;execuci\u00f3 del qual ha arrancat recentment, representa una aposta estrat\u00e8gica per la seguretat, la sostenibilitat i la competitivitat del teixit productiu local.<\/p>\n\n\n\n<p class=\"wp-block-paragraph\">Les actuacions, que compten amb una subvenci\u00f3 de l&#8217;Institut Valenci\u00e0 de Competitivitat Empresarial (IVACE) per a l&#8217;exercici 2025\/2026, estan sent executades per l&#8217;empresa revogar Obres i Serveis S.L., amb un termini estimat d&#8217;execuci\u00f3 de quatre mesos i una inversi\u00f3 global que supera els 182.000 euros (IVA incl\u00f2s).<\/p>\n\n\n\n<p class=\"wp-block-paragraph\">L&#8217;alcalde de Xest,\u00a0Jose Morell, ha destacat la import\u00e0ncia d&#8217;aquesta intervenci\u00f3:\u00a0\u201c\u00c9s un pas per a modernitzar el nostre pol\u00edgon, fer-lo m\u00e9s atractiu per a la inversi\u00f3 i millorar el dia a dia dels qui s\u00f3n el motor econ\u00f2mic de Cheste.&#8221;<\/p>\n\n\n\n<p class=\"wp-block-paragraph\">El conjunt d&#8217;intervencions s&#8217;estructura entorn de diversos eixos fonamentals. Per a refor\u00e7ar la seguretat, es procedir\u00e0 a la instal\u00b7laci\u00f3 d&#8217;un sistema de videovigil\u00e0ncia connectat directament amb les depend\u00e8ncies policials, complementat amb l&#8217;obra civil necess\u00e0ria per a la instal\u00b7laci\u00f3 de fibra \u00f2ptica. Les cambres se situaran en punts clau com les entrades i eixides del pol\u00edgon i les principals rotondes.<\/p>\n\n\n\n<p class=\"wp-block-paragraph\">En mat\u00e8ria de sostenibilitat i mobilitat, el projecte inclou la creaci\u00f3 d&#8217;un punt de rec\u00e0rrega per a vehicles el\u00e8ctrics, situat al costat del tanatori, i la millora de l&#8217;efici\u00e8ncia energ\u00e8tica mitjan\u00e7ant la renovaci\u00f3 del quadre d&#8217;enllumenat de l&#8217;Avinguda Moscatell.<\/p>\n\n\n\n<p class=\"wp-block-paragraph\">La millora paisatg\u00edstica i de la senyalitzaci\u00f3 constitueix un altre pilar destacat. S&#8217;actuar\u00e0 en les tres rotondes de la zona oest del pol\u00edgon amb desbrossament, plantaci\u00f3 d&#8217;esp\u00e8cies vegetals i la instal\u00b7laci\u00f3 de reg. Aix\u00ed mateix, es renovar\u00e0 la senyalitzaci\u00f3 horitzontal i es completar\u00e0 la senyalitzaci\u00f3 vertical en tot el vial per a garantir una \u00f2ptima seguretat vi\u00e0ria.<\/p>\n\n\n\n<p class=\"wp-block-paragraph\">Finalment, s&#8217;abordar\u00e0 una millora en la infraestructura de sanejament mitjan\u00e7ant la renovaci\u00f3 del sistema separatiu d&#8217;aig\u00fces pluvials en la connexi\u00f3 amb el carrer Maestro Ram\u00f3n Codo\u00f1er del nucli urb\u00e0.<\/p>\n\n\n\n<p class=\"wp-block-paragraph\">Amb aquesta bateria de mesures, l&#8217;Ajuntament de Xest, com a entitat contractant, reafirma el seu comprom\u00eds amb la modernitzaci\u00f3 de les seues infraestructures industrials, facilitant un entorn m\u00e9s segur, accessible i preparat per als reptes del futur, en benefici de les empreses i treballadors del Pol\u00edgon Pino Blay.<\/p>\n","protected":false},"excerpt":{"rendered":"<div class=\"mh-excerpt\">S&#8217;instal\u00b7laran c\u00e0meres de seguretat, enjardinament de rotondes i punt de rec\u00e0rrega de vehicles el\u00e8ctrics. L&#8217;Ajuntament de Xest anuncia l&#8217;inici d&#8217;un conjunt d&#8217;obres de gran envergadura dirigides a la millora integral, la modernitzaci\u00f3 i la dotaci\u00f3 <a class=\"mh-excerpt-more\" href=\"https:\/\/tucomarca.whitekongsoftware.com\/ca\/xest-inicia-les-obres-de-millora-en-el-poligon-pino-blay\/\" title=\"Xest inicia les obres de millora en el Pol\u00edgon Pino Blay\">[+] <\/a><\/div>\n","protected":false},"author":12,"featured_media":288553,"comment_status":"open","ping_status":"open","sticky":false,"template":"","format":"standard","meta":{"footnotes":""},"categories":[10898,10948,10894,10912,10947,10896,10974],"tags":[11071,10914,15978],"class_list":["post-288554","post","type-post","status-publish","format-standard","has-post-thumbnail","category-ventana-ca","category-infraestructuras-ca","category-la-comarca-ca","category-la-hoya-ca","category-politica","category-seccion-ca","category-cheste-ca","tag-cheste","tag-la-hoya-de-bunol-chiva-ca","tag-poligono-pino-blay-ca"],"_links":{"self":[{"href":"https:\/\/tucomarca.whitekongsoftware.com\/ca\/wp-json\/wp\/v2\/posts\/288554","targetHints":{"allow":["GET"]}}],"collection":[{"href":"https:\/\/tucomarca.whitekongsoftware.com\/ca\/wp-json\/wp\/v2\/posts"}],"about":[{"href":"https:\/\/tucomarca.whitekongsoftware.com\/ca\/wp-json\/wp\/v2\/types\/post"}],"author":[{"embeddable":true,"href":"https:\/\/tucomarca.whitekongsoftware.com\/ca\/wp-json\/wp\/v2\/users\/12"}],"replies":[{"embeddable":true,"href":"https:\/\/tucomarca.whitekongsoftware.com\/ca\/wp-json\/wp\/v2\/comments?post=288554"}],"version-history":[{"count":0,"href":"https:\/\/tucomarca.whitekongsoftware.com\/ca\/wp-json\/wp\/v2\/posts\/288554\/revisions"}],"wp:featuredmedia":[{"embeddable":true,"href":"https:\/\/tucomarca.whitekongsoftware.com\/ca\/wp-json\/wp\/v2\/media\/288553"}],"wp:attachment":[{"href":"https:\/\/tucomarca.whitekongsoftware.com\/ca\/wp-json\/wp\/v2\/media?parent=288554"}],"wp:term":[{"taxonomy":"category","embeddable":true,"href":"https:\/\/tucomarca.whitekongsoftware.com\/ca\/wp-json\/wp\/v2\/categories?post=288554"},{"taxonomy":"post_tag","embeddable":true,"href":"https:\/\/tucomarca.whitekongsoftware.com\/ca\/wp-json\/wp\/v2\/tags?post=288554"}],"curies":[{"name":"wp","href":"https:\/\/api.w.org\/{rel}","templated":true}]}}