{"id":288539,"date":"2025-12-22T10:15:00","date_gmt":"2025-12-22T09:15:00","guid":{"rendered":"https:\/\/www.tucomarca.com\/wordpress\/segunda\/?p=288539"},"modified":"2025-12-22T13:19:25","modified_gmt":"2025-12-22T12:19:25","slug":"fotogaleria-la-societat-musical-la-paz-de-setaigues-plena-de-music-nadal-amb-el-seu-tradicional-concert","status":"publish","type":"post","link":"https:\/\/tucomarca.whitekongsoftware.com\/ca\/fotogaleria-la-societat-musical-la-paz-de-setaigues-plena-de-music-nadal-amb-el-seu-tradicional-concert\/","title":{"rendered":"Fotogaler\u00eda: la Societat Musical &#8220;La Paz&#8221; de Setaig\u00fces plena de m\u00fasic Nadal amb el seu tradicional concert"},"content":{"rendered":"\n<p class=\"wp-block-paragraph\">L&#8217;SM La Paz de Setaig\u00fces ha celebrat aquest cap de setmana el seu tradicional Concert de Nadal, omplint el municipi de m\u00fasica i ambient festiu amb motiu de l&#8217;arribada d&#8217;aquestes dates tan assenyalades. L&#8217;esdeveniment va reunir nombr\u00f3s p\u00fablic i va posar de manifest, una vegada m\u00e9s, l&#8217;alt nivell art\u00edstic i el comprom\u00eds cultural de la societat musical.<\/p>\n\n\n\n<p class=\"wp-block-paragraph\">Des de l&#8217;Ajuntament de Setaig\u00fces s&#8217;ha volgut agrair a la Societat Musical La Paz la seua dedicaci\u00f3 i l&#8217;esfor\u00e7 realitzat per a oferir un cap de setmana carregat de m\u00fasica i emocions, en el qual van participar la Banda Juvenil i la Banda Simf\u00f2nica, la Coral Santa Cecilia i l&#8217;alumnat de l&#8217;Escola de M\u00fasica.<\/p>\n\n\n\n<p class=\"wp-block-paragraph\">Aix\u00ed mateix, el consistori ha traslladat la seua enhorabona a tots els components per l&#8217;excel\u00b7lent treball desenvolupat i ha destacat que l&#8217;entitat afronta l&#8217;inici d&#8217;un any molt especial, marcat per la celebraci\u00f3 del seu 75\u00e9 aniversari, una efem\u00e8ride que reconeix una llarga traject\u00f2ria de promoci\u00f3 de la m\u00fasica i la cultura a Setaig\u00fces.<\/p>\n\n\n\n<figure class=\"wp-block-gallery has-nested-images columns-1 is-cropped wp-block-gallery-1 is-layout-flex wp-block-gallery-is-layout-flex\">\n<figure class=\"wp-block-image size-large\"><img loading=\"lazy\" decoding=\"async\" width=\"1024\" height=\"536\" data-id=\"288521\" src=\"https:\/\/www.tucomarca.com\/wordpress\/segunda\/wp-content\/uploads\/2025\/12\/ConciertoNavSieteAguas01-1024x536.jpg\" alt=\"\" class=\"wp-image-288521\" srcset=\"https:\/\/tucomarca.whitekongsoftware.com\/wp-content\/uploads\/2025\/12\/ConciertoNavSieteAguas01-1024x536.jpg 1024w, https:\/\/tucomarca.whitekongsoftware.com\/wp-content\/uploads\/2025\/12\/ConciertoNavSieteAguas01-300x157.jpg 300w, https:\/\/tucomarca.whitekongsoftware.com\/wp-content\/uploads\/2025\/12\/ConciertoNavSieteAguas01-768x402.jpg 768w, https:\/\/tucomarca.whitekongsoftware.com\/wp-content\/uploads\/2025\/12\/ConciertoNavSieteAguas01-1536x804.jpg 1536w, https:\/\/tucomarca.whitekongsoftware.com\/wp-content\/uploads\/2025\/12\/ConciertoNavSieteAguas01.jpg 1600w\" sizes=\"auto, (max-width: 1024px) 100vw, 1024px\" \/><\/figure>\n\n\n\n<figure class=\"wp-block-image size-large\"><img loading=\"lazy\" decoding=\"async\" width=\"1024\" height=\"537\" data-id=\"288536\" src=\"https:\/\/www.tucomarca.com\/wordpress\/segunda\/wp-content\/uploads\/2025\/12\/ConciertoNavSieteAguas02-1024x537.jpg\" alt=\"\" class=\"wp-image-288536\" srcset=\"https:\/\/tucomarca.whitekongsoftware.com\/wp-content\/uploads\/2025\/12\/ConciertoNavSieteAguas02-1024x537.jpg 1024w, https:\/\/tucomarca.whitekongsoftware.com\/wp-content\/uploads\/2025\/12\/ConciertoNavSieteAguas02-300x157.jpg 300w, https:\/\/tucomarca.whitekongsoftware.com\/wp-content\/uploads\/2025\/12\/ConciertoNavSieteAguas02-768x402.jpg 768w, https:\/\/tucomarca.whitekongsoftware.com\/wp-content\/uploads\/2025\/12\/ConciertoNavSieteAguas02-1536x805.jpg 1536w, https:\/\/tucomarca.whitekongsoftware.com\/wp-content\/uploads\/2025\/12\/ConciertoNavSieteAguas02.jpg 2048w\" sizes=\"auto, (max-width: 1024px) 100vw, 1024px\" \/><\/figure>\n\n\n\n<figure class=\"wp-block-image size-large\"><img loading=\"lazy\" decoding=\"async\" width=\"1024\" height=\"537\" data-id=\"288524\" src=\"https:\/\/www.tucomarca.com\/wordpress\/segunda\/wp-content\/uploads\/2025\/12\/ConciertoNavSieteAguas04-1024x537.jpg\" alt=\"\" class=\"wp-image-288524\" srcset=\"https:\/\/tucomarca.whitekongsoftware.com\/wp-content\/uploads\/2025\/12\/ConciertoNavSieteAguas04-1024x537.jpg 1024w, https:\/\/tucomarca.whitekongsoftware.com\/wp-content\/uploads\/2025\/12\/ConciertoNavSieteAguas04-300x157.jpg 300w, https:\/\/tucomarca.whitekongsoftware.com\/wp-content\/uploads\/2025\/12\/ConciertoNavSieteAguas04-768x403.jpg 768w, https:\/\/tucomarca.whitekongsoftware.com\/wp-content\/uploads\/2025\/12\/ConciertoNavSieteAguas04.jpg 1536w\" sizes=\"auto, (max-width: 1024px) 100vw, 1024px\" \/><\/figure>\n\n\n\n<figure class=\"wp-block-image size-large\"><img loading=\"lazy\" decoding=\"async\" width=\"1024\" height=\"537\" data-id=\"288530\" src=\"https:\/\/www.tucomarca.com\/wordpress\/segunda\/wp-content\/uploads\/2025\/12\/ConciertoNavSieteAguas05-1024x537.jpg\" alt=\"\" class=\"wp-image-288530\" srcset=\"https:\/\/tucomarca.whitekongsoftware.com\/wp-content\/uploads\/2025\/12\/ConciertoNavSieteAguas05-1024x537.jpg 1024w, https:\/\/tucomarca.whitekongsoftware.com\/wp-content\/uploads\/2025\/12\/ConciertoNavSieteAguas05-300x157.jpg 300w, https:\/\/tucomarca.whitekongsoftware.com\/wp-content\/uploads\/2025\/12\/ConciertoNavSieteAguas05-768x402.jpg 768w, https:\/\/tucomarca.whitekongsoftware.com\/wp-content\/uploads\/2025\/12\/ConciertoNavSieteAguas05-1536x805.jpg 1536w, https:\/\/tucomarca.whitekongsoftware.com\/wp-content\/uploads\/2025\/12\/ConciertoNavSieteAguas05.jpg 2048w\" sizes=\"auto, (max-width: 1024px) 100vw, 1024px\" \/><\/figure>\n\n\n\n<figure class=\"wp-block-image size-large\"><img loading=\"lazy\" decoding=\"async\" width=\"1024\" height=\"537\" data-id=\"288532\" src=\"https:\/\/www.tucomarca.com\/wordpress\/segunda\/wp-content\/uploads\/2025\/12\/ConciertoNavSieteAguas06-1024x537.jpg\" alt=\"\" class=\"wp-image-288532\" srcset=\"https:\/\/tucomarca.whitekongsoftware.com\/wp-content\/uploads\/2025\/12\/ConciertoNavSieteAguas06-1024x537.jpg 1024w, https:\/\/tucomarca.whitekongsoftware.com\/wp-content\/uploads\/2025\/12\/ConciertoNavSieteAguas06-300x157.jpg 300w, https:\/\/tucomarca.whitekongsoftware.com\/wp-content\/uploads\/2025\/12\/ConciertoNavSieteAguas06-768x402.jpg 768w, https:\/\/tucomarca.whitekongsoftware.com\/wp-content\/uploads\/2025\/12\/ConciertoNavSieteAguas06-1536x805.jpg 1536w, https:\/\/tucomarca.whitekongsoftware.com\/wp-content\/uploads\/2025\/12\/ConciertoNavSieteAguas06.jpg 2048w\" sizes=\"auto, (max-width: 1024px) 100vw, 1024px\" \/><\/figure>\n\n\n\n<figure class=\"wp-block-image size-large\"><img loading=\"lazy\" decoding=\"async\" width=\"1024\" height=\"683\" data-id=\"288526\" src=\"https:\/\/www.tucomarca.com\/wordpress\/segunda\/wp-content\/uploads\/2025\/12\/ConciertoNavSieteAguas07-1024x683.jpg\" alt=\"\" class=\"wp-image-288526\" srcset=\"https:\/\/tucomarca.whitekongsoftware.com\/wp-content\/uploads\/2025\/12\/ConciertoNavSieteAguas07-1024x683.jpg 1024w, https:\/\/tucomarca.whitekongsoftware.com\/wp-content\/uploads\/2025\/12\/ConciertoNavSieteAguas07-300x200.jpg 300w, https:\/\/tucomarca.whitekongsoftware.com\/wp-content\/uploads\/2025\/12\/ConciertoNavSieteAguas07-768x512.jpg 768w, https:\/\/tucomarca.whitekongsoftware.com\/wp-content\/uploads\/2025\/12\/ConciertoNavSieteAguas07-1536x1024.jpg 1536w, https:\/\/tucomarca.whitekongsoftware.com\/wp-content\/uploads\/2025\/12\/ConciertoNavSieteAguas07.jpg 2048w\" sizes=\"auto, (max-width: 1024px) 100vw, 1024px\" \/><\/figure>\n\n\n\n<figure class=\"wp-block-image size-large\"><img loading=\"lazy\" decoding=\"async\" width=\"1024\" height=\"537\" data-id=\"288534\" src=\"https:\/\/www.tucomarca.com\/wordpress\/segunda\/wp-content\/uploads\/2025\/12\/ConciertoNavSieteAguas08-1024x537.jpg\" alt=\"\" class=\"wp-image-288534\" srcset=\"https:\/\/tucomarca.whitekongsoftware.com\/wp-content\/uploads\/2025\/12\/ConciertoNavSieteAguas08-1024x537.jpg 1024w, https:\/\/tucomarca.whitekongsoftware.com\/wp-content\/uploads\/2025\/12\/ConciertoNavSieteAguas08-300x157.jpg 300w, https:\/\/tucomarca.whitekongsoftware.com\/wp-content\/uploads\/2025\/12\/ConciertoNavSieteAguas08-768x402.jpg 768w, https:\/\/tucomarca.whitekongsoftware.com\/wp-content\/uploads\/2025\/12\/ConciertoNavSieteAguas08-1536x805.jpg 1536w, https:\/\/tucomarca.whitekongsoftware.com\/wp-content\/uploads\/2025\/12\/ConciertoNavSieteAguas08.jpg 2048w\" sizes=\"auto, (max-width: 1024px) 100vw, 1024px\" \/><\/figure>\n\n\n\n<figure class=\"wp-block-image size-large\"><img loading=\"lazy\" decoding=\"async\" width=\"1024\" height=\"494\" data-id=\"288522\" src=\"https:\/\/www.tucomarca.com\/wordpress\/segunda\/wp-content\/uploads\/2025\/12\/ConciertoNavSieteAguas09-1024x494.jpg\" alt=\"\" class=\"wp-image-288522\" srcset=\"https:\/\/tucomarca.whitekongsoftware.com\/wp-content\/uploads\/2025\/12\/ConciertoNavSieteAguas09-1024x494.jpg 1024w, https:\/\/tucomarca.whitekongsoftware.com\/wp-content\/uploads\/2025\/12\/ConciertoNavSieteAguas09-300x145.jpg 300w, https:\/\/tucomarca.whitekongsoftware.com\/wp-content\/uploads\/2025\/12\/ConciertoNavSieteAguas09-768x371.jpg 768w, https:\/\/tucomarca.whitekongsoftware.com\/wp-content\/uploads\/2025\/12\/ConciertoNavSieteAguas09-1536x742.jpg 1536w, https:\/\/tucomarca.whitekongsoftware.com\/wp-content\/uploads\/2025\/12\/ConciertoNavSieteAguas09.jpg 1719w\" sizes=\"auto, (max-width: 1024px) 100vw, 1024px\" \/><\/figure>\n<\/figure>\n","protected":false},"excerpt":{"rendered":"<div class=\"mh-excerpt\">L&#8217;SM La Paz de Setaig\u00fces ha celebrat aquest cap de setmana el seu tradicional Concert de Nadal, omplint el municipi de m\u00fasica i ambient festiu amb motiu de l&#8217;arribada d&#8217;aquestes dates tan assenyalades. L&#8217;esdeveniment va <a class=\"mh-excerpt-more\" href=\"https:\/\/tucomarca.whitekongsoftware.com\/ca\/fotogaleria-la-societat-musical-la-paz-de-setaigues-plena-de-music-nadal-amb-el-seu-tradicional-concert\/\" title=\"Fotogaler\u00eda: la Societat Musical &#8220;La Paz&#8221; de Setaig\u00fces plena de m\u00fasic Nadal amb el seu tradicional concert\">[+] <\/a><\/div>\n","protected":false},"author":12,"featured_media":288529,"comment_status":"open","ping_status":"open","sticky":false,"template":"","format":"gallery","meta":{"footnotes":""},"categories":[11005,10894,10912,11004,11007,11008,10896,10979],"tags":[10914,11157,20470],"class_list":["post-288539","post","type-post","status-publish","format-gallery","has-post-thumbnail","category-canal-musica","category-la-comarca-ca","category-la-hoya-ca","category-la-semana-en-imagenes-ca","category-ocio-y-cultura-ca","category-pueblos-en-fiestas-ca","category-seccion-ca","category-siete-aguas-ca","tag-la-hoya-de-bunol-chiva-ca","tag-siete-aguas-ca","tag-sm-la-paz-de-siete-aguas-ca","post_format-post-format-gallery"],"_links":{"self":[{"href":"https:\/\/tucomarca.whitekongsoftware.com\/ca\/wp-json\/wp\/v2\/posts\/288539","targetHints":{"allow":["GET"]}}],"collection":[{"href":"https:\/\/tucomarca.whitekongsoftware.com\/ca\/wp-json\/wp\/v2\/posts"}],"about":[{"href":"https:\/\/tucomarca.whitekongsoftware.com\/ca\/wp-json\/wp\/v2\/types\/post"}],"author":[{"embeddable":true,"href":"https:\/\/tucomarca.whitekongsoftware.com\/ca\/wp-json\/wp\/v2\/users\/12"}],"replies":[{"embeddable":true,"href":"https:\/\/tucomarca.whitekongsoftware.com\/ca\/wp-json\/wp\/v2\/comments?post=288539"}],"version-history":[{"count":0,"href":"https:\/\/tucomarca.whitekongsoftware.com\/ca\/wp-json\/wp\/v2\/posts\/288539\/revisions"}],"wp:featuredmedia":[{"embeddable":true,"href":"https:\/\/tucomarca.whitekongsoftware.com\/ca\/wp-json\/wp\/v2\/media\/288529"}],"wp:attachment":[{"href":"https:\/\/tucomarca.whitekongsoftware.com\/ca\/wp-json\/wp\/v2\/media?parent=288539"}],"wp:term":[{"taxonomy":"category","embeddable":true,"href":"https:\/\/tucomarca.whitekongsoftware.com\/ca\/wp-json\/wp\/v2\/categories?post=288539"},{"taxonomy":"post_tag","embeddable":true,"href":"https:\/\/tucomarca.whitekongsoftware.com\/ca\/wp-json\/wp\/v2\/tags?post=288539"}],"curies":[{"name":"wp","href":"https:\/\/api.w.org\/{rel}","templated":true}]}}