{"id":288424,"date":"2025-12-19T12:00:00","date_gmt":"2025-12-19T11:00:00","guid":{"rendered":"https:\/\/www.tucomarca.com\/wordpress\/segunda\/?p=288424"},"modified":"2025-12-19T19:48:34","modified_gmt":"2025-12-19T18:48:34","slug":"el-consell-amplia-fins-al-28-de-febrer-el-termini-per-a-la-baixa-definitiva-dels-vehicles-sinistrats-objecte-de-les-ajudes-urgents-per-la-riuada","status":"publish","type":"post","link":"https:\/\/tucomarca.whitekongsoftware.com\/ca\/el-consell-amplia-fins-al-28-de-febrer-el-termini-per-a-la-baixa-definitiva-dels-vehicles-sinistrats-objecte-de-les-ajudes-urgents-per-la-riuada\/","title":{"rendered":"El Consell amplia fins al 28 de febrer el termini per a la baixa definitiva dels vehicles sinistrats objecte de les ajudes urgents per la riuada"},"content":{"rendered":"\n<h3 class=\"wp-block-heading\">Es justifica per l&#8217;enorme quantitat de vehicles sinistrats i a l&#8217;exist\u00e8ncia de vehicles que continuen desapareguts.<\/h3>\n\n\n\n<h3 class=\"wp-block-heading\">El Reial decret llei 12\/2025 estableix que els vehicles retirats i depositats que han sigut peritados pel Consorci d&#8217;Assegurances i declarats com a p\u00e8rdua en baixa temporal passen a situaci\u00f3 de baixa definitiva.<\/h3>\n\n\n\n<p class=\"wp-block-paragraph\">El Consell ha aprovat el decret pel qual s&#8217;amplia el termini per a l&#8217;obtenci\u00f3 de la baixa definitiva dels vehicles sinistrats objecte de les ajudes concedides a l&#8217;empara dels decrets 5\/2025 i 83\/2025 del Consell, de concessi\u00f3 directa d&#8217;ajudes urgents per a reparar les conseq\u00fc\u00e8ncies econ\u00f2miques derivades de la destrucci\u00f3 de vehicles sinistrats durant el temporal de vent i pluges del 29 d&#8217;octubre de 2024 en la Comunitat Valenciana.<\/p>\n\n\n\n<p class=\"wp-block-paragraph\">Un dels requisits principals de la normativa d&#8217;aquestes ajudes era donar de baixa definitiva el vehicle sinistrat en el registre de vehicles de la Direcci\u00f3 General de Tr\u00e0nsit abans del 31 de desembre de 2025. Amb aquesta modificaci\u00f3 s&#8217;amplia aquest termini fins al 28 de febrer de 2026, amb l&#8217;objectiu de facilitar que les persones benefici\u00e0ries puguen complir amb aquest requisit.<\/p>\n\n\n\n<p class=\"wp-block-paragraph\">L&#8217;ampliaci\u00f3 es justifica per l&#8217;enorme quantitat de vehicles sinistrats, l&#8217;exist\u00e8ncia de vehicles que continuen desapareguts i al fet que la baixa definitiva de molts d&#8217;ells no s&#8217;ha pogut tramitar fins a l&#8217;aprovaci\u00f3 del Reial decret llei 12\/2025 pel qual s&#8217;adopten mesures urgents de reactivaci\u00f3, refor\u00e7 i prevenci\u00f3 en el marc del Pla de resposta immediata, reconstrucci\u00f3 i rellan\u00e7ament enfront dels danys causats per la dana.<\/p>\n\n\n\n<p class=\"wp-block-paragraph\">En aquesta norma s&#8217;estableix un procediment pel qual els vehicles retirats i depositats que hagen sigut peritados pel Consorci de Compensaci\u00f3 d&#8217;Assegurances i declarats p\u00e8rdua total o parcial i es troben en situaci\u00f3 de baixa temporal passen, de manera autom\u00e0tica i excepcional, a la situaci\u00f3 de baixa definitiva.<\/p>\n\n\n\n<p class=\"wp-block-paragraph\">Aix\u00ed mateix, s&#8217;arreplega un procediment excepcional pel qual es procedir\u00e0 a la baixa definitiva en el Registre de Vehicles de l&#8217;Organisme Aut\u00f2nom Direcci\u00f3 Central de Tr\u00e0nsit d&#8217;aquells vehicles matriculats els titulars dels quals ho sol\u00b7liciten i presenten declaraci\u00f3 responsable acreditant que el vehicle ha sigut afectat per la inundaci\u00f3 i que roman en situaci\u00f3 de no localitzat.<\/p>\n","protected":false},"excerpt":{"rendered":"<div class=\"mh-excerpt\">Es justifica per l&#8217;enorme quantitat de vehicles sinistrats i a l&#8217;exist\u00e8ncia de vehicles que continuen desapareguts. El Reial decret llei 12\/2025 estableix que els vehicles retirats i depositats que han sigut peritados pel Consorci d&#8217;Assegurances <a class=\"mh-excerpt-more\" href=\"https:\/\/tucomarca.whitekongsoftware.com\/ca\/el-consell-amplia-fins-al-28-de-febrer-el-termini-per-a-la-baixa-definitiva-dels-vehicles-sinistrats-objecte-de-les-ajudes-urgents-per-la-riuada\/\" title=\"El Consell amplia fins al 28 de febrer el termini per a la baixa definitiva dels vehicles sinistrats objecte de les ajudes urgents per la riuada\">[+] <\/a><\/div>\n","protected":false},"author":12,"featured_media":267757,"comment_status":"open","ping_status":"open","sticky":false,"template":"","format":"standard","meta":{"footnotes":""},"categories":[21466,10898,10948,10894,10904,10903,10947,10896,10897],"tags":[21788,15409,11498,15325,23584],"class_list":["post-288424","post","type-post","status-publish","format-standard","has-post-thumbnail","category-dana-ca","category-ventana-ca","category-infraestructuras-ca","category-la-comarca-ca","category-sin-categorizar-ca","category-medio-ambiente-la-comarca-ca","category-politica","category-seccion-ca","category-sucesos-la-comarca-ca","tag-ayudas-dana-ca","tag-dana-2-ca","tag-generalitat-valenciana-ca","tag-gva-ca","tag-vehiculos-siniestrados-ca"],"_links":{"self":[{"href":"https:\/\/tucomarca.whitekongsoftware.com\/ca\/wp-json\/wp\/v2\/posts\/288424","targetHints":{"allow":["GET"]}}],"collection":[{"href":"https:\/\/tucomarca.whitekongsoftware.com\/ca\/wp-json\/wp\/v2\/posts"}],"about":[{"href":"https:\/\/tucomarca.whitekongsoftware.com\/ca\/wp-json\/wp\/v2\/types\/post"}],"author":[{"embeddable":true,"href":"https:\/\/tucomarca.whitekongsoftware.com\/ca\/wp-json\/wp\/v2\/users\/12"}],"replies":[{"embeddable":true,"href":"https:\/\/tucomarca.whitekongsoftware.com\/ca\/wp-json\/wp\/v2\/comments?post=288424"}],"version-history":[{"count":0,"href":"https:\/\/tucomarca.whitekongsoftware.com\/ca\/wp-json\/wp\/v2\/posts\/288424\/revisions"}],"wp:featuredmedia":[{"embeddable":true,"href":"https:\/\/tucomarca.whitekongsoftware.com\/ca\/wp-json\/wp\/v2\/media\/267757"}],"wp:attachment":[{"href":"https:\/\/tucomarca.whitekongsoftware.com\/ca\/wp-json\/wp\/v2\/media?parent=288424"}],"wp:term":[{"taxonomy":"category","embeddable":true,"href":"https:\/\/tucomarca.whitekongsoftware.com\/ca\/wp-json\/wp\/v2\/categories?post=288424"},{"taxonomy":"post_tag","embeddable":true,"href":"https:\/\/tucomarca.whitekongsoftware.com\/ca\/wp-json\/wp\/v2\/tags?post=288424"}],"curies":[{"name":"wp","href":"https:\/\/api.w.org\/{rel}","templated":true}]}}