{"id":288419,"date":"2025-12-19T11:30:00","date_gmt":"2025-12-19T10:30:00","guid":{"rendered":"https:\/\/www.tucomarca.com\/wordpress\/segunda\/?p=288419"},"modified":"2025-12-19T19:24:33","modified_gmt":"2025-12-19T18:24:33","slug":"el-consell-aprova-el-decret-llei-de-mesures-preventives-per-a-combatre-la-pesta-porcina-africana-i-la-sobrepoblacio-de-senglars-en-542-municipis","status":"publish","type":"post","link":"https:\/\/tucomarca.whitekongsoftware.com\/ca\/el-consell-aprova-el-decret-llei-de-mesures-preventives-per-a-combatre-la-pesta-porcina-africana-i-la-sobrepoblacio-de-senglars-en-542-municipis\/","title":{"rendered":"El Consell aprova el decret llei de mesures preventives per a combatre la pesta porcina africana i la sobrepoblaci\u00f3 de senglars en 542 municipis"},"content":{"rendered":"\n<h3 class=\"wp-block-heading\">El decret llei articula ajudes directes als titulars de vedats de ca\u00e7a, els qui rebran una aportaci\u00f3 de 40 euros per cada exemplar ca\u00e7at i retirat del medi natural.<\/h3>\n\n\n\n<p class=\"wp-block-paragraph\">El Consell ha aprovat el decret llei de mesures extraordin\u00e0ries i preventives per a combatre la pesta porcina africana i la sobrepoblaci\u00f3 de senglars en 542 municipis, la qual cosa suposa el conjunt de la Comunitat Valenciana.<\/p>\n\n\n\n<p class=\"wp-block-paragraph\">La setmana passada, el Consell va ratificar l&#8217;informe previ de mesures com a pas necessari per a l&#8217;aprovaci\u00f3 del decret llei, dotat amb un pressupost de 6 milions d&#8217;euros. D&#8217;aquest import 2.000.000 euros s\u00f3n per a ajudes al foment de la ca\u00e7a de senglar i la seua retirada efectiva del medi natural i 4.000.000 per a finan\u00e7ar el servei de control poblacional complementari i la posada en marxa de la Unitat Log\u00edstica.<\/p>\n\n\n\n<p class=\"wp-block-paragraph\">L&#8217;objectiu \u00e9s reduir la poblaci\u00f3 de senglars, considerats un vector de risc en la transmissi\u00f3 de la malaltia, la qual cosa fa necessari intensificar les actuacions de control en \u00e0mplies zones del territori. La pesta porcina africana no afecta a les persones, per\u00f2 podria tindre greus conseq\u00fc\u00e8ncies econ\u00f2miques i productives per al sector ramader.<\/p>\n\n\n\n<p class=\"wp-block-paragraph\">En aquest sentit, la Llei 13\/2004 estableix que els titulars d&#8217;espais cineg\u00e8tics (principalment societats i clubs de ca\u00e7adors, entitats privades i ajuntaments que gestionen m\u00e9s del 80% del territori valenci\u00e0 susceptible d&#8217;albergar poblacions de senglar) s\u00f3n els responsables de la gesti\u00f3 de les esp\u00e8cies en els seus delimitats. Aix\u00ed mateix, el deure de compliment dels plans t\u00e8cnics d&#8217;ordenaci\u00f3 cineg\u00e8tica recau sobre aquests titulars, els qui ostenten la capacitat jur\u00eddica i operativa per a organitzar l&#8217;activitat cineg\u00e8tica.<\/p>\n\n\n\n<p class=\"wp-block-paragraph\">D&#8217;altra banda, el 20% restant del territori no es troba sota la gesti\u00f3 de cap titular. At\u00e9s que la necessitat d&#8217;actuar en aquestes \u00e0rees \u00e9s tan priorit\u00e0ria com en la resta del territori, la Generalitat ha de destinar recursos espec\u00edfics que permeten controlar la poblaci\u00f3 de senglar mitjan\u00e7ant els mitjans adequats i donar suport a la gesti\u00f3 realitzada pels titulars dels espais cineg\u00e8tics i pels adjudicataris de zones de ca\u00e7a controlada, facilitant la retirada dels senglars capturats, ja que, en un eventual brot de PPA, aquests podrien contribuir a la seua dispersi\u00f3.<\/p>\n\n\n\n<p class=\"wp-block-paragraph\">Per a aix\u00f2, el decret llei preveu un servei de control de fauna i una unitat log\u00edstica per a la recollida i destrucci\u00f3 de cad\u00e0vers, coordinaci\u00f3 de totes les actuacions i el seu monitoratge de l&#8217;evoluci\u00f3 de les poblacions de senglar.<\/p>\n\n\n\n<p class=\"wp-block-paragraph\">Mitjan\u00e7ant el decret, s&#8217;articulen ajudes directes als titulars de vedats de ca\u00e7a, els qui rebran una aportaci\u00f3 de 40 euros per cada exemplar ca\u00e7at i retirat del medi natural. Generaran el dret al cobrament els exemplars que siguen abatuts entre l&#8217;1 de gener de 2026 i el 15 de setembre de 2026 i justificats per la Unitat Log\u00edstica en el mateix per\u00edode. En concret, s&#8217;actuar\u00e0 en 353 vedats i zones de ca\u00e7a de la prov\u00edncia d&#8217;Alacant, en 209 de Castell\u00f3 i en 438 de Val\u00e8ncia.<\/p>\n\n\n\n<p class=\"wp-block-paragraph\">Enc\u00e0rrec a VAERSA<\/p>\n\n\n\n<p class=\"wp-block-paragraph\">El decret tamb\u00e9 incorpora un enc\u00e0rrec d&#8217;emerg\u00e8ncia a l&#8217;empresa p\u00fablica VAERSA, que habilitar\u00e0, a partir de gener, un servei espec\u00edfic de recollida d&#8217;animals ca\u00e7ats i posar\u00e0 en marxa un dispositiu de parany destinat a instal\u00b7lar caixes parany en aquells punts on l&#8217;activitat cineg\u00e8tica no resulte una soluci\u00f3 satisfact\u00f2ria. Aquest refor\u00e7 permetr\u00e0 actuar en zones de seguretat i terrenys no concordes garantint una actuaci\u00f3 integral i eficient.<\/p>\n\n\n\n<p class=\"wp-block-paragraph\">D&#8217;aquesta manera, mitjan\u00e7ant una coordinaci\u00f3 estreta entre departaments i en col\u00b7laboraci\u00f3 amb els equips t\u00e8cnics especialitzats, la Generalitat ha analitzat diversos escenaris de ca\u00e7a esportiva i control de senglar, seleccionant aquell que abasta un major nombre de municipis i explotacions porcines, centrant-se en les zones de major vulnerabilitat.<\/p>\n\n\n\n<p class=\"wp-block-paragraph\">El pla estableix com a zones priorit\u00e0ries els corredors viaris de risc l&#8217;A-7, AP-7, N-232, A-3, A-23, CV-35 i CV-10, on la pres\u00e8ncia de fauna silvestre implica una especial atenci\u00f3 preventiva. A m\u00e9s, la iniciativa permetr\u00e0 avan\u00e7ar en l&#8217;actualitzaci\u00f3 i harmonitzaci\u00f3 dels protocols de vigil\u00e0ncia passiva, amb la finalitat de disposar d&#8217;informaci\u00f3 m\u00e9s s\u00f2lida i aplicar criteris homogenis en tota la Comunitat Valenciana.<\/p>\n\n\n\n<p class=\"wp-block-paragraph\">Amb aquesta iniciativa, la Generalitat avan\u00e7a en una estrat\u00e8gia preventiva i coordinada que busca anticipar-se a possibles escenaris de risc, protegir el sector porc\u00ed valenci\u00e0 i donar resposta a una problem\u00e0tica creixent vinculada a la sobrepoblaci\u00f3 de fauna silvestre en nombrosos municipis.<\/p>\n\n\n\n<p class=\"wp-block-paragraph\"><\/p>\n","protected":false},"excerpt":{"rendered":"<div class=\"mh-excerpt\">El decret llei articula ajudes directes als titulars de vedats de ca\u00e7a, els qui rebran una aportaci\u00f3 de 40 euros per cada exemplar ca\u00e7at i retirat del medi natural. El Consell ha aprovat el decret <a class=\"mh-excerpt-more\" href=\"https:\/\/tucomarca.whitekongsoftware.com\/ca\/el-consell-aprova-el-decret-llei-de-mesures-preventives-per-a-combatre-la-pesta-porcina-africana-i-la-sobrepoblacio-de-senglars-en-542-municipis\/\" title=\"El Consell aprova el decret llei de mesures preventives per a combatre la pesta porcina africana i la sobrepoblaci\u00f3 de senglars en 542 municipis\">[+] <\/a><\/div>\n","protected":false},"author":12,"featured_media":114128,"comment_status":"open","ping_status":"open","sticky":false,"template":"","format":"standard","meta":{"footnotes":""},"categories":[10898,10948,10894,10904,10903,10947,10896,10897],"tags":[11498,19439,23487],"class_list":["post-288419","post","type-post","status-publish","format-standard","has-post-thumbnail","category-ventana-ca","category-infraestructuras-ca","category-la-comarca-ca","category-sin-categorizar-ca","category-medio-ambiente-la-comarca-ca","category-politica","category-seccion-ca","category-sucesos-la-comarca-ca","tag-generalitat-valenciana-ca","tag-jabalies-ca","tag-peste-porcina-ca"],"_links":{"self":[{"href":"https:\/\/tucomarca.whitekongsoftware.com\/ca\/wp-json\/wp\/v2\/posts\/288419","targetHints":{"allow":["GET"]}}],"collection":[{"href":"https:\/\/tucomarca.whitekongsoftware.com\/ca\/wp-json\/wp\/v2\/posts"}],"about":[{"href":"https:\/\/tucomarca.whitekongsoftware.com\/ca\/wp-json\/wp\/v2\/types\/post"}],"author":[{"embeddable":true,"href":"https:\/\/tucomarca.whitekongsoftware.com\/ca\/wp-json\/wp\/v2\/users\/12"}],"replies":[{"embeddable":true,"href":"https:\/\/tucomarca.whitekongsoftware.com\/ca\/wp-json\/wp\/v2\/comments?post=288419"}],"version-history":[{"count":0,"href":"https:\/\/tucomarca.whitekongsoftware.com\/ca\/wp-json\/wp\/v2\/posts\/288419\/revisions"}],"wp:featuredmedia":[{"embeddable":true,"href":"https:\/\/tucomarca.whitekongsoftware.com\/ca\/wp-json\/wp\/v2\/media\/114128"}],"wp:attachment":[{"href":"https:\/\/tucomarca.whitekongsoftware.com\/ca\/wp-json\/wp\/v2\/media?parent=288419"}],"wp:term":[{"taxonomy":"category","embeddable":true,"href":"https:\/\/tucomarca.whitekongsoftware.com\/ca\/wp-json\/wp\/v2\/categories?post=288419"},{"taxonomy":"post_tag","embeddable":true,"href":"https:\/\/tucomarca.whitekongsoftware.com\/ca\/wp-json\/wp\/v2\/tags?post=288419"}],"curies":[{"name":"wp","href":"https:\/\/api.w.org\/{rel}","templated":true}]}}