{"id":288401,"date":"2025-12-19T11:45:00","date_gmt":"2025-12-19T10:45:00","guid":{"rendered":"https:\/\/www.tucomarca.com\/wordpress\/segunda\/?p=288401"},"modified":"2025-12-19T19:38:57","modified_gmt":"2025-12-19T18:38:57","slug":"el-servei-per-tren-de-la-linia-c3-de-rodalia-de-renfe-es-repren-aquest-dilluns-fins-a-bunyol-encara-que-utiel-haura-desperar","status":"publish","type":"post","link":"https:\/\/tucomarca.whitekongsoftware.com\/ca\/el-servei-per-tren-de-la-linia-c3-de-rodalia-de-renfe-es-repren-aquest-dilluns-fins-a-bunyol-encara-que-utiel-haura-desperar\/","title":{"rendered":"El servei per tren de la l\u00ednia C3 de Rodalia de Renfe es repr\u00e9n aquest dilluns fins a Bunyol mentre que fins a Utiel encara haur\u00e0 d&#8217;esperar"},"content":{"rendered":"\n<h3 class=\"wp-block-heading\">A partir del pr\u00f2xim dilluns 22 de desembre, el servei per ferrocarril es prolongar\u00e0 fins a l&#8217;estaci\u00f3 de Bunyol, encara que Utiel haur\u00e0 d&#8217;esperar.<\/h3>\n\n\n\n<p class=\"wp-block-paragraph\">El servei ferroviari de la l\u00ednia C3 de Rodalia Val\u00e8ncia recuperar\u00e0 dilluns que ve 22 de desembre el tram compr\u00e9s entre Loriguilla i Bunyol, despr\u00e9s de finalitzar els treballs de reconstrucci\u00f3 de la infraestructura danyada per la dana. L&#8217;actuaci\u00f3 ha sigut executada per Adif i ha comptat amb una inversi\u00f3 de 120 milions d&#8217;euros per part del Ministeri de Transports.<\/p>\n\n\n\n<p class=\"wp-block-paragraph\">Amb la reobertura d&#8217;aquest tram, Renfe posar\u00e0 en circulaci\u00f3 26 trens diaris, 13 per cada sentit, entre Val\u00e8ncia Font de Sant Llu\u00eds i Bunyol, amb parades interm\u00e8dies a Val\u00e8ncia Sant Isidre, Xirivella-Alqueries, Aldaia, Loriguilla, baixador del Circuit Ricardo Tormo, Xest, Xiva i Bunyol, d&#8217;acord amb els horaris establits.<\/p>\n\n\n\n<p class=\"wp-block-paragraph\">Per als usuaris de la l\u00ednia C3 que tinguen com a destinaci\u00f3 final l&#8217;Estaci\u00f3 del Nord, es mant\u00e9 la possibilitat de realitzar transbord a un tren de la l\u00ednia C6 en Font de Sant Llu\u00eds. Aix\u00ed mateix, una altra alternativa per a accedir al centre de Val\u00e8ncia \u00e9s l&#8217;enlla\u00e7 amb Metrovalencia en l&#8217;estaci\u00f3 de Val\u00e8ncia Sant Isidre.<\/p>\n\n\n\n<p class=\"wp-block-paragraph\">La recuperaci\u00f3 d&#8217;aquest tram forma part de l&#8217;ambici\u00f3s pla de reconstrucci\u00f3 de la xarxa ferrovi\u00e0ria despr\u00e9s dels greus danys ocasionats per les riuades. Nom\u00e9s en la l\u00ednia C3 del nucli de Rodalia de Val\u00e8ncia, la inversi\u00f3 destinada per Adif ascendeix a 120 milions d&#8217;euros. No obstant aix\u00f2, el tr\u00e0nsit ferroviari entre Bunyol i Utiel, un tram d&#8217;aproximadament 46 quil\u00f2metres, continua interromput per a avan\u00e7ar en les obres de renovaci\u00f3 integral i modernitzaci\u00f3 de la infraestructura i les instal\u00b7lacions, amb una inversi\u00f3 addicional que supera els 100 milions d&#8217;euros.<\/p>\n\n\n\n<p class=\"wp-block-paragraph\">Entre les actuacions m\u00e9s complexes destaquen la reconstrucci\u00f3 dels viaductes de Barranco Grande, Xest 1 i Xest 2, les estructures originals dels quals, de 55, 100 i 76 metres respectivament, van resultar greument danyades o van desapar\u00e9ixer despr\u00e9s del pas de les aig\u00fces. Les noves infraestructures presenten majors longituds i obertures m\u00e9s \u00e0mplies, adaptant-se a les noves condicions hidr\u00e0uliques del llit: el viaducte de Barranco Grande aconsegueix ara els 136 metres, mentre que els de Xest 1 i Xest 2 compten amb 216 metres cadascun.<\/p>\n\n\n\n<p class=\"wp-block-paragraph\">A m\u00e9s, s&#8217;ha incrementat l&#8217;altura dels taulers seguint criteris hidr\u00e0ulics i estructurals actuals, la qual cosa dota a la infraestructura ferrovi\u00e0ria de major resist\u00e8ncia, robustesa i durabilitat enfront de futurs episodis de grans riuades, especialment en un context marcat pels efectes del canvi clim\u00e0tic.<\/p>\n\n\n\n<p class=\"wp-block-paragraph\"><strong>Sense data per al tram fins a Utiel<\/strong><\/p>\n\n\n\n<p class=\"wp-block-paragraph\">De moment, el servei ferroviari de la l\u00ednia C3 de Rodalia de Renfe fins a Utiel haur\u00e0 d&#8217;esperar, ja que el tram compr\u00e9s entre Bunyol i la capital de la Plana d&#8217;Utiel-Requena roman fora de servei sense que ara com ara s&#8217;haja establit una data concreta per a la recuperaci\u00f3 del servei comercial fins a Utiel, encara que inicialment es va especular des del Ministeri en qu\u00e8 no seria abans de finals de l&#8217;any 2026.<\/p>\n","protected":false},"excerpt":{"rendered":"<div class=\"mh-excerpt\">A partir del pr\u00f2xim dilluns 22 de desembre, el servei per ferrocarril es prolongar\u00e0 fins a l&#8217;estaci\u00f3 de Bunyol, encara que Utiel haur\u00e0 d&#8217;esperar. El servei ferroviari de la l\u00ednia C3 de Rodalia Val\u00e8ncia recuperar\u00e0 <a class=\"mh-excerpt-more\" href=\"https:\/\/tucomarca.whitekongsoftware.com\/ca\/el-servei-per-tren-de-la-linia-c3-de-rodalia-de-renfe-es-repren-aquest-dilluns-fins-a-bunyol-encara-que-utiel-haura-desperar\/\" title=\"El servei per tren de la l\u00ednia C3 de Rodalia de Renfe es repr\u00e9n aquest dilluns fins a Bunyol mentre que fins a Utiel encara haur\u00e0 d&#8217;esperar\">[+] <\/a><\/div>\n","protected":false},"author":12,"featured_media":94011,"comment_status":"open","ping_status":"open","sticky":false,"template":"","format":"standard","meta":{"footnotes":""},"categories":[10911,21466,10898,10948,10894,10904,10912,10903,10947,10909,10896,10897,11059,10975],"tags":[10913,11195,10914,23580,11431,10910],"class_list":["post-288401","post","type-post","status-publish","format-standard","has-post-thumbnail","category-bunol-ca","category-dana-ca","category-ventana-ca","category-infraestructuras-ca","category-la-comarca-ca","category-sin-categorizar-ca","category-la-hoya-ca","category-medio-ambiente-la-comarca-ca","category-politica","category-requena-utiel-ca","category-seccion-ca","category-sucesos-la-comarca-ca","category-utiel-ca","category-chiva-ca","tag-bunol-ca","tag-chiva-ca","tag-la-hoya-de-bunol-chiva-ca","tag-linea-c3-valencia-bunol-ca","tag-loriguilla-ca","tag-requena-utiel-ca"],"_links":{"self":[{"href":"https:\/\/tucomarca.whitekongsoftware.com\/ca\/wp-json\/wp\/v2\/posts\/288401","targetHints":{"allow":["GET"]}}],"collection":[{"href":"https:\/\/tucomarca.whitekongsoftware.com\/ca\/wp-json\/wp\/v2\/posts"}],"about":[{"href":"https:\/\/tucomarca.whitekongsoftware.com\/ca\/wp-json\/wp\/v2\/types\/post"}],"author":[{"embeddable":true,"href":"https:\/\/tucomarca.whitekongsoftware.com\/ca\/wp-json\/wp\/v2\/users\/12"}],"replies":[{"embeddable":true,"href":"https:\/\/tucomarca.whitekongsoftware.com\/ca\/wp-json\/wp\/v2\/comments?post=288401"}],"version-history":[{"count":0,"href":"https:\/\/tucomarca.whitekongsoftware.com\/ca\/wp-json\/wp\/v2\/posts\/288401\/revisions"}],"wp:featuredmedia":[{"embeddable":true,"href":"https:\/\/tucomarca.whitekongsoftware.com\/ca\/wp-json\/wp\/v2\/media\/94011"}],"wp:attachment":[{"href":"https:\/\/tucomarca.whitekongsoftware.com\/ca\/wp-json\/wp\/v2\/media?parent=288401"}],"wp:term":[{"taxonomy":"category","embeddable":true,"href":"https:\/\/tucomarca.whitekongsoftware.com\/ca\/wp-json\/wp\/v2\/categories?post=288401"},{"taxonomy":"post_tag","embeddable":true,"href":"https:\/\/tucomarca.whitekongsoftware.com\/ca\/wp-json\/wp\/v2\/tags?post=288401"}],"curies":[{"name":"wp","href":"https:\/\/api.w.org\/{rel}","templated":true}]}}