{"id":288218,"date":"2025-12-17T12:05:00","date_gmt":"2025-12-17T11:05:00","guid":{"rendered":"https:\/\/www.tucomarca.com\/wordpress\/segunda\/?p=288218"},"modified":"2025-12-17T22:04:01","modified_gmt":"2025-12-17T21:04:01","slug":"la-diputacio-presenta-en-la-uv-la-seua-estrategia-dintelligencia-turistica-per-a-la-provincia-de-valencia","status":"publish","type":"post","link":"https:\/\/tucomarca.whitekongsoftware.com\/ca\/la-diputacio-presenta-en-la-uv-la-seua-estrategia-dintelligencia-turistica-per-a-la-provincia-de-valencia\/","title":{"rendered":"La Diputaci\u00f3 presenta en la UV la seua estrat\u00e8gia d&#8217;intel\u00b7lig\u00e8ncia tur\u00edstica per a la prov\u00edncia de Val\u00e8ncia"},"content":{"rendered":"\n<h3 class=\"wp-block-heading\">El Centre de Turisme de la corporaci\u00f3 participa en la Jornada sobre Destins Intel\u00b7ligents de la Facultat d&#8217;Economia, celebrada amb els alumnes de fi del Doble Grau de Turisme i ADE.<\/h3>\n\n\n\n<p class=\"wp-block-paragraph\">La Diputaci\u00f3 de Val\u00e8ncia ha presentat hui la seua estrat\u00e8gia d&#8217;intel\u00b7lig\u00e8ncia tur\u00edstica per a la prov\u00edncia de Val\u00e8ncia durant la Jornada sobre Destins Intel\u00b7ligents organitzada en la Facultat d&#8217;Economia de la Universitat de Val\u00e8ncia (UV) i dirigida a alumnes de fi del Doble Grau en Turisme i ADE que s&#8217;impartix en este campus.<\/p>\n\n\n\n<p class=\"wp-block-paragraph\">La cap del Centre de Turisme de la corporaci\u00f3 provincial, Mar\u00eda \u00c1ngeles Garc\u00eda Capdep\u00f3n, ha exposat als estudiants els diversos projectes i programes en els quals treballa actualment la corporaci\u00f3 perqu\u00e8 la prov\u00edncia, amb la totalitat dels 266 municipis que la componen, siga una destinaci\u00f3 tur\u00edstica intel\u00b7ligent \u201cadaptat als nous temps, expectatives, demandes i necessitats del viatger i de la societat en conjunt, vetlant per la sostenibilitat del nostre territori\u201d, segons ha destacat.<\/p>\n\n\n\n<figure class=\"wp-block-gallery has-nested-images columns-default is-cropped wp-block-gallery-1 is-layout-flex wp-block-gallery-is-layout-flex\">\n<figure class=\"wp-block-image size-large\"><img loading=\"lazy\" decoding=\"async\" width=\"1024\" height=\"691\" data-id=\"288211\" src=\"https:\/\/www.tucomarca.com\/wordpress\/segunda\/wp-content\/uploads\/2025\/12\/DipuServiciosInteligentes3-1024x691.jpg\" alt=\"\" class=\"wp-image-288211\" srcset=\"https:\/\/tucomarca.whitekongsoftware.com\/wp-content\/uploads\/2025\/12\/DipuServiciosInteligentes3-1024x691.jpg 1024w, https:\/\/tucomarca.whitekongsoftware.com\/wp-content\/uploads\/2025\/12\/DipuServiciosInteligentes3-300x202.jpg 300w, https:\/\/tucomarca.whitekongsoftware.com\/wp-content\/uploads\/2025\/12\/DipuServiciosInteligentes3-768x518.jpg 768w, https:\/\/tucomarca.whitekongsoftware.com\/wp-content\/uploads\/2025\/12\/DipuServiciosInteligentes3.jpg 1181w\" sizes=\"auto, (max-width: 1024px) 100vw, 1024px\" \/><\/figure>\n\n\n\n<figure class=\"wp-block-image size-large\"><img loading=\"lazy\" decoding=\"async\" width=\"1024\" height=\"691\" data-id=\"288213\" src=\"https:\/\/www.tucomarca.com\/wordpress\/segunda\/wp-content\/uploads\/2025\/12\/DipuServiciosInteligentes2-1024x691.jpg\" alt=\"\" class=\"wp-image-288213\" srcset=\"https:\/\/tucomarca.whitekongsoftware.com\/wp-content\/uploads\/2025\/12\/DipuServiciosInteligentes2-1024x691.jpg 1024w, https:\/\/tucomarca.whitekongsoftware.com\/wp-content\/uploads\/2025\/12\/DipuServiciosInteligentes2-300x202.jpg 300w, https:\/\/tucomarca.whitekongsoftware.com\/wp-content\/uploads\/2025\/12\/DipuServiciosInteligentes2-768x518.jpg 768w, https:\/\/tucomarca.whitekongsoftware.com\/wp-content\/uploads\/2025\/12\/DipuServiciosInteligentes2.jpg 1181w\" sizes=\"auto, (max-width: 1024px) 100vw, 1024px\" \/><\/figure>\n<\/figure>\n\n\n\n<p class=\"wp-block-paragraph\">Aix\u00ed, ha explicat que l&#8217;estrat\u00e8gia se centra en el projecte \u201cConnecta Val\u00e8ncia\u201d de creaci\u00f3 d&#8217;una xarxa sense fil provincial que permetr\u00e0 obtindre un BIG DATA clau sobre el flux de turistes, les seues prefer\u00e8ncies, comportaments i el seu impacte en el medi ambient en temps real, que resultar\u00e0 \u201cclau\u201d per a emprendre i millorar les pol\u00edtiques tur\u00edstiques i evitar que este tipus de dades pertanguen a les empreses privades en exclusiva.&nbsp;<\/p>\n\n\n\n<p class=\"wp-block-paragraph\">A este projecte se sumen, simult\u00e0niament els d&#8217;Actuacions de Cohesi\u00f3 entre Destins (ACD) i el Pla Director DTI de la prov\u00edncia, a m\u00e9s de l&#8217;obertura d&#8217;un Hub Intel\u00b7ligent Territorial de Sostenibilitat Tur\u00edstica i la creaci\u00f3 de l&#8217;Observatori Provincial de Mobilitat Tur\u00edstica de Val\u00e8ncia, entre altres, que ampliaran i potenciaran les accions desenrotllades per la instituci\u00f3 per a treballar de manera coordinada cap a un model de destinaci\u00f3 tur\u00edstica intel\u00b7ligent provincial.<\/p>\n\n\n\n<p class=\"wp-block-paragraph\">\u201cAmb ells busquem la vertebraci\u00f3 del territori, la seua cohesi\u00f3, la innovaci\u00f3 i la sostenibilitat dels recursos al mateix temps que orientem el model tur\u00edstic cap a un futur que ja \u00e9s ac\u00ed i que \u00e9s tan important per al desenrotllament de l&#8217;economia a la prov\u00edncia, en tots els seus municipis\u201d, ha agregat la responsable de la Diputaci\u00f3.<\/p>\n\n\n\n<p class=\"wp-block-paragraph\">La jornada ha estat presidida pel deg\u00e0 de la Facultat d&#8217;Economia de la UV, Francisco Mu\u00f1oz, i ha comptat tamb\u00e9 amb la participaci\u00f3 de la regidora de Turisme de l&#8217;Ajuntament de Val\u00e8ncia, Paula Llobet, i de Manuel Ferris, responsable de Val\u00e8ncia Oficina de congressos, entre altres assistents.<\/p>\n\n\n\n<p class=\"wp-block-paragraph\">En finalitzar l&#8217;esdeveniment, la cap del Centre de Turisme de la Diputaci\u00f3 i el responsable de Val\u00e8ncia Oficina de congressos han fet lliurament de premis als tres millors projectes de Turisme Intel\u00b7ligent de final del Doble Grau en Turisme i ADE de la UV, seleccionats entre nou finalistes.<\/p>\n","protected":false},"excerpt":{"rendered":"<div class=\"mh-excerpt\">El Centre de Turisme de la corporaci\u00f3 participa en la Jornada sobre Destins Intel\u00b7ligents de la Facultat d&#8217;Economia, celebrada amb els alumnes de fi del Doble Grau de Turisme i ADE. La Diputaci\u00f3 de Val\u00e8ncia <a class=\"mh-excerpt-more\" href=\"https:\/\/tucomarca.whitekongsoftware.com\/ca\/la-diputacio-presenta-en-la-uv-la-seua-estrategia-dintelligencia-turistica-per-a-la-provincia-de-valencia\/\" title=\"La Diputaci\u00f3 presenta en la UV la seua estrat\u00e8gia d&#8217;intel\u00b7lig\u00e8ncia tur\u00edstica per a la prov\u00edncia de Val\u00e8ncia\">[+] <\/a><\/div>\n","protected":false},"author":12,"featured_media":288216,"comment_status":"open","ping_status":"open","sticky":false,"template":"","format":"gallery","meta":{"footnotes":""},"categories":[10898,10948,10894,10904,11007,10947,10896],"tags":[11246,23562,12457,14167],"class_list":["post-288218","post","type-post","status-publish","format-gallery","has-post-thumbnail","category-ventana-ca","category-infraestructuras-ca","category-la-comarca-ca","category-sin-categorizar-ca","category-ocio-y-cultura-ca","category-politica","category-seccion-ca","tag-diputacio-de-valencia-ca","tag-inteligencia-turistica-ca","tag-universitat-de-valencia-ca","tag-uv-ca","post_format-post-format-gallery"],"_links":{"self":[{"href":"https:\/\/tucomarca.whitekongsoftware.com\/ca\/wp-json\/wp\/v2\/posts\/288218","targetHints":{"allow":["GET"]}}],"collection":[{"href":"https:\/\/tucomarca.whitekongsoftware.com\/ca\/wp-json\/wp\/v2\/posts"}],"about":[{"href":"https:\/\/tucomarca.whitekongsoftware.com\/ca\/wp-json\/wp\/v2\/types\/post"}],"author":[{"embeddable":true,"href":"https:\/\/tucomarca.whitekongsoftware.com\/ca\/wp-json\/wp\/v2\/users\/12"}],"replies":[{"embeddable":true,"href":"https:\/\/tucomarca.whitekongsoftware.com\/ca\/wp-json\/wp\/v2\/comments?post=288218"}],"version-history":[{"count":0,"href":"https:\/\/tucomarca.whitekongsoftware.com\/ca\/wp-json\/wp\/v2\/posts\/288218\/revisions"}],"wp:featuredmedia":[{"embeddable":true,"href":"https:\/\/tucomarca.whitekongsoftware.com\/ca\/wp-json\/wp\/v2\/media\/288216"}],"wp:attachment":[{"href":"https:\/\/tucomarca.whitekongsoftware.com\/ca\/wp-json\/wp\/v2\/media?parent=288218"}],"wp:term":[{"taxonomy":"category","embeddable":true,"href":"https:\/\/tucomarca.whitekongsoftware.com\/ca\/wp-json\/wp\/v2\/categories?post=288218"},{"taxonomy":"post_tag","embeddable":true,"href":"https:\/\/tucomarca.whitekongsoftware.com\/ca\/wp-json\/wp\/v2\/tags?post=288218"}],"curies":[{"name":"wp","href":"https:\/\/api.w.org\/{rel}","templated":true}]}}