{"id":288204,"date":"2025-12-17T11:45:00","date_gmt":"2025-12-17T10:45:00","guid":{"rendered":"https:\/\/www.tucomarca.com\/wordpress\/segunda\/?p=288204"},"modified":"2025-12-17T19:27:13","modified_gmt":"2025-12-17T18:27:13","slug":"els-primers-vins-dels-vinerones-do-utiel-requena-ixen-al-mercat","status":"publish","type":"post","link":"https:\/\/tucomarca.whitekongsoftware.com\/ca\/els-primers-vins-dels-vinerones-do-utiel-requena-ixen-al-mercat\/","title":{"rendered":"Els primers vins dels vi\u00f1erones DO Utiel-Requena ixen al mercat"},"content":{"rendered":"\n<p class=\"wp-block-paragraph\">Amb l&#8217;arribada al mercat dels primers vins Vi\u00f1er\u00f3n DO Utiel-Requena i les festes de Nadal, la Denominaci\u00f3 d&#8217;Origen Utiel-Requena ha presentat un nou v\u00eddeo per a continuar donant a con\u00e9ixer aquest projecte, que posa en valor als 9 vi\u00f1erones que actualment estan inscrits.<\/p>\n\n\n\n<figure class=\"wp-block-image size-large\"><img loading=\"lazy\" decoding=\"async\" width=\"1024\" height=\"683\" src=\"http:\/\/www.tucomarca.com\/wordpress\/segunda\/wp-content\/uploads\/2025\/12\/DO_Vineron1-1024x683.jpg\" alt=\"\" class=\"wp-image-288199\" srcset=\"https:\/\/tucomarca.whitekongsoftware.com\/wp-content\/uploads\/2025\/12\/DO_Vineron1-1024x683.jpg 1024w, https:\/\/tucomarca.whitekongsoftware.com\/wp-content\/uploads\/2025\/12\/DO_Vineron1-300x200.jpg 300w, https:\/\/tucomarca.whitekongsoftware.com\/wp-content\/uploads\/2025\/12\/DO_Vineron1-768x512.jpg 768w, https:\/\/tucomarca.whitekongsoftware.com\/wp-content\/uploads\/2025\/12\/DO_Vineron1.jpg 1200w\" sizes=\"auto, (max-width: 1024px) 100vw, 1024px\" \/><\/figure>\n\n\n\n<p class=\"wp-block-paragraph\">Els primers vins amb la distinci\u00f3 Vi\u00f1er\u00f3n DO Utiel-Requena s\u00f3n dels cellers: Vinea Clausa, Esquadra Celler i Vinyes i Dussart Pedr\u00f3n, mentre que la resta de vi\u00f1erones continua treballant per a traure els seus vins pr\u00f2ximament.<\/p>\n\n\n\n<p class=\"wp-block-paragraph\"><strong>Qu\u00e8 \u00e9s ser Vi\u00f1er\u00f3n DO Utiel-Requena?<\/strong><\/p>\n\n\n\n<p class=\"wp-block-paragraph\">Vi\u00f1er\u00f3n DO Utiel-Requena \u00e9s la persona que gestiona de manera integral el seu projecte vitivin\u00edcola, des del cultiu de la vinya fins a l&#8217;elaboraci\u00f3 del vi i la seua comercialitzaci\u00f3 en diferents mercats. \u00c9s qui s&#8217;encarrega en primera persona de totes les fases del proc\u00e9s, assegurant que cada decisi\u00f3 passa per les seues mans.<br>Aquesta figura, tradicional i profundament lligada a la hist\u00f2ria vitivin\u00edcola, ha sigut reconeguda oficialment per la DO Utiel-Requena.<\/p>\n\n\n\n<figure class=\"wp-block-image size-large\"><img loading=\"lazy\" decoding=\"async\" width=\"1024\" height=\"683\" src=\"http:\/\/www.tucomarca.com\/wordpress\/segunda\/wp-content\/uploads\/2025\/12\/DO_Vineron3-1024x683.jpg\" alt=\"\" class=\"wp-image-288201\" srcset=\"https:\/\/tucomarca.whitekongsoftware.com\/wp-content\/uploads\/2025\/12\/DO_Vineron3-1024x683.jpg 1024w, https:\/\/tucomarca.whitekongsoftware.com\/wp-content\/uploads\/2025\/12\/DO_Vineron3-300x200.jpg 300w, https:\/\/tucomarca.whitekongsoftware.com\/wp-content\/uploads\/2025\/12\/DO_Vineron3-768x512.jpg 768w, https:\/\/tucomarca.whitekongsoftware.com\/wp-content\/uploads\/2025\/12\/DO_Vineron3.jpg 1200w\" sizes=\"auto, (max-width: 1024px) 100vw, 1024px\" \/><\/figure>\n\n\n\n<p class=\"wp-block-paragraph\">El v\u00eddeo posa rostre i veu als nou primers vi\u00f1erones que han decidit formar part d&#8217;aquest registre, i compta amb la participaci\u00f3 de Jos\u00e9 Miguel Medina, president de la DO Utiel-Requena, i Carmina Pres\u00f3, secret\u00e0ria de la DO. Va ser gravat durant una trobada per a esmorzar i compartir els seus vins en l&#8217;emblem\u00e0tic Museu de Sisternas, un lloc ple d&#8217;hist\u00f2ria que reflecteix el llegat del factor hum\u00e0 a la vitivinicultura i a la vida rural en la nostra terra.<\/p>\n\n\n\n<p class=\"wp-block-paragraph\">El v\u00eddeo mostra com aquests vi\u00f1erones combinen tradici\u00f3, coneixement i comprom\u00eds amb la terra per a elaborar vins amb car\u00e0cter propi, aut\u00e8ntics i amb \u00e0nima. Cada botella reflecteix l&#8217;origen, el respecte pel llegat rebut i l&#8217;esfor\u00e7 dels qui estan darrere de cada vi.<\/p>\n\n\n\n<p class=\"wp-block-paragraph\">Els vi\u00f1erones que participen actualment en aquesta iniciativa s\u00f3n: Benoit Dussart (Bodega Dussart Pedr\u00f3n), Pablo Carri\u00f3n (Escuadra Bodega y Vi\u00f1edos), Ricardo del Valle (Bodegas del Valle), Jos\u00e9 Luis Murciano (Bru &amp; JL Vineyards), H\u00e9ctor Monteagudo (Vinea Clausa), Joan G\u00f3mez Cort\u00e9s (Setvins de Muntanya), Rafael L\u00f3pez (Bodega Sexto Elemento), Carlos C\u00e1rcel (Bodegas Carlos C\u00e1rcel) y Alberto Pedr\u00f3n (Bodega Sentencia).<\/p>\n\n\n\n<p class=\"wp-block-paragraph\">El v\u00eddeo convida a con\u00e9ixer de prop aquests projectes de vida, la seua manera de treballar, i la seua filosofia.<\/p>\n","protected":false},"excerpt":{"rendered":"<div class=\"mh-excerpt\">Amb l&#8217;arribada al mercat dels primers vins Vi\u00f1er\u00f3n DO Utiel-Requena i les festes de Nadal, la Denominaci\u00f3 d&#8217;Origen Utiel-Requena ha presentat un nou v\u00eddeo per a continuar donant a con\u00e9ixer aquest projecte, que posa en <a class=\"mh-excerpt-more\" href=\"https:\/\/tucomarca.whitekongsoftware.com\/ca\/els-primers-vins-dels-vinerones-do-utiel-requena-ixen-al-mercat\/\" title=\"Els primers vins dels vi\u00f1erones DO Utiel-Requena ixen al mercat\">[+] <\/a><\/div>\n","protected":false},"author":12,"featured_media":288198,"comment_status":"open","ping_status":"open","sticky":false,"template":"","format":"standard","meta":{"footnotes":""},"categories":[11006,10894,11007,10908,10909,10896,11059],"tags":[12747,10910,23560],"class_list":["post-288204","post","type-post","status-publish","format-standard","has-post-thumbnail","category-canal-vinos","category-la-comarca-ca","category-ocio-y-cultura-ca","category-requena-ca","category-requena-utiel-ca","category-seccion-ca","category-utiel-ca","tag-do-utiel-requena-ca","tag-requena-utiel-ca","tag-vinerones-ca"],"_links":{"self":[{"href":"https:\/\/tucomarca.whitekongsoftware.com\/ca\/wp-json\/wp\/v2\/posts\/288204","targetHints":{"allow":["GET"]}}],"collection":[{"href":"https:\/\/tucomarca.whitekongsoftware.com\/ca\/wp-json\/wp\/v2\/posts"}],"about":[{"href":"https:\/\/tucomarca.whitekongsoftware.com\/ca\/wp-json\/wp\/v2\/types\/post"}],"author":[{"embeddable":true,"href":"https:\/\/tucomarca.whitekongsoftware.com\/ca\/wp-json\/wp\/v2\/users\/12"}],"replies":[{"embeddable":true,"href":"https:\/\/tucomarca.whitekongsoftware.com\/ca\/wp-json\/wp\/v2\/comments?post=288204"}],"version-history":[{"count":0,"href":"https:\/\/tucomarca.whitekongsoftware.com\/ca\/wp-json\/wp\/v2\/posts\/288204\/revisions"}],"wp:featuredmedia":[{"embeddable":true,"href":"https:\/\/tucomarca.whitekongsoftware.com\/ca\/wp-json\/wp\/v2\/media\/288198"}],"wp:attachment":[{"href":"https:\/\/tucomarca.whitekongsoftware.com\/ca\/wp-json\/wp\/v2\/media?parent=288204"}],"wp:term":[{"taxonomy":"category","embeddable":true,"href":"https:\/\/tucomarca.whitekongsoftware.com\/ca\/wp-json\/wp\/v2\/categories?post=288204"},{"taxonomy":"post_tag","embeddable":true,"href":"https:\/\/tucomarca.whitekongsoftware.com\/ca\/wp-json\/wp\/v2\/tags?post=288204"}],"curies":[{"name":"wp","href":"https:\/\/api.w.org\/{rel}","templated":true}]}}