{"id":288109,"date":"2025-12-16T13:00:00","date_gmt":"2025-12-16T12:00:00","guid":{"rendered":"https:\/\/www.tucomarca.com\/wordpress\/segunda\/?p=288109"},"modified":"2025-12-16T20:48:09","modified_gmt":"2025-12-16T19:48:09","slug":"xest-inverteix-250-000-euros-en-el-poligon-castella","status":"publish","type":"post","link":"https:\/\/tucomarca.whitekongsoftware.com\/ca\/xest-inverteix-250-000-euros-en-el-poligon-castella\/","title":{"rendered":"Xest inverteix 250.000 euros en el Pol\u00edgon Castella"},"content":{"rendered":"\n<h3 class=\"wp-block-heading\">La intervenci\u00f3 repara els danys de la dana i instal\u00b7la c\u00e0meres de seguretat i nous hidrants contra incendis.<\/h3>\n\n\n\n<p class=\"wp-block-paragraph\">L&#8217;Ajuntament de Xest ha posat en marxa un projecte de millora, modernitzaci\u00f3 i dotaci\u00f3 d&#8217;infraestructures en el Pol\u00edgon Industrial Castella, una actuaci\u00f3 estrat\u00e8gica per a refor\u00e7ar la seguretat, la prevenci\u00f3 i la connectivitat d&#8217;aquest important motor econ\u00f2mic del municipi. Les obres, que han comen\u00e7at aquest mes de desembre, compten amb una subvenci\u00f3 de l&#8217;Institut Valenci\u00e0 de Competitivitat Empresarial (IVACE) per a l&#8217;exercici 2025\/2026.<\/p>\n\n\n\n<p class=\"wp-block-paragraph\">El projecte aborda de manera integral diverses necessitats clau del pol\u00edgon. Per a incrementar la seguretat, s&#8217;est\u00e0 desplegant un sistema de videovigil\u00e0ncia d&#8217;\u00faltima generaci\u00f3, amb c\u00e0meres situades en punts estrat\u00e8gics com la rotonda principal d&#8217;acc\u00e9s i una entrada a la via de servei. Aquest sistema estar\u00e0 connectat mitjan\u00e7ant fibra \u00f2ptica a la comissaria de la Policia Local, permetent una vigil\u00e0ncia en temps real i una resposta m\u00e9s efica\u00e7.<\/p>\n\n\n\n<p class=\"wp-block-paragraph\">Paral\u00b7lelament, es refor\u00e7a la xarxa de protecci\u00f3 contra incendis amb la instal\u00b7laci\u00f3 de sis nous hidrants, que complementaran els existents per a garantir una cobertura homog\u00e8nia i eficient en tot el recinte industrial. En l&#8217;\u00e0mbit de la mobilitat i l&#8217;accessibilitat, les obres inclouen el reasfaltat d&#8217;un tram de 110 metres del vial 2, millorant substancialment la qualitat i durabilitat de la cal\u00e7ada. Aix\u00ed mateix, es renovar\u00e0 tota la senyalitzaci\u00f3 horitzontal deteriorada i es completar\u00e0 la senyalitzaci\u00f3 vertical per a una perfecta identificaci\u00f3 dels carrers.<\/p>\n\n\n\n<p class=\"wp-block-paragraph\">L&#8217;empresa adjudicat\u00e0ria de les obres \u00e9s revogar Obres i Serveis S.L., i el termini estimat per a la finalitzaci\u00f3 de tots els treballs \u00e9s de quatre mesos. La inversi\u00f3 total prevista ascendeix a 253.404,23 euros (IVA incl\u00f2s).<\/p>\n\n\n\n<p class=\"wp-block-paragraph\">L&#8217;alcalde de Xest, Jos\u00e9 Morell, ha destacat la import\u00e0ncia d&#8217;aquesta inversi\u00f3: &#8220;Des del govern municipal tenim un comprom\u00eds amb el desenvolupament i la competitivitat del nostre teixit industrial. Aquestes obres en el Pol\u00edgon Castella no s\u00f3n nom\u00e9s una millora d&#8217;infraestructures; s\u00f3n una inversi\u00f3 directa en seguretat, en prevenci\u00f3 i en qualitat per a les empreses que operen ac\u00ed i per als seus treballadors i treballadores. Agra\u00efm a l&#8217;IVACE el seu suport, que ens permet executar projectes transformadors com aquest, dissenyats perqu\u00e8 Xest continue creixent de manera ordenada i segura\u201d.<\/p>\n","protected":false},"excerpt":{"rendered":"<div class=\"mh-excerpt\">La intervenci\u00f3 repara els danys de la dana i instal\u00b7la c\u00e0meres de seguretat i nous hidrants contra incendis. L&#8217;Ajuntament de Xest ha posat en marxa un projecte de millora, modernitzaci\u00f3 i dotaci\u00f3 d&#8217;infraestructures en el <a class=\"mh-excerpt-more\" href=\"https:\/\/tucomarca.whitekongsoftware.com\/ca\/xest-inverteix-250-000-euros-en-el-poligon-castella\/\" title=\"Xest inverteix 250.000 euros en el Pol\u00edgon Castella\">[+] <\/a><\/div>\n","protected":false},"author":12,"featured_media":288108,"comment_status":"open","ping_status":"open","sticky":false,"template":"","format":"standard","meta":{"footnotes":""},"categories":[10948,10894,10912,10947,10896,10974],"tags":[11071,10914,23552],"class_list":["post-288109","post","type-post","status-publish","format-standard","has-post-thumbnail","category-infraestructuras-ca","category-la-comarca-ca","category-la-hoya-ca","category-politica","category-seccion-ca","category-cheste-ca","tag-cheste","tag-la-hoya-de-bunol-chiva-ca","tag-poligono-castilla-ca"],"_links":{"self":[{"href":"https:\/\/tucomarca.whitekongsoftware.com\/ca\/wp-json\/wp\/v2\/posts\/288109","targetHints":{"allow":["GET"]}}],"collection":[{"href":"https:\/\/tucomarca.whitekongsoftware.com\/ca\/wp-json\/wp\/v2\/posts"}],"about":[{"href":"https:\/\/tucomarca.whitekongsoftware.com\/ca\/wp-json\/wp\/v2\/types\/post"}],"author":[{"embeddable":true,"href":"https:\/\/tucomarca.whitekongsoftware.com\/ca\/wp-json\/wp\/v2\/users\/12"}],"replies":[{"embeddable":true,"href":"https:\/\/tucomarca.whitekongsoftware.com\/ca\/wp-json\/wp\/v2\/comments?post=288109"}],"version-history":[{"count":0,"href":"https:\/\/tucomarca.whitekongsoftware.com\/ca\/wp-json\/wp\/v2\/posts\/288109\/revisions"}],"wp:featuredmedia":[{"embeddable":true,"href":"https:\/\/tucomarca.whitekongsoftware.com\/ca\/wp-json\/wp\/v2\/media\/288108"}],"wp:attachment":[{"href":"https:\/\/tucomarca.whitekongsoftware.com\/ca\/wp-json\/wp\/v2\/media?parent=288109"}],"wp:term":[{"taxonomy":"category","embeddable":true,"href":"https:\/\/tucomarca.whitekongsoftware.com\/ca\/wp-json\/wp\/v2\/categories?post=288109"},{"taxonomy":"post_tag","embeddable":true,"href":"https:\/\/tucomarca.whitekongsoftware.com\/ca\/wp-json\/wp\/v2\/tags?post=288109"}],"curies":[{"name":"wp","href":"https:\/\/api.w.org\/{rel}","templated":true}]}}