{"id":287907,"date":"2025-12-14T09:45:00","date_gmt":"2025-12-14T08:45:00","guid":{"rendered":"https:\/\/www.tucomarca.com\/wordpress\/segunda\/?p=287907"},"modified":"2025-12-14T19:43:16","modified_gmt":"2025-12-14T18:43:16","slug":"perez-llorca-es-reuneix-amb-el-conseller-demergencies-i-interior-per-a-abordar-la-situacio-provocada-per-lepisodi-de-pluges-que-afecta-la-comunitat-valencianavisor-detalle-nota-de-premsa","status":"publish","type":"post","link":"https:\/\/tucomarca.whitekongsoftware.com\/ca\/perez-llorca-es-reuneix-amb-el-conseller-demergencies-i-interior-per-a-abordar-la-situacio-provocada-per-lepisodi-de-pluges-que-afecta-la-comunitat-valencianavisor-detalle-nota-de-premsa\/","title":{"rendered":"P\u00e9rez Llorca es reuneix amb el conseller d&#8217;Emerg\u00e8ncies i Interior per a abordar la situaci\u00f3 provocada per l&#8217;episodi de pluges que afecta la Comunitat ValencianaVisor detalle nota de premsa"},"content":{"rendered":"\n<h3 class=\"wp-block-heading\">Valderrama ha traslladat al president les mesures adoptades pr\u00e8viament en el Centre de Coordinaci\u00f3 d&#8217;Emerg\u00e8ncies en el qual han participat representants de totes les ag\u00e8ncies implicades en la gesti\u00f3 d&#8217;aquesta alerta meteorol\u00f2gica.<\/h3>\n\n\n\n<h3 class=\"wp-block-heading\">Els presidents de les diputacions de Val\u00e8ncia i Alacant, Vicent Momp\u00f3, i Toni P\u00e9rez, respectivament, juntament amb l&#8217;equip d&#8217;Emerg\u00e8ncies han participat tamb\u00e9.<\/h3>\n\n\n\n<p class=\"wp-block-paragraph\">El president de la Generalitat, Juanfran Perez Llorca, ha mantingut a les 11.00 hores una reuni\u00f3 telem\u00e0tica amb el conseller d&#8217;Emerg\u00e8ncies i Interior, Juan Carlos Valderrama, per a analitzar l&#8217;episodi de pluges intenses que afecta la prov\u00edncia de Val\u00e8ncia.<\/p>\n\n\n\n<p class=\"wp-block-paragraph\">Durant la conversa, Valderrama ha comunicat al cap del Consell les mesures adoptades en la reuni\u00f3 que ha tingut lloc pr\u00e8viament en el Centre de Coordinaci\u00f3 d&#8217;Emerg\u00e8ncies de L&#8217;Eliana amb les ag\u00e8ncies implicades davant l&#8217;episodi de pluges i tempestes.<\/p>\n\n\n\n<p class=\"wp-block-paragraph\">En la trobada, a m\u00e9s del cap de l&#8217;Executiu Valenci\u00e0 i del conseller d&#8217;Emerg\u00e8ncies i Interior, han participat tamb\u00e9 el president de la Diputaci\u00f3 de Val\u00e8ncia, Vicent Momp\u00f3, el president de la Corporaci\u00f3 provincial d&#8217;Alacant, Toni P\u00e9rez, aix\u00ed com la secret\u00e0ria general d&#8217;Emerg\u00e8ncies, Irene Rodr\u00edguez, el director general d&#8217;Emerg\u00e8ncies, Vicente Le\u00f3n, i el director general en Innovaci\u00f3 d&#8217;Emerg\u00e8ncies, Ra\u00fal Qu\u00edlez.<\/p>\n\n\n\n<figure class=\"wp-block-image size-large\"><img loading=\"lazy\" decoding=\"async\" width=\"1024\" height=\"617\" src=\"http:\/\/www.tucomarca.com\/wordpress\/segunda\/wp-content\/uploads\/2025\/12\/EmergenciasTelematica-1024x617.jpg\" alt=\"\" class=\"wp-image-287903\" srcset=\"https:\/\/tucomarca.whitekongsoftware.com\/wp-content\/uploads\/2025\/12\/EmergenciasTelematica-1024x617.jpg 1024w, https:\/\/tucomarca.whitekongsoftware.com\/wp-content\/uploads\/2025\/12\/EmergenciasTelematica-300x181.jpg 300w, https:\/\/tucomarca.whitekongsoftware.com\/wp-content\/uploads\/2025\/12\/EmergenciasTelematica-768x463.jpg 768w, https:\/\/tucomarca.whitekongsoftware.com\/wp-content\/uploads\/2025\/12\/EmergenciasTelematica-1536x926.jpg 1536w, https:\/\/tucomarca.whitekongsoftware.com\/wp-content\/uploads\/2025\/12\/EmergenciasTelematica-2048x1234.jpg 2048w\" sizes=\"auto, (max-width: 1024px) 100vw, 1024px\" \/><\/figure>\n","protected":false},"excerpt":{"rendered":"<div class=\"mh-excerpt\">Valderrama ha traslladat al president les mesures adoptades pr\u00e8viament en el Centre de Coordinaci\u00f3 d&#8217;Emerg\u00e8ncies en el qual han participat representants de totes les ag\u00e8ncies implicades en la gesti\u00f3 d&#8217;aquesta alerta meteorol\u00f2gica. Els presidents de <a class=\"mh-excerpt-more\" href=\"https:\/\/tucomarca.whitekongsoftware.com\/ca\/perez-llorca-es-reuneix-amb-el-conseller-demergencies-i-interior-per-a-abordar-la-situacio-provocada-per-lepisodi-de-pluges-que-afecta-la-comunitat-valencianavisor-detalle-nota-de-premsa\/\" title=\"P\u00e9rez Llorca es reuneix amb el conseller d&#8217;Emerg\u00e8ncies i Interior per a abordar la situaci\u00f3 provocada per l&#8217;episodi de pluges que afecta la Comunitat ValencianaVisor detalle nota de premsa\">[+] <\/a><\/div>\n","protected":false},"author":12,"featured_media":287906,"comment_status":"open","ping_status":"open","sticky":false,"template":"","format":"standard","meta":{"footnotes":""},"categories":[21466,10898,10948,10894,10904,10903,10947,10896,10897],"tags":[15409,11247,11498],"class_list":["post-287907","post","type-post","status-publish","format-standard","has-post-thumbnail","category-dana-ca","category-ventana-ca","category-infraestructuras-ca","category-la-comarca-ca","category-sin-categorizar-ca","category-medio-ambiente-la-comarca-ca","category-politica","category-seccion-ca","category-sucesos-la-comarca-ca","tag-dana-2-ca","tag-emergencias-ca","tag-generalitat-valenciana-ca"],"_links":{"self":[{"href":"https:\/\/tucomarca.whitekongsoftware.com\/ca\/wp-json\/wp\/v2\/posts\/287907","targetHints":{"allow":["GET"]}}],"collection":[{"href":"https:\/\/tucomarca.whitekongsoftware.com\/ca\/wp-json\/wp\/v2\/posts"}],"about":[{"href":"https:\/\/tucomarca.whitekongsoftware.com\/ca\/wp-json\/wp\/v2\/types\/post"}],"author":[{"embeddable":true,"href":"https:\/\/tucomarca.whitekongsoftware.com\/ca\/wp-json\/wp\/v2\/users\/12"}],"replies":[{"embeddable":true,"href":"https:\/\/tucomarca.whitekongsoftware.com\/ca\/wp-json\/wp\/v2\/comments?post=287907"}],"version-history":[{"count":0,"href":"https:\/\/tucomarca.whitekongsoftware.com\/ca\/wp-json\/wp\/v2\/posts\/287907\/revisions"}],"wp:featuredmedia":[{"embeddable":true,"href":"https:\/\/tucomarca.whitekongsoftware.com\/ca\/wp-json\/wp\/v2\/media\/287906"}],"wp:attachment":[{"href":"https:\/\/tucomarca.whitekongsoftware.com\/ca\/wp-json\/wp\/v2\/media?parent=287907"}],"wp:term":[{"taxonomy":"category","embeddable":true,"href":"https:\/\/tucomarca.whitekongsoftware.com\/ca\/wp-json\/wp\/v2\/categories?post=287907"},{"taxonomy":"post_tag","embeddable":true,"href":"https:\/\/tucomarca.whitekongsoftware.com\/ca\/wp-json\/wp\/v2\/tags?post=287907"}],"curies":[{"name":"wp","href":"https:\/\/api.w.org\/{rel}","templated":true}]}}