{"id":287870,"date":"2025-12-14T10:00:00","date_gmt":"2025-12-14T09:00:00","guid":{"rendered":"https:\/\/www.tucomarca.com\/wordpress\/segunda\/?p=287870"},"modified":"2025-12-14T11:48:04","modified_gmt":"2025-12-14T10:48:04","slug":"el-temporal-mante-en-alerta-a-la-comunitat-valenciana-i-deixa-una-jornada-de-risc-a-linterior-de-la-provincia-de-valencia","status":"publish","type":"post","link":"https:\/\/tucomarca.whitekongsoftware.com\/ca\/el-temporal-mante-en-alerta-a-la-comunitat-valenciana-i-deixa-una-jornada-de-risc-a-linterior-de-la-provincia-de-valencia\/","title":{"rendered":"El temporal mant\u00e9 en alerta a la Comunitat Valenciana i deixa una jornada de risc a l&#8217;interior de la prov\u00edncia de Val\u00e8ncia"},"content":{"rendered":"\n<figure class=\"wp-block-image size-full\"><img loading=\"lazy\" decoding=\"async\" width=\"728\" height=\"702\" src=\"http:\/\/www.tucomarca.com\/wordpress\/segunda\/wp-content\/uploads\/2025\/12\/AemetDomingo141225.png\" alt=\"\" class=\"wp-image-287863\" srcset=\"https:\/\/tucomarca.whitekongsoftware.com\/wp-content\/uploads\/2025\/12\/AemetDomingo141225.png 728w, https:\/\/tucomarca.whitekongsoftware.com\/wp-content\/uploads\/2025\/12\/AemetDomingo141225-300x289.png 300w\" sizes=\"auto, (max-width: 728px) 100vw, 728px\" \/><\/figure>\n\n\n\n<p class=\"wp-block-paragraph\">La Comunitat Valenciana viu aquest diumenge una&nbsp;jornada marcada per la inestabilitat meteorol\u00f2gica, amb&nbsp;fortes pluges i tempestes&nbsp;que han portat a activar&nbsp;alertes d&#8217;alt nivell, inclosa l&#8217;alerta&nbsp; roja en el litoral valenci\u00e0. L&#8217;episodi, provocat per un temporal persistent, afecta a bona part del territori auton\u00f2mic i mant\u00e9 en vigil\u00e0ncia als serveis d&#8217;emerg\u00e8ncies davant el risc d&#8217;inundacions,&nbsp; crescudes de barrancs i complicacions en la circulaci\u00f3.<\/p>\n\n\n\n<p class=\"wp-block-paragraph\">Encara que els fen\u00f2mens m\u00e9s extrems es concentren en la franja costanera,&nbsp;l&#8217;interior de la prov\u00edncia de Val\u00e8ncia es veu tamb\u00e9 clarament afectat per aquest episodi, amb avisos per pluges intenses que poden deixar acumulats importants en poques hores.<\/p>\n\n\n\n<p class=\"wp-block-paragraph\"><strong>Pluges intenses i vigil\u00e0ncia a les comarques de l&#8217;interior<\/strong><\/p>\n\n\n\n<p class=\"wp-block-paragraph\">Segons l&#8217;Ag\u00e8ncia Estatal de Meteorologia (AEMET) i el Centre de Coordinaci\u00f3 d&#8217;Emerg\u00e8ncies de la Generalitat,&nbsp;les comarques de l&#8217;interior valenci\u00e0 afronten hui una situaci\u00f3 de risc, especialment per la possibilitat de&nbsp;ruixats forts i persistents, en alguns casos acompanyats de tempesta.<\/p>\n\n\n\n<p class=\"wp-block-paragraph\">A&nbsp;Requena-Utiel i La Regi\u00f3 muntanyenca, s&#8217;esperen precipitacions continuades al llarg del dia, amb especial incid\u00e8ncia durant la vesprada i la nit. Les autoritats adverteixen del risc d&#8217;escorrenties&nbsp; i acumulacions d&#8217;aigua en barrancs i zones baixes, aix\u00ed com possibles problemes en carreteres secund\u00e0ries.<\/p>\n\n\n\n<p class=\"wp-block-paragraph\">En&nbsp;La Foia de Bunyol-Xiva i el Camp de T\u00faria, el temporal pot deixar&nbsp;episodis de pluja moderada a forta, amb tempestes localitzades que podrien intensificar-se en curts per\u00edodes de temps, per la qual cosa es recomana precauci\u00f3 en accessos urbans, passos inferiors i zones pr\u00f2ximes a rambles.<\/p>\n\n\n\n<p class=\"wp-block-paragraph\">El&nbsp;Rac\u00f3 d&#8217;Adem\u00fas&nbsp;es mant\u00e9 sota vigil\u00e0ncia per&nbsp;pluges generalitzades, que, encara que intermitents, podrien generar acumulacions significatives i afectar la circulaci\u00f3 en vies locals, especialment en zones rurals.<\/p>\n\n\n\n<p class=\"wp-block-paragraph\">Per part seua,&nbsp;la Vall d&#8217;Aiora-Cofrents i La Canal de Navarr\u00e9s, a causa de la seua orografia, presenten un major risc de&nbsp;crescudes sobtades de llits menors, per la qual cosa es demana especial atenci\u00f3 en \u00e0rees pr\u00f2ximes a rius, rambles i camins agr\u00edcoles.<\/p>\n\n\n\n<p class=\"wp-block-paragraph\">A&nbsp;LA Ribera Alta, les previsions apunten a&nbsp;precipitacions moderades a intenses, amb especial seguiment dels punts tradicionalment m\u00e9s vulnerables a inundacions i als accessos a explotacions agr\u00edcoles.<\/p>\n\n\n\n<p class=\"wp-block-paragraph\"><strong>Crida a la precauci\u00f3<\/strong><\/p>\n\n\n\n<p class=\"wp-block-paragraph\">Des de Protecci\u00f3 Civil s&#8217;insisteix en la necessitat d&#8217;evitar&nbsp; despla\u00e7aments innecessaris, no creuar zones inundables i mantindre&#8217;s informats a trav\u00e9s dels canals oficials del 112 i dels ajuntaments. Tamb\u00e9 es recomana assegurar vehicles, maquin\u00e0ria agr\u00edcola i altres b\u00e9ns situats en zones baixes.<\/p>\n\n\n\n<p class=\"wp-block-paragraph\">Les autoritats recorden que, encara que l&#8217;alerta roja es concentra en la costa,&nbsp;l&#8217;interior de la prov\u00edncia de Val\u00e8ncia pot veure&#8217;s seriosament afectat per aquest temporal, per la qual cosa es demana&nbsp;prud\u00e8ncia i atenci\u00f3 a l&#8217;evoluci\u00f3 del temps durant tota la jornada.<\/p>\n\n\n\n<p class=\"wp-block-paragraph\"><strong>Dades de precipitacions registrats fins al moment<\/strong><\/p>\n\n\n\n<p class=\"wp-block-paragraph\">Encara que el temporal encara est\u00e0 en curs i s&#8217;espera que les pluges&nbsp;s&#8217;intensifiquen al llarg de la vesprada i nit,&nbsp;les primeres dades de precipitaci\u00f3 ja reflecteixen acumulats significatius a la prov\u00edncia de Val\u00e8ncia:<\/p>\n\n\n\n<p class=\"wp-block-paragraph\">Previsi\u00f3 general d&#8217;AEMET:&nbsp;l&#8217;Ag\u00e8ncia Estatal de Meteorologia ha assenyalat que les pluges poden superar els&nbsp;180 litres per metre quadrat en 12 hores en el litoral valenci\u00e0, amb totals que podrien&nbsp;acostar-se o fins i tot superar els 250 l\/m\u00b2 entre hui i la matinada del dilluns.<\/p>\n\n\n\n<p class=\"wp-block-paragraph\">En les hores pr\u00e8vies al migdia ja s&#8217;han observat&nbsp;precipitacions persistents en zones costaneres del nord de la prov\u00edncia, amb acumulats d&#8217;entre&nbsp;60 i 70 l\/m\u00b2 en algunes \u00e0rees del litoral i prelitoral&nbsp;degut a les pluges de la matinada.<\/p>\n\n\n\n<p class=\"wp-block-paragraph\">En les&nbsp;zones de l&#8217;interior (com les comarques a les quals aquest mitj\u00e0 dona cobertura), encara que les pluges no han sigut tan intenses com en la costa,&nbsp;s\u00ed s&#8217;han registrat precipitacions moderades durant el mat\u00ed&nbsp;i&nbsp;s&#8217;espera que els acumulats augmenten durant la resta de la jornada, especialment en \u00e0rees muntanyenques i valls on les pluges poden concentrar-se en per\u00edodes curts.<\/p>\n\n\n\n<p class=\"wp-block-paragraph\">Aquest episodi de pluges \u201cpersistents i localment torrencials\u201d forma part de l&#8217;impacte de la&nbsp;borrasca&nbsp;Emilia, que continua evolucionant i pot deixar&nbsp;acumulats significatius abans que finalitze el temporal entre hui i primera hora del dilluns.&nbsp;<\/p>\n\n\n\n<p class=\"wp-block-paragraph\"><strong>Dades de precipitacions registrats fins a aquestes hores a l&#8217;interior<\/strong><\/p>\n\n\n\n<p class=\"wp-block-paragraph\">L&#8217;episodi de pluges ja ha comen\u00e7at a deixar&nbsp;acumulats destacables en diferents punts de la prov\u00edncia de Val\u00e8ncia, especialment durant la matinada i el mat\u00ed de hui. En el conjunt de la Comunitat Valenciana, les precipitacions han sigut persistents, amb major intensitat en zones costaneres i prelitorals, encara que&nbsp;l&#8217;interior tamb\u00e9 comen\u00e7a a sumar litres de manera progressiva.<\/p>\n\n\n\n<p class=\"wp-block-paragraph\">A les&nbsp;comarques de l&#8217;interior valenci\u00e0, les pluges registrades fins al moment han sigut&nbsp;moderades per\u00f2 continuades, amb acumulats que ja oscil\u00b7len entre&nbsp;15 i 40 litres per metre quadrat&nbsp;en diferents punts de&nbsp;La Foia de Bunyol-Xiva, Camp de T\u00faria, La Canal de Navarr\u00e9s i La Ribera Alta, especialment en \u00e0rees pr\u00f2ximes a relleus i zones de transici\u00f3 cap al prelitoral.<\/p>\n\n\n\n<p class=\"wp-block-paragraph\">A&nbsp;Requena-Utiel, La Regi\u00f3 muntanyenca i el Rac\u00f3 d&#8217;Adem\u00fas, les precipitacions han sigut m\u00e9s irregulars, per\u00f2 en alguns municipis ja se superen els&nbsp;20 litres per metre quadrat, amb especial incid\u00e8ncia en fons de vall i zones on la pluja ha sigut persistent durant diverses hores.<\/p>\n\n\n\n<p class=\"wp-block-paragraph\">Per part seua, a&nbsp;la Vall d&#8217;Aiora-Cofrents, els registres acumulats fins a aquestes hores se situen tamb\u00e9 en valors&nbsp;moderats, encara que les autoritats adverteixen que&nbsp;el risc augmenta a mesura que avance la jornada, ja que el terreny comen\u00e7a a saturar-se i qualsevol episodi de pluja intensa pot provocar&nbsp;escorrenties r\u00e0pides i crescudes puntuals de barrancs.<\/p>\n\n\n\n<p class=\"wp-block-paragraph\">Des dels serveis d&#8217;emerg\u00e8ncies s&#8217;insisteix que&nbsp;el m\u00e9s significatiu de l&#8217;episodi podria arribar en les pr\u00f2ximes hores, per la qual cosa aquests primeres dades han d&#8217;interpretar-se com un&nbsp;av\u00eds primerenc&nbsp;d&#8217;un temporal que encara no ha aconseguit el seu punt \u00e0lgid a l&#8217;interior de la prov\u00edncia.<\/p>\n\n\n\n<figure class=\"wp-block-image size-full\"><img loading=\"lazy\" decoding=\"async\" width=\"728\" height=\"702\" src=\"http:\/\/www.tucomarca.com\/wordpress\/segunda\/wp-content\/uploads\/2025\/12\/AemetLunes151225.png\" alt=\"\" class=\"wp-image-287865\" srcset=\"https:\/\/tucomarca.whitekongsoftware.com\/wp-content\/uploads\/2025\/12\/AemetLunes151225.png 728w, https:\/\/tucomarca.whitekongsoftware.com\/wp-content\/uploads\/2025\/12\/AemetLunes151225-300x289.png 300w\" sizes=\"auto, (max-width: 728px) 100vw, 728px\" \/><\/figure>\n\n\n\n<h2 class=\"wp-block-heading\">Previsi\u00f3 del temps per a dem\u00e0 dilluns a la Comunitat Valenciana i zones interiors de la prov\u00edncia de Val\u00e8ncia<\/h2>\n\n\n\n<p class=\"wp-block-paragraph\">Per a&nbsp;dem\u00e0 dilluns,&nbsp;la inestabilitat meteorol\u00f2gica continuar\u00e0 afectant a la Comunitat Valenciana&nbsp;despr\u00e9s del pas del temporal que est\u00e0 deixant pluges hui diumenge. Les pluges no remetran de manera immediata:&nbsp;s&#8217;esperen ruixats persistents, intervals de pluja i possibilitat de tempestes locals, sobretot durant les primeres hores del dia, encara que amb tend\u00e8ncia a&nbsp;disminuir gradualment a mesura que avance la jornada en moltes zones.<\/p>\n\n\n\n<p class=\"wp-block-paragraph\">L&#8217;Ag\u00e8ncia&nbsp; Estatal de Meteorologia (AEMET)&nbsp;mant\u00e9 avisos de risc per a dem\u00e0 dilluns, amb&nbsp;precipitacions generalitzades i risc de pluja persistent en bona part de la Comunitat, que podrien ser&nbsp;localment fortes o moderades, especialment durant la primera meitat del dia.<\/p>\n\n\n\n<p class=\"wp-block-paragraph\"><strong>Interior de la prov\u00edncia de Val\u00e8ncia<\/strong><\/p>\n\n\n\n<p class=\"wp-block-paragraph\">A les&nbsp;comarques de l&#8217;interior de Val\u00e8ncia&nbsp;\u2014com&nbsp;Requena-Utiel, La Foia de Bunyol-Xiva, Rinc\u00f3n d&#8217;Adem\u00fas, Vall d&#8217;Aiora-Cofrents, La Canal de Navarr\u00e9s, Camp de T\u00faria, La Regi\u00f3 muntanyenca i La Ribera Alta\u2014 la previsi\u00f3 per a dem\u00e0 \u00e9s la seg\u00fcent:<\/p>\n\n\n\n<p class=\"wp-block-paragraph\">Cel nuvol\u00f3s a molt nuvol\u00f3s&nbsp;durant gran part del mat\u00ed, amb possibilitats de&nbsp;precipitacions intermitentesen diferents intervals.<\/p>\n\n\n\n<p class=\"wp-block-paragraph\">Les pluges seran&nbsp;generalitzades i persistents, encara que a l&#8217;interior no s&#8217;esperen normalment acumulats tan intensos com els registrats en el litoral, s\u00ed que podran ser&nbsp;moderades i continuades, especialment al mat\u00ed.<\/p>\n\n\n\n<p class=\"wp-block-paragraph\">A partir del migdia i a la vesprada, es preveu&nbsp;una lleu millora progressiva, amb disminuci\u00f3 de la intensitat de les pluges en moltes zones, encara que&nbsp;poden continuar registrant-se ruixats a\u00efllats i acumulats importants en per\u00edodes curts.<\/p>\n\n\n\n<p class=\"wp-block-paragraph\"><strong>Precipitacions esperades i fen\u00f2mens associats<\/strong><\/p>\n\n\n\n<p class=\"wp-block-paragraph\">Segons models meteorol\u00f2gics generals, encara que no es disposa de dades oficials d&#8217;AEMET segmentats per comarca a aquestes hores,&nbsp;es preveu per a dem\u00e0 un percentatge elevat de probabilitat de pluja en tota la regi\u00f3, amb estimacions d&#8217;acumulats que poden rondar entre&nbsp;10 i 20 mm en moltes localitats, amb possibilitat d&#8217;alarmar-se localment per tempestes.<\/p>\n\n\n\n<p class=\"wp-block-paragraph\">Les&nbsp;temperatures&nbsp;tendiran a estar entre&nbsp;fresques i moderades per a l&#8217;\u00e8poca, amb m\u00e0ximes suaus per\u00f2&nbsp;cels majorment coberts&nbsp;i&nbsp;escassa visibilitat del sol, la qual cosa mantindr\u00e0 sensaci\u00f3 de temps humit i gris en bona part del dia.<\/p>\n\n\n\n<p class=\"wp-block-paragraph\"><strong>Resum per a cada tram del dia<\/strong><\/p>\n\n\n\n<p class=\"wp-block-paragraph\">Dem\u00e0 (primeres hores i fins a migdia):&nbsp;nuvol\u00f3s o molt nuvol\u00f3s amb pluges intermitents, localment moderades.<\/p>\n\n\n\n<p class=\"wp-block-paragraph\">Migdia i vesprada:&nbsp;tend\u00e8ncia a&nbsp;disminuci\u00f3&nbsp;de la pluja en moltes zones, encara que&nbsp;ruixats puntuals poden continuar, acompanyats de tempestes a\u00efllades.<\/p>\n\n\n\n<p class=\"wp-block-paragraph\">Nit:&nbsp;nuvolositat residual amb precipitacions cada vegada m\u00e9s febles o disperses.<\/p>\n","protected":false},"excerpt":{"rendered":"<div class=\"mh-excerpt\">La Comunitat Valenciana viu aquest diumenge una&nbsp;jornada marcada per la inestabilitat meteorol\u00f2gica, amb&nbsp;fortes pluges i tempestes&nbsp;que han portat a activar&nbsp;alertes d&#8217;alt nivell, inclosa l&#8217;alerta&nbsp; roja en el litoral valenci\u00e0. L&#8217;episodi, provocat per un temporal persistent, <a class=\"mh-excerpt-more\" href=\"https:\/\/tucomarca.whitekongsoftware.com\/ca\/el-temporal-mante-en-alerta-a-la-comunitat-valenciana-i-deixa-una-jornada-de-risc-a-linterior-de-la-provincia-de-valencia\/\" title=\"El temporal mant\u00e9 en alerta a la Comunitat Valenciana i deixa una jornada de risc a l&#8217;interior de la prov\u00edncia de Val\u00e8ncia\">[+] <\/a><\/div>\n","protected":false},"author":1,"featured_media":287864,"comment_status":"open","ping_status":"open","sticky":false,"template":"","format":"standard","meta":{"footnotes":""},"categories":[10892,11046,10898,10948,10894,10904,10912,10902,10903,10896,10897],"tags":[23096,11199,11351,23097,11257],"class_list":["post-287870","post","type-post","status-publish","format-standard","has-post-thumbnail","category-camp-de-turia-ca","category-los-serranos-ca","category-ventana-ca","category-infraestructuras-ca","category-la-comarca-ca","category-sin-categorizar-ca","category-la-hoya-ca","category-la-ribera-ca","category-medio-ambiente-la-comarca-ca","category-seccion-ca","category-sucesos-la-comarca-ca","tag-alerta-ca","tag-la-comunitat-ca","tag-lluvias-ca","tag-roja-ca","tag-temporal-ca"],"_links":{"self":[{"href":"https:\/\/tucomarca.whitekongsoftware.com\/ca\/wp-json\/wp\/v2\/posts\/287870","targetHints":{"allow":["GET"]}}],"collection":[{"href":"https:\/\/tucomarca.whitekongsoftware.com\/ca\/wp-json\/wp\/v2\/posts"}],"about":[{"href":"https:\/\/tucomarca.whitekongsoftware.com\/ca\/wp-json\/wp\/v2\/types\/post"}],"author":[{"embeddable":true,"href":"https:\/\/tucomarca.whitekongsoftware.com\/ca\/wp-json\/wp\/v2\/users\/1"}],"replies":[{"embeddable":true,"href":"https:\/\/tucomarca.whitekongsoftware.com\/ca\/wp-json\/wp\/v2\/comments?post=287870"}],"version-history":[{"count":0,"href":"https:\/\/tucomarca.whitekongsoftware.com\/ca\/wp-json\/wp\/v2\/posts\/287870\/revisions"}],"wp:featuredmedia":[{"embeddable":true,"href":"https:\/\/tucomarca.whitekongsoftware.com\/ca\/wp-json\/wp\/v2\/media\/287864"}],"wp:attachment":[{"href":"https:\/\/tucomarca.whitekongsoftware.com\/ca\/wp-json\/wp\/v2\/media?parent=287870"}],"wp:term":[{"taxonomy":"category","embeddable":true,"href":"https:\/\/tucomarca.whitekongsoftware.com\/ca\/wp-json\/wp\/v2\/categories?post=287870"},{"taxonomy":"post_tag","embeddable":true,"href":"https:\/\/tucomarca.whitekongsoftware.com\/ca\/wp-json\/wp\/v2\/tags?post=287870"}],"curies":[{"name":"wp","href":"https:\/\/api.w.org\/{rel}","templated":true}]}}