{"id":287860,"date":"2025-12-13T12:00:00","date_gmt":"2025-12-13T11:00:00","guid":{"rendered":"https:\/\/www.tucomarca.com\/wordpress\/segunda\/?p=287860"},"modified":"2025-12-14T11:53:38","modified_gmt":"2025-12-14T10:53:38","slug":"la-diputacio-sendinsa-en-la-historia-damparito-roca-el-centenari-pasdoble-de-jaume-texidor","status":"publish","type":"post","link":"https:\/\/tucomarca.whitekongsoftware.com\/ca\/la-diputacio-sendinsa-en-la-historia-damparito-roca-el-centenari-pasdoble-de-jaume-texidor\/","title":{"rendered":"La Diputaci\u00f3 s&#8217;endinsa en la hist\u00f2ria d&#8217;Amparito Roca&#8217;, el centenari pasdoble de Jaume Texidor"},"content":{"rendered":"\n<h3 class=\"wp-block-heading\">El president Vicent Momp\u00f3 ha assenyalat que la Diputaci\u00f3 de Val\u00e8ncia &#8220;treballar\u00e0 perqu\u00e8 el pasdoble siga declarat com a \u2018B\u00e9 d&#8217;Inter\u00e9s Cultural Immaterial de la Prov\u00edncia\u2019.<\/h3>\n\n\n\n<h3 class=\"wp-block-heading\">La Diputaci\u00f3 de Val\u00e8ncia ha presentat esta vesprada el llibre publicat pel Magn\u00e0nim &#8216;Amparito Roca. El pasdoble del mestre Jaume Texidor&#8217;, d&#8217;\u00c0ngel dels Reis Valero Garc\u00eda, aix\u00ed com un v\u00eddeo i un documental.<\/h3>\n\n\n\n<p class=\"wp-block-paragraph\">&nbsp;La Diputaci\u00f3 de Val\u00e8ncia ha presentat este divendres els treballs realitzats amb motiu del centenari d&#8217;<em>Amparito Roca<\/em>, el pasdoble del mestre Texidor que va ser estrenat l&#8217;11 de setembre de 1925 en el teatre El Siglo de Carlet. Aix\u00ed, en un acte celebrat esta vesprada en la mateixa localitat on es va donar a con\u00e9ixer la pe\u00e7a musical, la corporaci\u00f3 provincial ha presentat el llibre publicat per la Instituci\u00f3 Alfons el Magn\u00e0nim <em>Amparito Roca. El pasdoble del mestre Texidor<\/em>, d&#8217;\u00c0ngel dels Reis Valero Garc\u00eda, aix\u00ed com un v\u00eddeo realitzat pel departament de Foment de l\u2019\u00das del Valenci\u00e0, que explica qui era el compositor i l&#8217;alumna a qui li va dedicar la pe\u00e7a. Aix\u00ed mateix, s&#8217;ha mostrat un avan\u00e7 d&#8217;un documental realitzat des de l&#8217;\u00e0rea de Cultura de la corporaci\u00f3 provincial.<\/p>\n\n\n\n<p class=\"wp-block-paragraph\">El president Vicent Momp\u00f3 ha participat en la presentaci\u00f3, celebrada en el Teatre Giner de Carlet, junt amb el diputat de Cultura, Paco Teruel; l&#8217;alcaldessa de la localitat, Laura S\u00e1ez; i l&#8217;autor del llibre, \u00c0ngel dels Reis Valero Garc\u00eda. Momp\u00f3 ha destacat que &#8220;hui mirem arrere per a con\u00e9ixer la hist\u00f2ria d&#8217;un pasdoble universal, i mirem cap avant per a posar en valor all\u00f2 que les valencianes i els valencians hem sigut capa\u00e7os de fer&#8221;. &#8220;Hi ha m\u00fasiques que acompanyen a un poble -ha continuat- i despr\u00e9s hi ha m\u00fasiques que constru\u00efxen a un poble, que es convertixen en una manera de celebrar, de sentir, i que passen de generaci\u00f3 en generaci\u00f3 com qui passa una recepta sagrada, i si existix un exemple perfecte, \u00e9s el pasdoble <em>Amparito Roca<\/em>&#8220;.<\/p>\n\n\n\n<p class=\"wp-block-paragraph\">Momp\u00f3, ha remarcat que des de la Diputaci\u00f3 de Val\u00e8ncia &#8220;iniciem esta legislatura amb un prop\u00f2sit clar: defendre les senyes d&#8217;identitat del poble valenci\u00e0; no com un discurs buit, sin\u00f3 com una l\u00ednia d&#8217;acci\u00f3 real, visible i transformadora, i els treballs que hui presentem s\u00f3n la prova que este comprom\u00eds s&#8217;est\u00e0 materialitzant&#8221;.<\/p>\n\n\n\n<p class=\"wp-block-paragraph\">Aix\u00ed mateix, ha avan\u00e7at que la Diputaci\u00f3 de Val\u00e8ncia treballar\u00e0 perqu\u00e8 el pasdoble siga declarat com a \u2018B\u00e9 d&#8217;Inter\u00e9s Cultural Immaterial de la Prov\u00edncia\u2019: &#8220;volem que este pasdoble, cent anys despr\u00e9s del seu naixement, tinga el lloc que mereix en la hist\u00f2ria musical valenciana. Que siga reconegut, protegit i celebrat com un dels grans tresors culturals del nostre poble&#8221;, ha manifestat.<\/p>\n\n\n\n<p class=\"wp-block-paragraph\">Momp\u00f3 ha volgut destacar tamb\u00e9 la publicaci\u00f3, a trav\u00e9s de la Instituci\u00f3 Alfons El Magn\u00e0nim, &#8220;d&#8217;un llibre extraordinari que posa context i mem\u00f2ria a esta obra centen\u00e0ria&#8221;, aix\u00ed com un v\u00eddeo realitzat des de l&#8217;\u00e0rea de Foment de l&#8217;\u00das del Valenci\u00e0, &#8220;que no nom\u00e9s difon esta pe\u00e7a, sin\u00f3 que tamb\u00e9 reivindica amb orgull la nostra llengua&#8221;. Momp\u00f3 ha recordat tamb\u00e9 que la corporaci\u00f3 provincial est\u00e0 preparant un documental &#8220;que recuperar\u00e0 la figura del mestre Jaume Texidor, la seua traject\u00f2ria vital i la creaci\u00f3 d&#8217;este pasdoble que ha conquistat al m\u00f3n sencer&#8221;.<\/p>\n\n\n\n<p class=\"wp-block-paragraph\">Per a l&#8217;alcaldessa de Carlet, Laura S\u00e1ez, <em>Amparito Roca<\/em>, una de les composicions m\u00e9s famoses i reconegudes del nostre patrimoni musical, &#8220;va traspassar fronteres des que es va donar a con\u00e9ixer, adquirint la categoria d&#8217;universal, portant el nom d&#8217;una dona carletina per tots els racons del m\u00f3n&#8221;.&nbsp;<\/p>\n\n\n\n<p class=\"wp-block-paragraph\">&#8220;L&#8217;any 1924 -continua S\u00e1ez- Jaume Texidor, m\u00fasic barcelon\u00ed, es trasllada amb la seua fam\u00edlia a Carlet, i \u00e9s ac\u00ed on va continuar la seua prol\u00edfica activitat musical en la Banda Primitiva i impartint classes en la seua acad\u00e8mia de m\u00fasica, i va anar a Carlet on va trobar la inspiraci\u00f3 per a la creaci\u00f3 de la seua obra m\u00e9s emblem\u00e0tica&#8221;.<\/p>\n\n\n\n<p class=\"wp-block-paragraph\"><strong>Any Amparito Roca&nbsp;<\/strong><\/p>\n\n\n\n<p class=\"wp-block-paragraph\">La Diputaci\u00f3 de Val\u00e8ncia va aprovar en el ple del passat mes de mar\u00e7 un acord institucional que declarava 2025 com a &#8216;Any Amparito Roca&#8217; en la corporaci\u00f3 provincial, amb motiu del centenari del pasdoble. La proposta inclo\u00efa la commemoraci\u00f3 de l&#8217;efem\u00e8ride i la posada en marxa de diverses iniciatives.<\/p>\n\n\n\n<p class=\"wp-block-paragraph\">Aix\u00ed, la Diputaci\u00f3 de Val\u00e8ncia ha presentat esta vesprada el llibre <em>Amparito Roca. El pasdoble del mestre Jaume Texidor<\/em>, d&#8217;\u00c0ngel dels Reis Valero Garc\u00eda, publicat per la Instituci\u00f3 Alfons el Magn\u00e0nim &#8211; Centre Valenci\u00e0 d&#8217;Estudis i d&#8217;Investigaci\u00f3. Este volum, una segona edici\u00f3 augmentada en valenci\u00e0 i en castell\u00e0 publicat amb motiu del centenari de l&#8217;estrena <em>d&#8217;Amparito Roca<\/em>, \u00e9s un homenatge no sols a la pe\u00e7a en si, sin\u00f3 tamb\u00e9 a l&#8217;autor i a l&#8217;impacte que esta composici\u00f3 ha tingut en la m\u00fasica band\u00edstica i festiva.<\/p>\n\n\n\n<p class=\"wp-block-paragraph\">A trav\u00e9s de les seues p\u00e0gines, el m\u00fasic i historiador de Carlet, \u00c0ngel dels Reis Valero, proposa al lector endinsar-se en la hist\u00f2ria d&#8217;una obra que, ha aconseguit sobrepassar qualsevol l\u00edmit temporal o geogr\u00e0fic. La seua influ\u00e8ncia en la cultura musical, la seua perman\u00e8ncia en els repertoris de bandes de tot el m\u00f3n i el seu paper en la formaci\u00f3 de la identitat sonora de moltes comunitats s\u00f3n alguns dels aspectes que s&#8217;aborden en un estudi que arreplega el context hist\u00f2ric, musical i social de la pe\u00e7a i que, ara, incorpora tamb\u00e9 manuscrits i documents hist\u00f2rics nous.<\/p>\n\n\n\n<figure class=\"wp-block-gallery has-nested-images columns-default is-cropped wp-block-gallery-1 is-layout-flex wp-block-gallery-is-layout-flex\">\n<figure class=\"wp-block-image size-large\"><img loading=\"lazy\" decoding=\"async\" width=\"1024\" height=\"683\" data-id=\"287855\" src=\"https:\/\/www.tucomarca.com\/wordpress\/segunda\/wp-content\/uploads\/2025\/12\/Dipu_AmparitoRoca2-1024x683.jpg\" alt=\"\" class=\"wp-image-287855\" srcset=\"https:\/\/tucomarca.whitekongsoftware.com\/wp-content\/uploads\/2025\/12\/Dipu_AmparitoRoca2-1024x683.jpg 1024w, https:\/\/tucomarca.whitekongsoftware.com\/wp-content\/uploads\/2025\/12\/Dipu_AmparitoRoca2-300x200.jpg 300w, https:\/\/tucomarca.whitekongsoftware.com\/wp-content\/uploads\/2025\/12\/Dipu_AmparitoRoca2-768x512.jpg 768w, https:\/\/tucomarca.whitekongsoftware.com\/wp-content\/uploads\/2025\/12\/Dipu_AmparitoRoca2-1536x1024.jpg 1536w, https:\/\/tucomarca.whitekongsoftware.com\/wp-content\/uploads\/2025\/12\/Dipu_AmparitoRoca2-2048x1365.jpg 2048w\" sizes=\"auto, (max-width: 1024px) 100vw, 1024px\" \/><\/figure>\n\n\n\n<figure class=\"wp-block-image size-large\"><img loading=\"lazy\" decoding=\"async\" width=\"1024\" height=\"683\" data-id=\"287853\" src=\"https:\/\/www.tucomarca.com\/wordpress\/segunda\/wp-content\/uploads\/2025\/12\/Dipu_AmparitoRoca1-1024x683.jpg\" alt=\"\" class=\"wp-image-287853\" srcset=\"https:\/\/tucomarca.whitekongsoftware.com\/wp-content\/uploads\/2025\/12\/Dipu_AmparitoRoca1-1024x683.jpg 1024w, https:\/\/tucomarca.whitekongsoftware.com\/wp-content\/uploads\/2025\/12\/Dipu_AmparitoRoca1-300x200.jpg 300w, https:\/\/tucomarca.whitekongsoftware.com\/wp-content\/uploads\/2025\/12\/Dipu_AmparitoRoca1-768x512.jpg 768w, https:\/\/tucomarca.whitekongsoftware.com\/wp-content\/uploads\/2025\/12\/Dipu_AmparitoRoca1-1536x1024.jpg 1536w, https:\/\/tucomarca.whitekongsoftware.com\/wp-content\/uploads\/2025\/12\/Dipu_AmparitoRoca1-2048x1365.jpg 2048w\" sizes=\"auto, (max-width: 1024px) 100vw, 1024px\" \/><\/figure>\n<\/figure>\n\n\n\n<p class=\"wp-block-paragraph\"><strong>&#8216;Qui era Amparito Roca?&#8217;&nbsp;<\/strong><\/p>\n\n\n\n<p class=\"wp-block-paragraph\">Durant l&#8217;acte, s&#8217;ha projectat tamb\u00e9 el v\u00eddeo divulgatiu &#8216;Qui era Amparito Roca?&#8217;, realitzat pel departament de Foment de l\u2019\u00das del Valenci\u00e0 per a commemorar el centenari del m\u00edtic pasdoble. Es tracta d&#8217;un audiovisual de dos minuts de duraci\u00f3 que explica qui va ser Jaume Texidor, compositor del pasdoble, aix\u00ed com Amparito Roca, i l&#8217;extraordin\u00e0ria difusi\u00f3 de la pe\u00e7a musical. Tal com ha explicat la responsable del departament, Immaculada Cerd\u00e0, en l&#8217;audiovisual &#8220;es desprenen tamb\u00e9 els valors associats a la m\u00fasica com a part de l&#8217;ADN del poble valenci\u00e0 i la gran labor social que fan les escoles de m\u00fasica&#8221;.<\/p>\n\n\n\n<p class=\"wp-block-paragraph\">La m\u00fasica \u00e9s una interpretaci\u00f3 de l&#8217;obra gravada en 2024 per la Banda Uni\u00f3 Musical de Carlet. Aix\u00ed mateix, el v\u00eddeo compta amb la locuci\u00f3 de la presentadora del programa radiof\u00f2nic \u2018Los&nbsp; 40 Principales Val\u00e8ncia\u2019, de la Cadena SER, Clara Laguarda, i ha comptat amb l&#8217;assessorament d&#8217;\u00c0ngel Valero, l&#8217;autor del llibre i de l&#8217;Arxiu de l&#8217;Ajuntament de Carlet.<\/p>\n\n\n\n<p class=\"wp-block-paragraph\">Enlla\u00e7 directe al v\u00eddeo: <a href=\"https:\/\/youtu.be\/_GCR4dwTTEs\">V\u00eddeo Qui era Amparito Roca?<\/a><\/p>\n\n\n\n<p class=\"wp-block-paragraph\"><strong>Impacte internacional<\/strong><\/p>\n\n\n\n<p class=\"wp-block-paragraph\">D&#8217;altra banda, l&#8217;\u00e0rea de Cultura de la Diputaci\u00f3 de Val\u00e8ncia est\u00e0 treballant en el desenvolupament d&#8217;un documental mitjan\u00e7ant el qual s&#8217;oferir\u00e0 una mirada a l&#8217;impacte internacional que ha tingut esta pe\u00e7a musical, interpretada i escoltada en multitud de pa\u00efsos des de la seua creaci\u00f3, la qual cosa demostra que <em>Amparito Roca<\/em> \u00e9s un dels pasdobles m\u00e9s internacionals. Durant l&#8217;acte s&#8217;ha presentat un avan\u00e7 del document audiovisual, que arreplega entrevistes als grans protagonistes del m\u00f3n de la m\u00fasica al voltant de Jaume Texidor i Amparito Roca, amb testimoniatges de ve\u00efns de Carlet i de Manises, entre altres localitats.<\/p>\n","protected":false},"excerpt":{"rendered":"<div class=\"mh-excerpt\">El president Vicent Momp\u00f3 ha assenyalat que la Diputaci\u00f3 de Val\u00e8ncia &#8220;treballar\u00e0 perqu\u00e8 el pasdoble siga declarat com a \u2018B\u00e9 d&#8217;Inter\u00e9s Cultural Immaterial de la Prov\u00edncia\u2019. La Diputaci\u00f3 de Val\u00e8ncia ha presentat esta vesprada el <a class=\"mh-excerpt-more\" href=\"https:\/\/tucomarca.whitekongsoftware.com\/ca\/la-diputacio-sendinsa-en-la-historia-damparito-roca-el-centenari-pasdoble-de-jaume-texidor\/\" title=\"La Diputaci\u00f3 s&#8217;endinsa en la hist\u00f2ria d&#8217;Amparito Roca&#8217;, el centenari pasdoble de Jaume Texidor\">[+] <\/a><\/div>\n","protected":false},"author":12,"featured_media":287858,"comment_status":"open","ping_status":"open","sticky":false,"template":"","format":"standard","meta":{"footnotes":""},"categories":[11005,10990,10898,10894,10904,10902,11007,10896],"tags":[11199,21009,15856],"class_list":["post-287860","post","type-post","status-publish","format-standard","has-post-thumbnail","category-canal-musica","category-carlet-ca","category-ventana-ca","category-la-comarca-ca","category-sin-categorizar-ca","category-la-ribera-ca","category-ocio-y-cultura-ca","category-seccion-ca","tag-la-comunitat-ca","tag-la-diputacio-de-valencia-ca","tag-ocio-y-cultura-ca"],"_links":{"self":[{"href":"https:\/\/tucomarca.whitekongsoftware.com\/ca\/wp-json\/wp\/v2\/posts\/287860","targetHints":{"allow":["GET"]}}],"collection":[{"href":"https:\/\/tucomarca.whitekongsoftware.com\/ca\/wp-json\/wp\/v2\/posts"}],"about":[{"href":"https:\/\/tucomarca.whitekongsoftware.com\/ca\/wp-json\/wp\/v2\/types\/post"}],"author":[{"embeddable":true,"href":"https:\/\/tucomarca.whitekongsoftware.com\/ca\/wp-json\/wp\/v2\/users\/12"}],"replies":[{"embeddable":true,"href":"https:\/\/tucomarca.whitekongsoftware.com\/ca\/wp-json\/wp\/v2\/comments?post=287860"}],"version-history":[{"count":0,"href":"https:\/\/tucomarca.whitekongsoftware.com\/ca\/wp-json\/wp\/v2\/posts\/287860\/revisions"}],"wp:featuredmedia":[{"embeddable":true,"href":"https:\/\/tucomarca.whitekongsoftware.com\/ca\/wp-json\/wp\/v2\/media\/287858"}],"wp:attachment":[{"href":"https:\/\/tucomarca.whitekongsoftware.com\/ca\/wp-json\/wp\/v2\/media?parent=287860"}],"wp:term":[{"taxonomy":"category","embeddable":true,"href":"https:\/\/tucomarca.whitekongsoftware.com\/ca\/wp-json\/wp\/v2\/categories?post=287860"},{"taxonomy":"post_tag","embeddable":true,"href":"https:\/\/tucomarca.whitekongsoftware.com\/ca\/wp-json\/wp\/v2\/tags?post=287860"}],"curies":[{"name":"wp","href":"https:\/\/api.w.org\/{rel}","templated":true}]}}