{"id":287796,"date":"2025-12-12T11:30:00","date_gmt":"2025-12-12T10:30:00","guid":{"rendered":"https:\/\/www.tucomarca.com\/wordpress\/segunda\/?p=287796"},"modified":"2025-12-12T14:51:13","modified_gmt":"2025-12-12T13:51:13","slug":"el-diputat-de-medi-ambient-visita-alborache-per-a-abordar-millores-en-la-prevencio-dincendis-i-actuacions-en-les-zones-urba-forestals","status":"publish","type":"post","link":"https:\/\/tucomarca.whitekongsoftware.com\/ca\/el-diputat-de-medi-ambient-visita-alborache-per-a-abordar-millores-en-la-prevencio-dincendis-i-actuacions-en-les-zones-urba-forestals\/","title":{"rendered":"El diputat de Medi Ambient visita Alborache per a abordar millores en la prevenci\u00f3 d&#8217;incendis i actuacions en les zones urb\u00e0-forestals"},"content":{"rendered":"\n<p class=\"wp-block-paragraph\">Dimecres passat, Alborache va rebre la visita del diputat de l\u2019\u00e0rea de Medi Ambient, Prevenci\u00f3 de Riscos Forestals i Desenvolupament Rural, <strong>Avelino Mascarrell<\/strong>, acompanyat pel gerent <strong>Marcial D\u00edaz<\/strong> i per l\u2019equip t\u00e8cnic del <strong>Consorci Provincial de Bombers<\/strong>.<\/p>\n\n\n\n<p class=\"wp-block-paragraph\">Durant la jornada es va mantindre una reuni\u00f3 de treball en qu\u00e8 es van tractar diversos assumptes d\u2019inter\u00e9s general per al municipi, entre ells la <strong>possible remodelaci\u00f3 de la base de la brigada forestal<\/strong> i la planificaci\u00f3 de les <strong>actuacions previstes en les diferents interf\u00edcies urb\u00e0-forestals<\/strong> de la poblaci\u00f3, zones especialment sensibles per la seua proximitat a l\u2019entorn natural.<\/p>\n\n\n\n<figure class=\"wp-block-image size-large\"><img loading=\"lazy\" decoding=\"async\" width=\"1024\" height=\"768\" src=\"http:\/\/www.tucomarca.com\/wordpress\/segunda\/wp-content\/uploads\/2025\/12\/AlboracheAvelino3-1024x768.jpg\" alt=\"\" class=\"wp-image-287793\" srcset=\"https:\/\/tucomarca.whitekongsoftware.com\/wp-content\/uploads\/2025\/12\/AlboracheAvelino3-1024x768.jpg 1024w, https:\/\/tucomarca.whitekongsoftware.com\/wp-content\/uploads\/2025\/12\/AlboracheAvelino3-300x225.jpg 300w, https:\/\/tucomarca.whitekongsoftware.com\/wp-content\/uploads\/2025\/12\/AlboracheAvelino3-768x576.jpg 768w, https:\/\/tucomarca.whitekongsoftware.com\/wp-content\/uploads\/2025\/12\/AlboracheAvelino3-1536x1152.jpg 1536w, https:\/\/tucomarca.whitekongsoftware.com\/wp-content\/uploads\/2025\/12\/AlboracheAvelino3-678x509.jpg 678w, https:\/\/tucomarca.whitekongsoftware.com\/wp-content\/uploads\/2025\/12\/AlboracheAvelino3-326x245.jpg 326w, https:\/\/tucomarca.whitekongsoftware.com\/wp-content\/uploads\/2025\/12\/AlboracheAvelino3-80x60.jpg 80w, https:\/\/tucomarca.whitekongsoftware.com\/wp-content\/uploads\/2025\/12\/AlboracheAvelino3.jpg 1600w\" sizes=\"auto, (max-width: 1024px) 100vw, 1024px\" \/><\/figure>\n\n\n\n<p class=\"wp-block-paragraph\">Despr\u00e9s de la reuni\u00f3, la comitiva va visitar la <strong>Urbanitzaci\u00f3 Font del Mico<\/strong>, on es van reunir amb el president de la comunitat de ve\u00efns, <strong>Luis Torres<\/strong>. En esta trobada, els residents van poder traslladar directament al diputat les seues inquietuds en mat\u00e8ria de <strong>prevenci\u00f3 d\u2019incendis<\/strong>, especialment despr\u00e9s del recent incendi registrat a Bu\u00f1ol, que ha generat una especial preocupaci\u00f3 entre la ciutadania.<\/p>\n\n\n\n<p class=\"wp-block-paragraph\">L&#8217;Ajuntament d\u2019Alborache ha agra\u00eft p\u00fablicament la visita i l\u2019inter\u00e9s mostrat pel diputat i pel Consorci Provincial de Bombers, destacant la import\u00e0ncia de continuar treballant de manera coordinada per a millorar la seguretat i la qualitat dels serveis al municipi.<\/p>\n","protected":false},"excerpt":{"rendered":"<div class=\"mh-excerpt\">Dimecres passat, Alborache va rebre la visita del diputat de l\u2019\u00e0rea de Medi Ambient, Prevenci\u00f3 de Riscos Forestals i Desenvolupament Rural, Avelino Mascarrell, acompanyat pel gerent Marcial D\u00edaz i per l\u2019equip t\u00e8cnic del Consorci Provincial <a class=\"mh-excerpt-more\" href=\"https:\/\/tucomarca.whitekongsoftware.com\/ca\/el-diputat-de-medi-ambient-visita-alborache-per-a-abordar-millores-en-la-prevencio-dincendis-i-actuacions-en-les-zones-urba-forestals\/\" title=\"El diputat de Medi Ambient visita Alborache per a abordar millores en la prevenci\u00f3 d&#8217;incendis i actuacions en les zones urb\u00e0-forestals\">[+] <\/a><\/div>\n","protected":false},"author":12,"featured_media":287792,"comment_status":"open","ping_status":"open","sticky":false,"template":"","format":"standard","meta":{"footnotes":""},"categories":[10973,10898,10948,10894,10912,10903,10947,10896,10897],"tags":[11224,20593,10914,12166],"class_list":["post-287796","post","type-post","status-publish","format-standard","has-post-thumbnail","category-alborache-ca","category-ventana-ca","category-infraestructuras-ca","category-la-comarca-ca","category-la-hoya-ca","category-medio-ambiente-la-comarca-ca","category-politica","category-seccion-ca","category-sucesos-la-comarca-ca","tag-alborache-ca","tag-consorcio-de-bomberos-de-la-diputacio-ca","tag-la-hoya-de-bunol-chiva-ca","tag-medio-ambiente-ca"],"_links":{"self":[{"href":"https:\/\/tucomarca.whitekongsoftware.com\/ca\/wp-json\/wp\/v2\/posts\/287796","targetHints":{"allow":["GET"]}}],"collection":[{"href":"https:\/\/tucomarca.whitekongsoftware.com\/ca\/wp-json\/wp\/v2\/posts"}],"about":[{"href":"https:\/\/tucomarca.whitekongsoftware.com\/ca\/wp-json\/wp\/v2\/types\/post"}],"author":[{"embeddable":true,"href":"https:\/\/tucomarca.whitekongsoftware.com\/ca\/wp-json\/wp\/v2\/users\/12"}],"replies":[{"embeddable":true,"href":"https:\/\/tucomarca.whitekongsoftware.com\/ca\/wp-json\/wp\/v2\/comments?post=287796"}],"version-history":[{"count":0,"href":"https:\/\/tucomarca.whitekongsoftware.com\/ca\/wp-json\/wp\/v2\/posts\/287796\/revisions"}],"wp:featuredmedia":[{"embeddable":true,"href":"https:\/\/tucomarca.whitekongsoftware.com\/ca\/wp-json\/wp\/v2\/media\/287792"}],"wp:attachment":[{"href":"https:\/\/tucomarca.whitekongsoftware.com\/ca\/wp-json\/wp\/v2\/media?parent=287796"}],"wp:term":[{"taxonomy":"category","embeddable":true,"href":"https:\/\/tucomarca.whitekongsoftware.com\/ca\/wp-json\/wp\/v2\/categories?post=287796"},{"taxonomy":"post_tag","embeddable":true,"href":"https:\/\/tucomarca.whitekongsoftware.com\/ca\/wp-json\/wp\/v2\/tags?post=287796"}],"curies":[{"name":"wp","href":"https:\/\/api.w.org\/{rel}","templated":true}]}}