{"id":287711,"date":"2025-12-11T09:55:00","date_gmt":"2025-12-11T08:55:00","guid":{"rendered":"https:\/\/www.tucomarca.com\/wordpress\/segunda\/?p=287711"},"modified":"2025-12-11T21:03:00","modified_gmt":"2025-12-11T20:03:00","slug":"el-cel-de-la-reserva-de-la-biosfera-de-lalt-turia-torna-a-brillar-renovada-com-a-destinacio-turistica-starlight-i-reconeguda-com-a-nova-reserva-starlight","status":"publish","type":"post","link":"https:\/\/tucomarca.whitekongsoftware.com\/ca\/el-cel-de-la-reserva-de-la-biosfera-de-lalt-turia-torna-a-brillar-renovada-com-a-destinacio-turistica-starlight-i-reconeguda-com-a-nova-reserva-starlight\/","title":{"rendered":"El cel de la Reserva de la Biosfera de l&#8217;Alt T\u00faria torna a brillar: renovada com a Destinaci\u00f3 Tur\u00edstica Starlight i reconeguda com a nova Reserva Starlight"},"content":{"rendered":"\n<p class=\"wp-block-paragraph\">La Reserva de la Biosfera del Alto Turia (RBAT) ha presentat hui, 11 de desembre, a les 11,15 hores, en la seu de la Mancomunitat del Alto Turia (Tu\u00e9jar), la declaraci\u00f3 de Reserva Starlight i Destinaci\u00f3 Starlight.<br>La RBAT ha aconseguit un doble reconeixement de gran rellev\u00e0ncia internacional. La Fundaci\u00f3n Starlight ha renovat la certificaci\u00f3 de Destinaci\u00f3 Tur\u00edstica Starlight \u2014obtinguda per primera vegada el 2018\u2014 i ha atorgat, a m\u00e9s, el prestigi\u00f3s segell de Reserva Starlight, una distinci\u00f3 que nom\u00e9s posse\u00efxen unes poques zones del planeta a causa de l\u2019excepcional qualitat del seu cel nocturn i el seu ferm comprom\u00eds amb la protecci\u00f3 de l\u2019entorn.<\/p>\n\n\n\n<figure class=\"wp-block-image size-large\"><img loading=\"lazy\" decoding=\"async\" width=\"1024\" height=\"724\" src=\"http:\/\/www.tucomarca.com\/wordpress\/segunda\/wp-content\/uploads\/2025\/12\/AltoTuriaCertificadoStarlight-1024x724.jpg\" alt=\"\" class=\"wp-image-287707\" srcset=\"https:\/\/tucomarca.whitekongsoftware.com\/wp-content\/uploads\/2025\/12\/AltoTuriaCertificadoStarlight-1024x724.jpg 1024w, https:\/\/tucomarca.whitekongsoftware.com\/wp-content\/uploads\/2025\/12\/AltoTuriaCertificadoStarlight-300x212.jpg 300w, https:\/\/tucomarca.whitekongsoftware.com\/wp-content\/uploads\/2025\/12\/AltoTuriaCertificadoStarlight-768x543.jpg 768w, https:\/\/tucomarca.whitekongsoftware.com\/wp-content\/uploads\/2025\/12\/AltoTuriaCertificadoStarlight.jpg 1181w\" sizes=\"auto, (max-width: 1024px) 100vw, 1024px\" \/><\/figure>\n\n\n\n<p class=\"wp-block-paragraph\">Inicialment, Susana Romero, gestora de la RBAT, ha realitzat una breu introducci\u00f3 donant pas a Antonia Varela (presidenta de la Fundaci\u00f3n Starlight), que ha exposat els reptes, oportunitats i obligacions que suposa ser tant destinaci\u00f3 com, sobretot, Reserva Starlight.<\/p>\n\n\n\n<p class=\"wp-block-paragraph\">La Fundaci\u00f3n Starlight, creada per l\u2019Instituto de Astrof\u00edsica de Canarias, treballa des de 2009 per preservar el cel nocturn com un recurs cient\u00edfic, cultural, mediambiental i tur\u00edstic de primer nivell. Les seues certificacions avalen aquells territoris que protegisquen activament l\u2019obscuritat natural de la nit i fomenten un model de turisme sostenible vinculat a l\u2019observaci\u00f3 astron\u00f2mica.<\/p>\n\n\n\n<p class=\"wp-block-paragraph\">La renovaci\u00f3 del t\u00edtol de Destinaci\u00f3 Tur\u00edstica Starlight confirma que l\u2019Alto Turia mant\u00e9 un cel net, amb il\u00b7luminaci\u00f3 responsable, servicis tur\u00edstics formats i activitats espec\u00edfiques d\u2019astroturisme. El reconeixement com a Reserva Starlight suposa un pas encara m\u00e9s gran: acredita que tot el territori \u2014incloent-hi la seua zona nucli, la seua \u00e0rea d\u2019amortiment i la seua zona de transici\u00f3\u2014 treballa de manera coordinada per preservar l\u2019obscuritat natural i minimitzar la contaminaci\u00f3 lum\u00ednica.<\/p>\n\n\n\n<p class=\"wp-block-paragraph\">Tots dos segells consoliden l\u2019Alto Turia com un referent internacional en astroturisme i obrin noves oportunitats per a un turisme respectu\u00f3s, innovador i de gran valor afegit. Amb aix\u00f2, la Reserva de la Biosfera refor\u00e7a la seua aposta per la sostenibilitat, la divulgaci\u00f3 cient\u00edfica i la protecci\u00f3 del paisatge nocturn, un dels seus recursos m\u00e9s singulars.<\/p>\n\n\n\n<p class=\"wp-block-paragraph\">Per a l\u2019obtenci\u00f3 i renovaci\u00f3 d\u2019estes certificacions, els territoris han d\u2019adherir-se a la Declaraci\u00f3 de La Palma (2007), sotmetre\u2019s a mesuraments cient\u00edfics de la qualitat del cel, auditories t\u00e8cniques i revisions peri\u00f2diques que garantixen el manteniment dels est\u00e0ndards exigits.<\/p>\n\n\n\n<p class=\"wp-block-paragraph\">Despr\u00e9s de la intervenci\u00f3 d\u2019Antonia Varela, Ramiro Rivera, president del Consell Rector de la RBAT, ha dedicat unes paraules donant suport a la intervenci\u00f3 d\u2019Antonia Varela i agraint el treball realitzat per tots els actors implicats en l\u2019obtenci\u00f3 d\u2019esta certificaci\u00f3, aix\u00ed com la labor de les empreses i associacions del territori que treballen en l\u2019astroturisme, la investigaci\u00f3 i la divulgaci\u00f3 astron\u00f2mica.<\/p>\n\n\n\n<p class=\"wp-block-paragraph\">La RBAT, una vegada m\u00e9s, es posiciona al costat de la sostenibilitat i es compromet a continuar lluitant pels seus cels \u00fanics.<\/p>\n","protected":false},"excerpt":{"rendered":"<div class=\"mh-excerpt\">La Reserva de la Biosfera del Alto Turia (RBAT) ha presentat hui, 11 de desembre, a les 11,15 hores, en la seu de la Mancomunitat del Alto Turia (Tu\u00e9jar), la declaraci\u00f3 de Reserva Starlight i <a class=\"mh-excerpt-more\" href=\"https:\/\/tucomarca.whitekongsoftware.com\/ca\/el-cel-de-la-reserva-de-la-biosfera-de-lalt-turia-torna-a-brillar-renovada-com-a-destinacio-turistica-starlight-i-reconeguda-com-a-nova-reserva-starlight\/\" title=\"El cel de la Reserva de la Biosfera de l&#8217;Alt T\u00faria torna a brillar: renovada com a Destinaci\u00f3 Tur\u00edstica Starlight i reconeguda com a nova Reserva Starlight\">[+] <\/a><\/div>\n","protected":false},"author":12,"featured_media":287706,"comment_status":"open","ping_status":"open","sticky":false,"template":"","format":"standard","meta":{"footnotes":""},"categories":[10890,11046,10898,10948,10894,10903,11007,10896,11028],"tags":[23539,11928,11080,13167,13010],"class_list":["post-287711","post","type-post","status-publish","format-standard","has-post-thumbnail","category-ademus","category-los-serranos-ca","category-ventana-ca","category-infraestructuras-ca","category-la-comarca-ca","category-medio-ambiente-la-comarca-ca","category-ocio-y-cultura-ca","category-seccion-ca","category-tuejar-ca","tag-destino-turistico-starligth-ca","tag-la-serrania-ca","tag-los-serranos-ca","tag-mancomunidad-alto-turia-ca","tag-reserva-de-la-biosfera-del-alto-turia-ca"],"_links":{"self":[{"href":"https:\/\/tucomarca.whitekongsoftware.com\/ca\/wp-json\/wp\/v2\/posts\/287711","targetHints":{"allow":["GET"]}}],"collection":[{"href":"https:\/\/tucomarca.whitekongsoftware.com\/ca\/wp-json\/wp\/v2\/posts"}],"about":[{"href":"https:\/\/tucomarca.whitekongsoftware.com\/ca\/wp-json\/wp\/v2\/types\/post"}],"author":[{"embeddable":true,"href":"https:\/\/tucomarca.whitekongsoftware.com\/ca\/wp-json\/wp\/v2\/users\/12"}],"replies":[{"embeddable":true,"href":"https:\/\/tucomarca.whitekongsoftware.com\/ca\/wp-json\/wp\/v2\/comments?post=287711"}],"version-history":[{"count":0,"href":"https:\/\/tucomarca.whitekongsoftware.com\/ca\/wp-json\/wp\/v2\/posts\/287711\/revisions"}],"wp:featuredmedia":[{"embeddable":true,"href":"https:\/\/tucomarca.whitekongsoftware.com\/ca\/wp-json\/wp\/v2\/media\/287706"}],"wp:attachment":[{"href":"https:\/\/tucomarca.whitekongsoftware.com\/ca\/wp-json\/wp\/v2\/media?parent=287711"}],"wp:term":[{"taxonomy":"category","embeddable":true,"href":"https:\/\/tucomarca.whitekongsoftware.com\/ca\/wp-json\/wp\/v2\/categories?post=287711"},{"taxonomy":"post_tag","embeddable":true,"href":"https:\/\/tucomarca.whitekongsoftware.com\/ca\/wp-json\/wp\/v2\/tags?post=287711"}],"curies":[{"name":"wp","href":"https:\/\/api.w.org\/{rel}","templated":true}]}}