{"id":287689,"date":"2025-12-11T11:45:00","date_gmt":"2025-12-11T10:45:00","guid":{"rendered":"https:\/\/www.tucomarca.com\/wordpress\/segunda\/?p=287689"},"modified":"2025-12-11T13:06:48","modified_gmt":"2025-12-11T12:06:48","slug":"bombers-del-consorci-sufoquen-durant-la-nit-en-un-incendi-industrial-a-alzira","status":"publish","type":"post","link":"https:\/\/tucomarca.whitekongsoftware.com\/ca\/bombers-del-consorci-sufoquen-durant-la-nit-en-un-incendi-industrial-a-alzira\/","title":{"rendered":"Bombers del Consorci sufoquen durant la nit en un incendi industrial a Alzira"},"content":{"rendered":"\n<p class=\"wp-block-paragraph\">Els Bombers del Consorci Provincial han intervingut durant la passada nit en un incendi declarat en una instal\u00b7laci\u00f3 industrial situada a Alzira. Fins al lloc s\u2019hi van despla\u00e7ar diverses dotacions que, al llarg de la matinada, han anat fent relleus per garantir una intervenci\u00f3 cont\u00ednua i segura.<\/p>\n\n\n\n<p class=\"wp-block-paragraph\">Els efectius han aconseguit frenar la propagaci\u00f3 del foc, una de les prioritats establides des de l\u2019inici de l\u2019actuaci\u00f3, i l\u2019incendi evoluciona de manera favorable. En aquests moments, continuen els treballs d\u2019extinci\u00f3 i control amb quatre dotacions operatives en la zona.<\/p>\n\n\n\n<p class=\"wp-block-paragraph\">Fonts del Consorci han destacat que el sinistre s\u2019ha produ\u00eft en una nau interm\u00e8dia destinada a l\u2019emmagatzematge temporal de material per al seu posterior trasllat, i han subratllat que no es tracta d\u2019una planta de reciclatge. Per este motiu, a l\u2019interior hi havia bidons i altres materials que no s\u00f3n propis d\u2019activitats de reciclatge, fet que ha condicionat part de la intervenci\u00f3.<\/p>\n\n\n\n<figure class=\"wp-block-gallery has-nested-images columns-default is-cropped wp-block-gallery-1 is-layout-flex wp-block-gallery-is-layout-flex\">\n<figure class=\"wp-block-image size-large\"><img loading=\"lazy\" decoding=\"async\" width=\"1024\" height=\"575\" data-id=\"287679\" src=\"https:\/\/www.tucomarca.com\/wordpress\/segunda\/wp-content\/uploads\/2025\/12\/BomberosAlzira2-1024x575.jpeg\" alt=\"\" class=\"wp-image-287679\" srcset=\"https:\/\/tucomarca.whitekongsoftware.com\/wp-content\/uploads\/2025\/12\/BomberosAlzira2-1024x575.jpeg 1024w, https:\/\/tucomarca.whitekongsoftware.com\/wp-content\/uploads\/2025\/12\/BomberosAlzira2-300x169.jpeg 300w, https:\/\/tucomarca.whitekongsoftware.com\/wp-content\/uploads\/2025\/12\/BomberosAlzira2-768x432.jpeg 768w, https:\/\/tucomarca.whitekongsoftware.com\/wp-content\/uploads\/2025\/12\/BomberosAlzira2-1536x863.jpeg 1536w, https:\/\/tucomarca.whitekongsoftware.com\/wp-content\/uploads\/2025\/12\/BomberosAlzira2-678x381.jpeg 678w, https:\/\/tucomarca.whitekongsoftware.com\/wp-content\/uploads\/2025\/12\/BomberosAlzira2.jpeg 1920w\" sizes=\"auto, (max-width: 1024px) 100vw, 1024px\" \/><\/figure>\n\n\n\n<figure class=\"wp-block-image size-large\"><img loading=\"lazy\" decoding=\"async\" width=\"1024\" height=\"575\" data-id=\"287678\" src=\"https:\/\/www.tucomarca.com\/wordpress\/segunda\/wp-content\/uploads\/2025\/12\/BomberosAlzira3-1024x575.jpeg\" alt=\"\" class=\"wp-image-287678\" srcset=\"https:\/\/tucomarca.whitekongsoftware.com\/wp-content\/uploads\/2025\/12\/BomberosAlzira3-1024x575.jpeg 1024w, https:\/\/tucomarca.whitekongsoftware.com\/wp-content\/uploads\/2025\/12\/BomberosAlzira3-300x169.jpeg 300w, https:\/\/tucomarca.whitekongsoftware.com\/wp-content\/uploads\/2025\/12\/BomberosAlzira3-768x432.jpeg 768w, https:\/\/tucomarca.whitekongsoftware.com\/wp-content\/uploads\/2025\/12\/BomberosAlzira3-1536x863.jpeg 1536w, https:\/\/tucomarca.whitekongsoftware.com\/wp-content\/uploads\/2025\/12\/BomberosAlzira3-678x381.jpeg 678w, https:\/\/tucomarca.whitekongsoftware.com\/wp-content\/uploads\/2025\/12\/BomberosAlzira3.jpeg 1920w\" sizes=\"auto, (max-width: 1024px) 100vw, 1024px\" \/><\/figure>\n<\/figure>\n","protected":false},"excerpt":{"rendered":"<div class=\"mh-excerpt\">Els Bombers del Consorci Provincial han intervingut durant la passada nit en un incendi declarat en una instal\u00b7laci\u00f3 industrial situada a Alzira. Fins al lloc s\u2019hi van despla\u00e7ar diverses dotacions que, al llarg de la <a class=\"mh-excerpt-more\" href=\"https:\/\/tucomarca.whitekongsoftware.com\/ca\/bombers-del-consorci-sufoquen-durant-la-nit-en-un-incendi-industrial-a-alzira\/\" title=\"Bombers del Consorci sufoquen durant la nit en un incendi industrial a Alzira\">[+] <\/a><\/div>\n","protected":false},"author":12,"featured_media":287686,"comment_status":"open","ping_status":"open","sticky":false,"template":"","format":"gallery","meta":{"footnotes":""},"categories":[10889,10898,10948,10894,10902,10903,10896,10897],"tags":[11192,20509,11356],"class_list":["post-287689","post","type-post","status-publish","format-gallery","has-post-thumbnail","category-alzira-cat","category-ventana-ca","category-infraestructuras-ca","category-la-comarca-ca","category-la-ribera-ca","category-medio-ambiente-la-comarca-ca","category-seccion-ca","category-sucesos-la-comarca-ca","tag-alzira-ca","tag-consorcio-de-bomberos-de-valencia-ca","tag-ribera-alta-ca","post_format-post-format-gallery"],"_links":{"self":[{"href":"https:\/\/tucomarca.whitekongsoftware.com\/ca\/wp-json\/wp\/v2\/posts\/287689","targetHints":{"allow":["GET"]}}],"collection":[{"href":"https:\/\/tucomarca.whitekongsoftware.com\/ca\/wp-json\/wp\/v2\/posts"}],"about":[{"href":"https:\/\/tucomarca.whitekongsoftware.com\/ca\/wp-json\/wp\/v2\/types\/post"}],"author":[{"embeddable":true,"href":"https:\/\/tucomarca.whitekongsoftware.com\/ca\/wp-json\/wp\/v2\/users\/12"}],"replies":[{"embeddable":true,"href":"https:\/\/tucomarca.whitekongsoftware.com\/ca\/wp-json\/wp\/v2\/comments?post=287689"}],"version-history":[{"count":0,"href":"https:\/\/tucomarca.whitekongsoftware.com\/ca\/wp-json\/wp\/v2\/posts\/287689\/revisions"}],"wp:featuredmedia":[{"embeddable":true,"href":"https:\/\/tucomarca.whitekongsoftware.com\/ca\/wp-json\/wp\/v2\/media\/287686"}],"wp:attachment":[{"href":"https:\/\/tucomarca.whitekongsoftware.com\/ca\/wp-json\/wp\/v2\/media?parent=287689"}],"wp:term":[{"taxonomy":"category","embeddable":true,"href":"https:\/\/tucomarca.whitekongsoftware.com\/ca\/wp-json\/wp\/v2\/categories?post=287689"},{"taxonomy":"post_tag","embeddable":true,"href":"https:\/\/tucomarca.whitekongsoftware.com\/ca\/wp-json\/wp\/v2\/tags?post=287689"}],"curies":[{"name":"wp","href":"https:\/\/api.w.org\/{rel}","templated":true}]}}