{"id":287517,"date":"2025-12-09T11:10:00","date_gmt":"2025-12-09T10:10:00","guid":{"rendered":"https:\/\/www.tucomarca.com\/wordpress\/segunda\/?p=287517"},"modified":"2025-12-09T22:27:30","modified_gmt":"2025-12-09T21:27:30","slug":"fotogaleria-bunyol-dona-la-benvinguda-a-nadal-amb-un-cap-de-setmana-ple-de-creativitat-i-illusio","status":"publish","type":"post","link":"https:\/\/tucomarca.whitekongsoftware.com\/ca\/fotogaleria-bunyol-dona-la-benvinguda-a-nadal-amb-un-cap-de-setmana-ple-de-creativitat-i-illusio\/","title":{"rendered":"Fotogaler\u00eda: Bunyol dona la benvinguda a Nadal amb un cap de setmana ple de creativitat i il\u00b7lusi\u00f3"},"content":{"rendered":"\n<p class=\"wp-block-paragraph\">Bunyol ha iniciat oficialment la seua programaci\u00f3 nadalenca amb un cap de setmana replet d&#8217;activitats que van donar el tret d&#8217;eixida a l&#8217;ambient festiu en el municipi. Despr\u00e9s de l&#8217;encesa de llums del passat divendres, la Sala El Mercat es va omplir el diumenge de color, creativitat i esperit nadalenc gr\u00e0cies al Taller de Corones Nadalenques.<\/p>\n\n\n\n<p class=\"wp-block-paragraph\">L&#8217;activitat, impartida per <em>Eventual Moments<\/em>, va reunir adults i xiquets en una jornada on cada participant va poder dissenyar i elaborar la seua pr\u00f2pia corona decorativa. El taller va destacar per l&#8217;originalitat de les propostes i la implicaci\u00f3 de totes les persones assistents, que van gaudir creant peces \u00faniques i plenes d&#8217;encant.<\/p>\n\n\n\n<p class=\"wp-block-paragraph\">Des de l&#8217;Ajuntament agraeixen la participaci\u00f3 de la ciutadania i la col\u00b7laboraci\u00f3 d&#8217;<em>Eventual Moments<\/em>, que van contribuir a convertir la sala en un xicotet taller de m\u00e0gia nadalenca: \u201cAix\u00ed dona gust comen\u00e7ar desembre\u201d, van assenyalar des de l&#8217;organitzaci\u00f3.<\/p>\n\n\n\n<p class=\"wp-block-paragraph\">Aquest ha sigut nom\u00e9s el comen\u00e7ament d&#8217;un ampli programa d&#8217;activitats que omplir\u00e0 Bunyol de m\u00fasica, tallers, tradici\u00f3 i moments especials durant tot el mes.<\/p>\n\n\n\n<figure class=\"wp-block-gallery has-nested-images columns-2 is-cropped wp-block-gallery-1 is-layout-flex wp-block-gallery-is-layout-flex\">\n<figure class=\"wp-block-image size-large\"><img loading=\"lazy\" decoding=\"async\" width=\"768\" height=\"1024\" data-id=\"287485\" src=\"https:\/\/www.tucomarca.com\/wordpress\/segunda\/wp-content\/uploads\/2025\/12\/NavidadBunolCoronas00-768x1024.jpg\" alt=\"\" class=\"wp-image-287485\" srcset=\"https:\/\/tucomarca.whitekongsoftware.com\/wp-content\/uploads\/2025\/12\/NavidadBunolCoronas00-768x1024.jpg 768w, https:\/\/tucomarca.whitekongsoftware.com\/wp-content\/uploads\/2025\/12\/NavidadBunolCoronas00-225x300.jpg 225w, https:\/\/tucomarca.whitekongsoftware.com\/wp-content\/uploads\/2025\/12\/NavidadBunolCoronas00.jpg 886w\" sizes=\"auto, (max-width: 768px) 100vw, 768px\" \/><\/figure>\n\n\n\n<figure class=\"wp-block-image size-large\"><img loading=\"lazy\" decoding=\"async\" width=\"768\" height=\"1024\" data-id=\"287487\" src=\"https:\/\/www.tucomarca.com\/wordpress\/segunda\/wp-content\/uploads\/2025\/12\/NavidadBunolCoronas01-768x1024.jpg\" alt=\"\" class=\"wp-image-287487\" srcset=\"https:\/\/tucomarca.whitekongsoftware.com\/wp-content\/uploads\/2025\/12\/NavidadBunolCoronas01-768x1025.jpg 768w, https:\/\/tucomarca.whitekongsoftware.com\/wp-content\/uploads\/2025\/12\/NavidadBunolCoronas01-225x300.jpg 225w, https:\/\/tucomarca.whitekongsoftware.com\/wp-content\/uploads\/2025\/12\/NavidadBunolCoronas01.jpg 886w\" sizes=\"auto, (max-width: 768px) 100vw, 768px\" \/><\/figure>\n\n\n\n<figure class=\"wp-block-image size-large\"><img loading=\"lazy\" decoding=\"async\" width=\"768\" height=\"1024\" data-id=\"287489\" src=\"https:\/\/www.tucomarca.com\/wordpress\/segunda\/wp-content\/uploads\/2025\/12\/NavidadBunolCoronas02-768x1024.jpg\" alt=\"\" class=\"wp-image-287489\" srcset=\"https:\/\/tucomarca.whitekongsoftware.com\/wp-content\/uploads\/2025\/12\/NavidadBunolCoronas02-768x1024.jpg 768w, https:\/\/tucomarca.whitekongsoftware.com\/wp-content\/uploads\/2025\/12\/NavidadBunolCoronas02-225x300.jpg 225w, https:\/\/tucomarca.whitekongsoftware.com\/wp-content\/uploads\/2025\/12\/NavidadBunolCoronas02.jpg 886w\" sizes=\"auto, (max-width: 768px) 100vw, 768px\" \/><\/figure>\n\n\n\n<figure class=\"wp-block-image size-large\"><img loading=\"lazy\" decoding=\"async\" width=\"1024\" height=\"691\" data-id=\"287493\" src=\"https:\/\/www.tucomarca.com\/wordpress\/segunda\/wp-content\/uploads\/2025\/12\/NavidadBunolCoronas04-1024x691.jpg\" alt=\"\" class=\"wp-image-287493\" srcset=\"https:\/\/tucomarca.whitekongsoftware.com\/wp-content\/uploads\/2025\/12\/NavidadBunolCoronas04-1024x691.jpg 1024w, https:\/\/tucomarca.whitekongsoftware.com\/wp-content\/uploads\/2025\/12\/NavidadBunolCoronas04-300x202.jpg 300w, https:\/\/tucomarca.whitekongsoftware.com\/wp-content\/uploads\/2025\/12\/NavidadBunolCoronas04-768x518.jpg 768w, https:\/\/tucomarca.whitekongsoftware.com\/wp-content\/uploads\/2025\/12\/NavidadBunolCoronas04.jpg 1181w\" sizes=\"auto, (max-width: 1024px) 100vw, 1024px\" \/><\/figure>\n\n\n\n<figure class=\"wp-block-image size-large\"><img loading=\"lazy\" decoding=\"async\" width=\"768\" height=\"1024\" data-id=\"287505\" src=\"https:\/\/www.tucomarca.com\/wordpress\/segunda\/wp-content\/uploads\/2025\/12\/NavidadBunolCoronas10-768x1024.jpg\" alt=\"\" class=\"wp-image-287505\" srcset=\"https:\/\/tucomarca.whitekongsoftware.com\/wp-content\/uploads\/2025\/12\/NavidadBunolCoronas10-768x1024.jpg 768w, https:\/\/tucomarca.whitekongsoftware.com\/wp-content\/uploads\/2025\/12\/NavidadBunolCoronas10-225x300.jpg 225w, https:\/\/tucomarca.whitekongsoftware.com\/wp-content\/uploads\/2025\/12\/NavidadBunolCoronas10.jpg 886w\" sizes=\"auto, (max-width: 768px) 100vw, 768px\" \/><\/figure>\n\n\n\n<figure class=\"wp-block-image size-large\"><img loading=\"lazy\" decoding=\"async\" width=\"1024\" height=\"691\" data-id=\"287495\" src=\"https:\/\/www.tucomarca.com\/wordpress\/segunda\/wp-content\/uploads\/2025\/12\/NavidadBunolCoronas05-1024x691.jpg\" alt=\"\" class=\"wp-image-287495\" srcset=\"https:\/\/tucomarca.whitekongsoftware.com\/wp-content\/uploads\/2025\/12\/NavidadBunolCoronas05-1024x691.jpg 1024w, https:\/\/tucomarca.whitekongsoftware.com\/wp-content\/uploads\/2025\/12\/NavidadBunolCoronas05-300x202.jpg 300w, https:\/\/tucomarca.whitekongsoftware.com\/wp-content\/uploads\/2025\/12\/NavidadBunolCoronas05-768x518.jpg 768w, https:\/\/tucomarca.whitekongsoftware.com\/wp-content\/uploads\/2025\/12\/NavidadBunolCoronas05.jpg 1181w\" sizes=\"auto, (max-width: 1024px) 100vw, 1024px\" \/><\/figure>\n\n\n\n<figure class=\"wp-block-image size-large\"><img loading=\"lazy\" decoding=\"async\" width=\"768\" height=\"1024\" data-id=\"287499\" src=\"https:\/\/www.tucomarca.com\/wordpress\/segunda\/wp-content\/uploads\/2025\/12\/NavidadBunolCoronas07-768x1024.jpg\" alt=\"\" class=\"wp-image-287499\" srcset=\"https:\/\/tucomarca.whitekongsoftware.com\/wp-content\/uploads\/2025\/12\/NavidadBunolCoronas07-768x1024.jpg 768w, https:\/\/tucomarca.whitekongsoftware.com\/wp-content\/uploads\/2025\/12\/NavidadBunolCoronas07-225x300.jpg 225w, https:\/\/tucomarca.whitekongsoftware.com\/wp-content\/uploads\/2025\/12\/NavidadBunolCoronas07.jpg 886w\" sizes=\"auto, (max-width: 768px) 100vw, 768px\" \/><\/figure>\n\n\n\n<figure class=\"wp-block-image size-large\"><img loading=\"lazy\" decoding=\"async\" width=\"768\" height=\"1024\" data-id=\"287503\" src=\"https:\/\/www.tucomarca.com\/wordpress\/segunda\/wp-content\/uploads\/2025\/12\/NavidadBunolCoronas09-768x1024.jpg\" alt=\"\" class=\"wp-image-287503\" srcset=\"https:\/\/tucomarca.whitekongsoftware.com\/wp-content\/uploads\/2025\/12\/NavidadBunolCoronas09-768x1024.jpg 768w, https:\/\/tucomarca.whitekongsoftware.com\/wp-content\/uploads\/2025\/12\/NavidadBunolCoronas09-225x300.jpg 225w, https:\/\/tucomarca.whitekongsoftware.com\/wp-content\/uploads\/2025\/12\/NavidadBunolCoronas09.jpg 886w\" sizes=\"auto, (max-width: 768px) 100vw, 768px\" \/><\/figure>\n\n\n\n<figure class=\"wp-block-image size-large\"><img loading=\"lazy\" decoding=\"async\" width=\"768\" height=\"1024\" data-id=\"287501\" src=\"https:\/\/www.tucomarca.com\/wordpress\/segunda\/wp-content\/uploads\/2025\/12\/NavidadBunolCoronas08-768x1024.jpg\" alt=\"\" class=\"wp-image-287501\" srcset=\"https:\/\/tucomarca.whitekongsoftware.com\/wp-content\/uploads\/2025\/12\/NavidadBunolCoronas08-768x1024.jpg 768w, https:\/\/tucomarca.whitekongsoftware.com\/wp-content\/uploads\/2025\/12\/NavidadBunolCoronas08-225x300.jpg 225w, https:\/\/tucomarca.whitekongsoftware.com\/wp-content\/uploads\/2025\/12\/NavidadBunolCoronas08.jpg 886w\" sizes=\"auto, (max-width: 768px) 100vw, 768px\" \/><\/figure>\n\n\n\n<figure class=\"wp-block-image size-large\"><img loading=\"lazy\" decoding=\"async\" width=\"769\" height=\"1024\" data-id=\"287507\" src=\"https:\/\/www.tucomarca.com\/wordpress\/segunda\/wp-content\/uploads\/2025\/12\/NavidadBunolCoronas11-769x1024.jpg\" alt=\"\" class=\"wp-image-287507\" srcset=\"https:\/\/tucomarca.whitekongsoftware.com\/wp-content\/uploads\/2025\/12\/NavidadBunolCoronas11-769x1024.jpg 769w, https:\/\/tucomarca.whitekongsoftware.com\/wp-content\/uploads\/2025\/12\/NavidadBunolCoronas11-225x300.jpg 225w, https:\/\/tucomarca.whitekongsoftware.com\/wp-content\/uploads\/2025\/12\/NavidadBunolCoronas11-768x1023.jpg 768w, https:\/\/tucomarca.whitekongsoftware.com\/wp-content\/uploads\/2025\/12\/NavidadBunolCoronas11.jpg 886w\" sizes=\"auto, (max-width: 769px) 100vw, 769px\" \/><\/figure>\n\n\n\n<figure class=\"wp-block-image size-large\"><img loading=\"lazy\" decoding=\"async\" width=\"769\" height=\"1024\" data-id=\"287509\" src=\"https:\/\/www.tucomarca.com\/wordpress\/segunda\/wp-content\/uploads\/2025\/12\/NavidadBunolCoronas12-769x1024.jpg\" alt=\"\" class=\"wp-image-287509\" srcset=\"https:\/\/tucomarca.whitekongsoftware.com\/wp-content\/uploads\/2025\/12\/NavidadBunolCoronas12-769x1024.jpg 769w, https:\/\/tucomarca.whitekongsoftware.com\/wp-content\/uploads\/2025\/12\/NavidadBunolCoronas12-225x300.jpg 225w, https:\/\/tucomarca.whitekongsoftware.com\/wp-content\/uploads\/2025\/12\/NavidadBunolCoronas12-768x1023.jpg 768w, https:\/\/tucomarca.whitekongsoftware.com\/wp-content\/uploads\/2025\/12\/NavidadBunolCoronas12.jpg 886w\" sizes=\"auto, (max-width: 769px) 100vw, 769px\" \/><\/figure>\n\n\n\n<figure class=\"wp-block-image size-large\"><img loading=\"lazy\" decoding=\"async\" width=\"770\" height=\"1024\" data-id=\"287512\" src=\"https:\/\/www.tucomarca.com\/wordpress\/segunda\/wp-content\/uploads\/2025\/12\/NavidadBunolCoronas13-770x1024.jpg\" alt=\"\" class=\"wp-image-287512\" srcset=\"https:\/\/tucomarca.whitekongsoftware.com\/wp-content\/uploads\/2025\/12\/NavidadBunolCoronas13-770x1024.jpg 770w, https:\/\/tucomarca.whitekongsoftware.com\/wp-content\/uploads\/2025\/12\/NavidadBunolCoronas13-225x300.jpg 225w, https:\/\/tucomarca.whitekongsoftware.com\/wp-content\/uploads\/2025\/12\/NavidadBunolCoronas13-768x1022.jpg 768w, https:\/\/tucomarca.whitekongsoftware.com\/wp-content\/uploads\/2025\/12\/NavidadBunolCoronas13.jpg 886w\" sizes=\"auto, (max-width: 770px) 100vw, 770px\" \/><\/figure>\n<\/figure>\n","protected":false},"excerpt":{"rendered":"<div class=\"mh-excerpt\">Bunyol ha iniciat oficialment la seua programaci\u00f3 nadalenca amb un cap de setmana replet d&#8217;activitats que van donar el tret d&#8217;eixida a l&#8217;ambient festiu en el municipi. Despr\u00e9s de l&#8217;encesa de llums del passat divendres, <a class=\"mh-excerpt-more\" href=\"https:\/\/tucomarca.whitekongsoftware.com\/ca\/fotogaleria-bunyol-dona-la-benvinguda-a-nadal-amb-un-cap-de-setmana-ple-de-creativitat-i-illusio\/\" title=\"Fotogaler\u00eda: Bunyol dona la benvinguda a Nadal amb un cap de setmana ple de creativitat i il\u00b7lusi\u00f3\">[+] <\/a><\/div>\n","protected":false},"author":12,"featured_media":287498,"comment_status":"open","ping_status":"open","sticky":false,"template":"","format":"gallery","meta":{"footnotes":""},"categories":[10911,10894,10912,11004,11007,10896],"tags":[10913,19589,10914,23410],"class_list":["post-287517","post","type-post","status-publish","format-gallery","has-post-thumbnail","category-bunol-ca","category-la-comarca-ca","category-la-hoya-ca","category-la-semana-en-imagenes-ca","category-ocio-y-cultura-ca","category-seccion-ca","tag-bunol-ca","tag-eventual-moments-ca","tag-la-hoya-de-bunol-chiva-ca","tag-navidad-2025-ca","post_format-post-format-gallery"],"_links":{"self":[{"href":"https:\/\/tucomarca.whitekongsoftware.com\/ca\/wp-json\/wp\/v2\/posts\/287517","targetHints":{"allow":["GET"]}}],"collection":[{"href":"https:\/\/tucomarca.whitekongsoftware.com\/ca\/wp-json\/wp\/v2\/posts"}],"about":[{"href":"https:\/\/tucomarca.whitekongsoftware.com\/ca\/wp-json\/wp\/v2\/types\/post"}],"author":[{"embeddable":true,"href":"https:\/\/tucomarca.whitekongsoftware.com\/ca\/wp-json\/wp\/v2\/users\/12"}],"replies":[{"embeddable":true,"href":"https:\/\/tucomarca.whitekongsoftware.com\/ca\/wp-json\/wp\/v2\/comments?post=287517"}],"version-history":[{"count":0,"href":"https:\/\/tucomarca.whitekongsoftware.com\/ca\/wp-json\/wp\/v2\/posts\/287517\/revisions"}],"wp:featuredmedia":[{"embeddable":true,"href":"https:\/\/tucomarca.whitekongsoftware.com\/ca\/wp-json\/wp\/v2\/media\/287498"}],"wp:attachment":[{"href":"https:\/\/tucomarca.whitekongsoftware.com\/ca\/wp-json\/wp\/v2\/media?parent=287517"}],"wp:term":[{"taxonomy":"category","embeddable":true,"href":"https:\/\/tucomarca.whitekongsoftware.com\/ca\/wp-json\/wp\/v2\/categories?post=287517"},{"taxonomy":"post_tag","embeddable":true,"href":"https:\/\/tucomarca.whitekongsoftware.com\/ca\/wp-json\/wp\/v2\/tags?post=287517"}],"curies":[{"name":"wp","href":"https:\/\/api.w.org\/{rel}","templated":true}]}}