{"id":287471,"date":"2025-12-09T12:00:00","date_gmt":"2025-12-09T11:00:00","guid":{"rendered":"https:\/\/www.tucomarca.com\/wordpress\/segunda\/?p=287471"},"modified":"2025-12-09T20:34:29","modified_gmt":"2025-12-09T19:34:29","slug":"la-diputacio-de-valencia-estudia-mesures-de-suport-a-la-federacio-de-caca-per-a-previndre-la-pesta-porcina","status":"publish","type":"post","link":"https:\/\/tucomarca.whitekongsoftware.com\/ca\/la-diputacio-de-valencia-estudia-mesures-de-suport-a-la-federacio-de-caca-per-a-previndre-la-pesta-porcina\/","title":{"rendered":"La Diputaci\u00f3 de Val\u00e8ncia estudia mesures de suport a la Federaci\u00f3 de Ca\u00e7a per a previndre la pesta porcina\u00a0"},"content":{"rendered":"\n<h3 class=\"wp-block-heading\">El president de la Diputaci\u00f3, Vicent Momp\u00f3, es reunix amb la presidenta de la Federaci\u00f3 de Ca\u00e7a de la Comunitat Valenciana, Lorena Mart\u00ednez.<\/h3>\n\n\n\n<h3 class=\"wp-block-heading\">La Diputaci\u00f3 va aprovar a l&#8217;octubre una subvenci\u00f3 de 300.000 euros per a ajudar els ca\u00e7adors a reduir la sobrepoblaci\u00f3 de senglars.<\/h3>\n\n\n\n<p class=\"wp-block-paragraph\">El president de la Diputaci\u00f3, Vicent Momp\u00f3, s&#8217;ha reunit este dimarts amb la presidenta de la Federaci\u00f3 de Ca\u00e7a de la Comunitat Valenciana, Lorena Mart\u00ednez per a estudiar accions que contribu\u00efsquen a reduir la sobrepoblaci\u00f3 de senglars a la prov\u00edncia de Val\u00e8ncia i, per tant, les probabilitats de contagi de pesta porcina africana. Actualment, no hi ha cap cas en la Comunitat Valenciana, per\u00f2 es tracta d&#8217;una tasca de prevenci\u00f3 en la qual la Diputaci\u00f3, seguint en la l\u00ednia de col\u00b7laboraci\u00f3 amb la Federaci\u00f3 de Ca\u00e7a, est\u00e0 treballant.&nbsp;<\/p>\n\n\n\n<p class=\"wp-block-paragraph\">\u201cLa Federaci\u00f3 ens ha traslladat la necessitat de comptar amb punts habilitats on els ca\u00e7adors puguen depositar els exemplars abatuts. Per aix\u00f2, treballarem amb els consorcis de residus per a estudiar la implantaci\u00f3 de diferents punts d\u2019entrega en tota la prov\u00edncia\u201d, ha assenyalat Momp\u00f3. El president ha recordat que la Diputaci\u00f3 ja va activar a l&#8217;octubre una l\u00ednia d&#8217;ajudes de 300.000 euros \u201cdestinada precisament a facilitar la correcta gesti\u00f3 de les restes de les peces, que \u00e9s un dels principals obstacles als quals s&#8217;enfronten els ca\u00e7adors\u201d.<\/p>\n\n\n\n<p class=\"wp-block-paragraph\">Momp\u00f3 ha subratllat que \u201cla situaci\u00f3 \u00e9s seriosa i existix el risc que estiguem arribant tard\u201d. En este sentit, ha def\u00e9s la necessitat d&#8217;actuar amb determinaci\u00f3: \u201cReduir la poblaci\u00f3 de senglars \u00e9s essencial; quanta menys densitat hi haja, menor ser\u00e0 la probabilitat que la pesta porcina arribe. Aix\u00ed i tot, hem d&#8217;estar preparats, perqu\u00e8 el risc est\u00e0 damunt de la taula\u201d.<\/p>\n\n\n\n<p class=\"wp-block-paragraph\">El president ha destacat que la Diputaci\u00f3 porta temps advertint del problema: \u201cVam atendre la crida d&#8217;auxili de la Federaci\u00f3 de Ca\u00e7a des del primer moment. Sempre hem dit que els ca\u00e7adors no s\u00f3n un enemic en la gesti\u00f3 del medi natural, sin\u00f3 aliats imprescindibles per a protegir-lo\u201d.&nbsp;<\/p>\n\n\n\n<p class=\"wp-block-paragraph\">En la mateixa l\u00ednia, la presidenta de la Federaci\u00f3 de Ca\u00e7a de la Comunitat Valenciana, Lorena Mart\u00ednez, ha explicat que la subvenci\u00f3 de la Diputaci\u00f3 \u201csuposa recon\u00e9ixer el treball que est\u00e0 fent el ca\u00e7ador en la Comunitat Valenciana, a la prov\u00edncia de Val\u00e8ncia hi ha 200 termes amb sobreabund\u00e0ncia i recon\u00e9ixer este treball per a reduir la poblaci\u00f3, disminuint els seus costos \u00e9s una manera d&#8217;entendre que la ca\u00e7a \u00e9s necess\u00e0ria i \u00e9s una ferramenta essencial de gesti\u00f3\u201d.&nbsp;<\/p>\n\n\n\n<p class=\"wp-block-paragraph\">\u201cAra el que necessitem \u00e9s la prevenci\u00f3 i l&#8217;ajuda per a fer front perqu\u00e8 desgraciadament som els ca\u00e7adors que podem fer alguna cosa per a evitar que esta malaltia es propague\u201d, ha assegurat Mart\u00ednez, al mateix temps que ha valorat \u201cmolt positivament\u201d la reuni\u00f3 ja que, ha explicat, \u201cla Diputaci\u00f3 sempre est\u00e0 a la disposici\u00f3 dels ca\u00e7adors\u201d.<\/p>\n","protected":false},"excerpt":{"rendered":"<div class=\"mh-excerpt\">El president de la Diputaci\u00f3, Vicent Momp\u00f3, es reunix amb la presidenta de la Federaci\u00f3 de Ca\u00e7a de la Comunitat Valenciana, Lorena Mart\u00ednez. La Diputaci\u00f3 va aprovar a l&#8217;octubre una subvenci\u00f3 de 300.000 euros per <a class=\"mh-excerpt-more\" href=\"https:\/\/tucomarca.whitekongsoftware.com\/ca\/la-diputacio-de-valencia-estudia-mesures-de-suport-a-la-federacio-de-caca-per-a-previndre-la-pesta-porcina\/\" title=\"La Diputaci\u00f3 de Val\u00e8ncia estudia mesures de suport a la Federaci\u00f3 de Ca\u00e7a per a previndre la pesta porcina\u00a0\">[+] <\/a><\/div>\n","protected":false},"author":12,"featured_media":287470,"comment_status":"open","ping_status":"open","sticky":false,"template":"","format":"standard","meta":{"footnotes":""},"categories":[10898,10948,10894,10904,10903,10947,10896,10897],"tags":[11246,19835,23487],"class_list":["post-287471","post","type-post","status-publish","format-standard","has-post-thumbnail","category-ventana-ca","category-infraestructuras-ca","category-la-comarca-ca","category-sin-categorizar-ca","category-medio-ambiente-la-comarca-ca","category-politica","category-seccion-ca","category-sucesos-la-comarca-ca","tag-diputacio-de-valencia-ca","tag-federacion-de-caza-de-la-comunidad-valenciana-ca","tag-peste-porcina-ca"],"_links":{"self":[{"href":"https:\/\/tucomarca.whitekongsoftware.com\/ca\/wp-json\/wp\/v2\/posts\/287471","targetHints":{"allow":["GET"]}}],"collection":[{"href":"https:\/\/tucomarca.whitekongsoftware.com\/ca\/wp-json\/wp\/v2\/posts"}],"about":[{"href":"https:\/\/tucomarca.whitekongsoftware.com\/ca\/wp-json\/wp\/v2\/types\/post"}],"author":[{"embeddable":true,"href":"https:\/\/tucomarca.whitekongsoftware.com\/ca\/wp-json\/wp\/v2\/users\/12"}],"replies":[{"embeddable":true,"href":"https:\/\/tucomarca.whitekongsoftware.com\/ca\/wp-json\/wp\/v2\/comments?post=287471"}],"version-history":[{"count":0,"href":"https:\/\/tucomarca.whitekongsoftware.com\/ca\/wp-json\/wp\/v2\/posts\/287471\/revisions"}],"wp:featuredmedia":[{"embeddable":true,"href":"https:\/\/tucomarca.whitekongsoftware.com\/ca\/wp-json\/wp\/v2\/media\/287470"}],"wp:attachment":[{"href":"https:\/\/tucomarca.whitekongsoftware.com\/ca\/wp-json\/wp\/v2\/media?parent=287471"}],"wp:term":[{"taxonomy":"category","embeddable":true,"href":"https:\/\/tucomarca.whitekongsoftware.com\/ca\/wp-json\/wp\/v2\/categories?post=287471"},{"taxonomy":"post_tag","embeddable":true,"href":"https:\/\/tucomarca.whitekongsoftware.com\/ca\/wp-json\/wp\/v2\/tags?post=287471"}],"curies":[{"name":"wp","href":"https:\/\/api.w.org\/{rel}","templated":true}]}}