{"id":287465,"date":"2025-12-09T11:35:00","date_gmt":"2025-12-09T10:35:00","guid":{"rendered":"https:\/\/www.tucomarca.com\/wordpress\/segunda\/?p=287465"},"modified":"2025-12-09T21:05:33","modified_gmt":"2025-12-09T20:05:33","slug":"xest-clausura-la-seua-xxviii-mostra-de-teatre-no-professional-amb-el-lliurament-de-premis-i-la-comedia-regalame-una-noche","status":"publish","type":"post","link":"https:\/\/tucomarca.whitekongsoftware.com\/ca\/xest-clausura-la-seua-xxviii-mostra-de-teatre-no-professional-amb-el-lliurament-de-premis-i-la-comedia-regalame-una-noche\/","title":{"rendered":"Xest clausura la seua XXVIII Mostra de teatre no professional amb el lliurament de premis i la com\u00e8dia \u201cReg\u00e1lame una Noche\u201d"},"content":{"rendered":"\n<h3 class=\"wp-block-heading\">\u201cTorito bravo\u201d, d\u2019\u00c1riba Teatro, aconsegueix tres premis, entre ells el de Millor Espectacle.<br>L\u2019acte va homenatjar Far\u00e1ndula Teatro pels seus 25 anys de traject\u00f2ria.<\/h3>\n\n\n\n<p class=\"wp-block-paragraph\">El Teatre Liceo de Cheste va acollir este diumenge 7 de desembre la gala de clausura de la XXVIII Mostra de Teatre No Professional, organitzada per la regidoria de Cultura de l\u2019Ajuntament. L\u2019esdeveniment va combinar el lliurament de premis a les companyies participants amb la representaci\u00f3 de la com\u00e8dia rom\u00e0ntica <em>\u201cReg\u00e1lame una Noche\u201d<\/em>, d\u2019Albena Teatre.<\/p>\n\n\n\n<figure class=\"wp-block-image size-large\"><img loading=\"lazy\" decoding=\"async\" width=\"1024\" height=\"691\" src=\"http:\/\/www.tucomarca.com\/wordpress\/segunda\/wp-content\/uploads\/2025\/12\/ChesteMuestradeTeatro02-1024x691.jpg\" alt=\"\" class=\"wp-image-287462\" srcset=\"https:\/\/tucomarca.whitekongsoftware.com\/wp-content\/uploads\/2025\/12\/ChesteMuestradeTeatro02-1024x691.jpg 1024w, https:\/\/tucomarca.whitekongsoftware.com\/wp-content\/uploads\/2025\/12\/ChesteMuestradeTeatro02-300x202.jpg 300w, https:\/\/tucomarca.whitekongsoftware.com\/wp-content\/uploads\/2025\/12\/ChesteMuestradeTeatro02-768x518.jpg 768w, https:\/\/tucomarca.whitekongsoftware.com\/wp-content\/uploads\/2025\/12\/ChesteMuestradeTeatro02.jpg 1181w\" sizes=\"auto, (max-width: 1024px) 100vw, 1024px\" \/><\/figure>\n\n\n\n<p class=\"wp-block-paragraph\">Despr\u00e9s de l\u2019actuaci\u00f3 de la companyia de Carles Alberola, la gala va procedir a entregar els guardons d\u2019esta edici\u00f3 de la Mostra. El jurat va atorgar el Premi a la Millor Escenografia a la producci\u00f3 <em>\u201cEl Pollito\u201d<\/em> de l\u2019Associaci\u00f3 Cultural Maniqu\u00ed Teatre. En interpretaci\u00f3, es va concedir el Premi a la Millor Interpretaci\u00f3 Masculina ex aequo a Daniel Sampedro, per <em>\u201cEl Pollito\u201d<\/em>, i a Carlos L\u00f3pez, per <em>\u201cTorito Bravo\u201d<\/em> d\u2019\u00c1riba Teatro. La Millor Interpretaci\u00f3 Femenina va recaure en Prado Amor pel seu paper en <em>\u201cMadrid 1967\u201d<\/em> de Paraskenia Teatro.<\/p>\n\n\n\n<p class=\"wp-block-paragraph\">Fabrizio Meschini va rebre el Premi a la Millor Direcci\u00f3 per <em>\u201cTorito Bravo\u201d<\/em>. El Premi del P\u00fablic, decidit per votaci\u00f3 popular, va ser per <em>\u201cEscr\u00edbeme a la Tierra\u201d<\/em> de l\u2019Associaci\u00f3 Comboi Mediterrani. El m\u00e0xim guard\u00f3 de la nit, el Premi al Millor Espectacle, va recon\u00e9ixer l\u2019excel\u00b7l\u00e8ncia de <em>\u201cTorito Bravo\u201d<\/em> d\u2019\u00c1riba Teatro.<\/p>\n\n\n\n<p class=\"wp-block-paragraph\">Despr\u00e9s del lliurament de premis, va prendre la paraula la tinenta d\u2019alcaldia i regidora de Cultura, M\u00aa \u00c1ngeles Llorente, qui va centrar la seua intervenci\u00f3 en retre un emotiu homenatge a Far\u00e1ndula Teatro amb motiu del seu 25\u00e9 aniversari. Va destacar el paper del grup com \u201cun far cultural per a la localitat\u201d durant un quart de segle, agraint la seua labor d\u2019apropament del teatre a totes les generacions i el seu comprom\u00eds amb la vida cultural i educativa de Cheste, a trav\u00e9s d\u2019accions com \u201cla Gran Fira del Teatre, les rutes teatralitzades, els contacontes o les obres representades\u201d. La regidora va subratllar que Far\u00e1ndula \u201cno sols ha creat teatre, sin\u00f3 vincles emocionals\u201d que ja formen part de l\u2019ess\u00e8ncia del municipi, i va fer entrega de l\u00e0mines commemoratives a tots els integrants del grup, aix\u00ed com de dos llibres relacionats amb el m\u00f3n del teatre, amb una dedicat\u00f2ria que deia: <em>\u201cGr\u00e0cies per estos 25 anys de m\u00e0gia, emoci\u00f3 i comprom\u00eds\u201d.<\/em><\/p>\n\n\n\n<p class=\"wp-block-paragraph\">Per a Llorente, al llarg de tota la Mostra \u201cha quedat clar que el teatre \u00e9s un espai de reflexi\u00f3 i aprenentatge, de cr\u00edtica i de llibertat. El teatre \u00e9s un dels pocs espais p\u00fablics on el sentiment col\u00b7lectiu s\u2019expressa, integrant persones de totes les edats i condicions. Una aut\u00e8ntica escala de reaccions i experimentaci\u00f3 social que consolida el teatre com l\u2019art democr\u00e0tic per excel\u00b7l\u00e8ncia\u201d.<\/p>\n\n\n\n<p class=\"wp-block-paragraph\">La gala va servir per reafirmar el paper de la Mostra com una cita indispensable en el calendari cultural chest\u00e0, fomentant la creaci\u00f3 amateur i oferint una programaci\u00f3 de qualitat a la ciutadania.<\/p>\n","protected":false},"excerpt":{"rendered":"<div class=\"mh-excerpt\">\u201cTorito bravo\u201d, d\u2019\u00c1riba Teatro, aconsegueix tres premis, entre ells el de Millor Espectacle.L\u2019acte va homenatjar Far\u00e1ndula Teatro pels seus 25 anys de traject\u00f2ria. El Teatre Liceo de Cheste va acollir este diumenge 7 de desembre <a class=\"mh-excerpt-more\" href=\"https:\/\/tucomarca.whitekongsoftware.com\/ca\/xest-clausura-la-seua-xxviii-mostra-de-teatre-no-professional-amb-el-lliurament-de-premis-i-la-comedia-regalame-una-noche\/\" title=\"Xest clausura la seua XXVIII Mostra de teatre no professional amb el lliurament de premis i la com\u00e8dia \u201cReg\u00e1lame una Noche\u201d\">[+] <\/a><\/div>\n","protected":false},"author":12,"featured_media":287461,"comment_status":"open","ping_status":"open","sticky":false,"template":"","format":"standard","meta":{"footnotes":""},"categories":[10894,10912,11007,10896,10974],"tags":[11071,10914,12771],"class_list":["post-287465","post","type-post","status-publish","format-standard","has-post-thumbnail","category-la-comarca-ca","category-la-hoya-ca","category-ocio-y-cultura-ca","category-seccion-ca","category-cheste-ca","tag-cheste","tag-la-hoya-de-bunol-chiva-ca","tag-muestra-de-teatro-no-profesional-ca"],"_links":{"self":[{"href":"https:\/\/tucomarca.whitekongsoftware.com\/ca\/wp-json\/wp\/v2\/posts\/287465","targetHints":{"allow":["GET"]}}],"collection":[{"href":"https:\/\/tucomarca.whitekongsoftware.com\/ca\/wp-json\/wp\/v2\/posts"}],"about":[{"href":"https:\/\/tucomarca.whitekongsoftware.com\/ca\/wp-json\/wp\/v2\/types\/post"}],"author":[{"embeddable":true,"href":"https:\/\/tucomarca.whitekongsoftware.com\/ca\/wp-json\/wp\/v2\/users\/12"}],"replies":[{"embeddable":true,"href":"https:\/\/tucomarca.whitekongsoftware.com\/ca\/wp-json\/wp\/v2\/comments?post=287465"}],"version-history":[{"count":0,"href":"https:\/\/tucomarca.whitekongsoftware.com\/ca\/wp-json\/wp\/v2\/posts\/287465\/revisions"}],"wp:featuredmedia":[{"embeddable":true,"href":"https:\/\/tucomarca.whitekongsoftware.com\/ca\/wp-json\/wp\/v2\/media\/287461"}],"wp:attachment":[{"href":"https:\/\/tucomarca.whitekongsoftware.com\/ca\/wp-json\/wp\/v2\/media?parent=287465"}],"wp:term":[{"taxonomy":"category","embeddable":true,"href":"https:\/\/tucomarca.whitekongsoftware.com\/ca\/wp-json\/wp\/v2\/categories?post=287465"},{"taxonomy":"post_tag","embeddable":true,"href":"https:\/\/tucomarca.whitekongsoftware.com\/ca\/wp-json\/wp\/v2\/tags?post=287465"}],"curies":[{"name":"wp","href":"https:\/\/api.w.org\/{rel}","templated":true}]}}