{"id":287413,"date":"2025-12-09T11:15:00","date_gmt":"2025-12-09T10:15:00","guid":{"rendered":"https:\/\/www.tucomarca.com\/wordpress\/segunda\/?p=287413"},"modified":"2025-12-09T20:54:22","modified_gmt":"2025-12-09T19:54:22","slug":"la-generalitat-millora-les-frequencies-dautobus-de-la-ribera-alta-i-potencia-les-connexions-amb-lhospital-dalzira-i-valencia","status":"publish","type":"post","link":"https:\/\/tucomarca.whitekongsoftware.com\/ca\/la-generalitat-millora-les-frequencies-dautobus-de-la-ribera-alta-i-potencia-les-connexions-amb-lhospital-dalzira-i-valencia\/","title":{"rendered":"La Generalitat millora les freq\u00fc\u00e8ncies d\u2019autob\u00fas de la Ribera Alta i potencia les connexions amb l\u2019hospital d\u2019Alzira i Val\u00e8ncia"},"content":{"rendered":"\n<h3 class=\"wp-block-heading\">El nou servici es posa en marxa el 9 de desembre, s\u2019articula en quatre l\u00ednies i compta amb una inversi\u00f3 de 262.685 euros a l\u2019any.<\/h3>\n\n\n\n<h3 class=\"wp-block-heading\">La connexi\u00f3 Alberic, Massalav\u00e9s, l\u2019Alc\u00fadia i Alginet amb Val\u00e8ncia i els seus campus universitaris passa de tindre una expedici\u00f3 a quatre d\u2019anada i dos de tornada.<\/h3>\n\n\n\n<p class=\"wp-block-paragraph\">La Generalitat posar\u00e0 en marxa el pr\u00f2xim 9 de desembre el nou servici p\u00fablic de transport de viatgers per carretera CE-920, que refor\u00e7ar\u00e0 les comunicacions de la Ribera Alta i millorar\u00e0 de manera substancial les freq\u00fc\u00e8ncies d\u2019autob\u00fas amb Alzira, l\u2019Hospital de la Ribera i la ciutat de Val\u00e8ncia, aix\u00ed com amb la Universitat de Val\u00e8ncia i la Polit\u00e8cnica.<\/p>\n\n\n\n<p class=\"wp-block-paragraph\">El nou contracte donar\u00e0 servici als municipis d\u2019Alberic, l\u2019Alc\u00fadia, Alginet, Antella, Benimuslem, Gavarda i Massalav\u00e9s, i est\u00e0 orientat a oferir despla\u00e7aments m\u00e9s \u00e0gils, regulars i accessibles per a la ciutadania. A m\u00e9s, el servici ser\u00e0 gestionat per l\u2019empresa Autobusos Vialco SL i comptar\u00e0 amb una compensaci\u00f3 anual de 262.685,14 euros per a garantir la seua sostenibilitat.<\/p>\n\n\n\n<p class=\"wp-block-paragraph\">Per a la Vicepresid\u00e8ncia Tercera i Conselleria de Medi Ambient, Infraestructures, Territori i de la Recuperaci\u00f3 l\u2019ampliaci\u00f3 de freq\u00fc\u00e8ncies respon a una necessitat priorit\u00e0ria a la comarca.<\/p>\n\n\n\n<p class=\"wp-block-paragraph\">Aix\u00ed mateix, les millores permetran consolidar un transport p\u00fablic m\u00e9s \u00fatil per a les persones que es desplacen di\u00e0riament per motius laborals, sanitaris, educatius o administratius.&nbsp;<\/p>\n\n\n\n<p class=\"wp-block-paragraph\">El contracte CE-920 disposa de quatre l\u00ednies que articulen les connexions comarcals. La l\u00ednia 1, que unix Alberic amb Val\u00e8ncia, passar\u00e0 a oferir quatre expedicions d\u2019anada i dos de tornada de dilluns a divendres durant tot l\u2019any, quadruplicant l\u2019oferta existent cap a la capital i els seus campus universitaris. La l\u00ednia 2 i les l\u00ednies 3A i 3B milloren l\u2019acc\u00e9s a l\u2019Hospital de la Ribera i refor\u00e7aran els despla\u00e7aments entre Antella, Gavarda, Alberic, Massalav\u00e9s, Benimuslem i Alzira.&nbsp;<\/p>\n\n\n\n<p class=\"wp-block-paragraph\">D\u2019esta manera, les noves freq\u00fc\u00e8ncies permetran un salt qualitatiu en el transport p\u00fablic de la comarca. Municipis com Antella i Gavarda passaran d\u2019una a tres expedicions per sentit amb Alzira. Alberic tindr\u00e0 cinc expedicions d\u2019anada i cinc de tornada, el que suposa m\u00e9s del doble de l\u2019oferta actual. Massalav\u00e9s i Benimuslem tamb\u00e9 voran incrementada la seua connexi\u00f3 di\u00e0ria amb la capital comarcal. En total, la concessi\u00f3 operar\u00e0 amb dos vehicles i un de reserva, realitzar\u00e0 126.447 quil\u00f2metres a l\u2019any i arribar\u00e0 a les 4.000 expedicions anuals.&nbsp;<\/p>\n\n\n\n<p class=\"wp-block-paragraph\">Amb estes millores, la Generalitat continua impulsant un servici essencial per a la cohesi\u00f3 territorial i per a un acc\u00e9s m\u00e9s eficient als recursos p\u00fablics de la Comunitat Valenciana. El nou contracte contribu\u00efx, aix\u00ed, a refor\u00e7ar la mobilitat sostenible i la igualtat d\u2019oportunitats a la Ribera Alta mitjan\u00e7ant una xarxa de transport m\u00e9s freq\u00fcent, m\u00e9s connectada i al servici de la ciutadania.<\/p>\n","protected":false},"excerpt":{"rendered":"<div class=\"mh-excerpt\">El nou servici es posa en marxa el 9 de desembre, s\u2019articula en quatre l\u00ednies i compta amb una inversi\u00f3 de 262.685 euros a l\u2019any. La connexi\u00f3 Alberic, Massalav\u00e9s, l\u2019Alc\u00fadia i Alginet amb Val\u00e8ncia i <a class=\"mh-excerpt-more\" href=\"https:\/\/tucomarca.whitekongsoftware.com\/ca\/la-generalitat-millora-les-frequencies-dautobus-de-la-ribera-alta-i-potencia-les-connexions-amb-lhospital-dalzira-i-valencia\/\" title=\"La Generalitat millora les freq\u00fc\u00e8ncies d\u2019autob\u00fas de la Ribera Alta i potencia les connexions amb l\u2019hospital d\u2019Alzira i Val\u00e8ncia\">[+] <\/a><\/div>\n","protected":false},"author":12,"featured_media":287410,"comment_status":"open","ping_status":"open","sticky":false,"template":"","format":"standard","meta":{"footnotes":""},"categories":[10889,10984,10989,10898,10993,10948,10995,10894,10902,10999,10947,10896],"tags":[23517,11498,11356],"class_list":["post-287413","post","type-post","status-publish","format-standard","has-post-thumbnail","category-alzira-cat","category-antella-ca","category-benimuslem-ca","category-ventana-ca","category-gavarda-ca","category-infraestructuras-ca","category-lalcudia-ca","category-la-comarca-ca","category-la-ribera-ca","category-masalaves-ca","category-politica","category-seccion-ca","tag-aumento-de-la-frecuencia-de-autobuses-ca","tag-generalitat-valenciana-ca","tag-ribera-alta-ca"],"_links":{"self":[{"href":"https:\/\/tucomarca.whitekongsoftware.com\/ca\/wp-json\/wp\/v2\/posts\/287413","targetHints":{"allow":["GET"]}}],"collection":[{"href":"https:\/\/tucomarca.whitekongsoftware.com\/ca\/wp-json\/wp\/v2\/posts"}],"about":[{"href":"https:\/\/tucomarca.whitekongsoftware.com\/ca\/wp-json\/wp\/v2\/types\/post"}],"author":[{"embeddable":true,"href":"https:\/\/tucomarca.whitekongsoftware.com\/ca\/wp-json\/wp\/v2\/users\/12"}],"replies":[{"embeddable":true,"href":"https:\/\/tucomarca.whitekongsoftware.com\/ca\/wp-json\/wp\/v2\/comments?post=287413"}],"version-history":[{"count":0,"href":"https:\/\/tucomarca.whitekongsoftware.com\/ca\/wp-json\/wp\/v2\/posts\/287413\/revisions"}],"wp:featuredmedia":[{"embeddable":true,"href":"https:\/\/tucomarca.whitekongsoftware.com\/ca\/wp-json\/wp\/v2\/media\/287410"}],"wp:attachment":[{"href":"https:\/\/tucomarca.whitekongsoftware.com\/ca\/wp-json\/wp\/v2\/media?parent=287413"}],"wp:term":[{"taxonomy":"category","embeddable":true,"href":"https:\/\/tucomarca.whitekongsoftware.com\/ca\/wp-json\/wp\/v2\/categories?post=287413"},{"taxonomy":"post_tag","embeddable":true,"href":"https:\/\/tucomarca.whitekongsoftware.com\/ca\/wp-json\/wp\/v2\/tags?post=287413"}],"curies":[{"name":"wp","href":"https:\/\/api.w.org\/{rel}","templated":true}]}}