{"id":287310,"date":"2025-12-05T18:00:00","date_gmt":"2025-12-05T17:00:00","guid":{"rendered":"https:\/\/www.tucomarca.com\/wordpress\/segunda\/?p=287310"},"modified":"2025-12-05T11:50:26","modified_gmt":"2025-12-05T10:50:26","slug":"video-reportatge-el-mercat-del-grau-de-valencia-acull-la-presentacio-de-loferta-turistica-de-terra-bobal","status":"publish","type":"post","link":"https:\/\/tucomarca.whitekongsoftware.com\/ca\/video-reportatge-el-mercat-del-grau-de-valencia-acull-la-presentacio-de-loferta-turistica-de-terra-bobal\/","title":{"rendered":"V\u00eddeo-reportatge: el mercat del Grau de Val\u00e8ncia acull la presentaci\u00f3 de l&#8217;oferta tur\u00edstica de Terra Bobal"},"content":{"rendered":"\n<figure class=\"wp-block-embed is-type-video is-provider-youtube wp-block-embed-youtube wp-embed-aspect-16-9 wp-has-aspect-ratio\"><div class=\"wp-block-embed__wrapper\">\n<iframe loading=\"lazy\" title=\"V\u00eddeo: El mercado del Grao de Valencia acoge la presentaci\u00f3n de la oferta tur\u00edstica de Tierra Bobal\" width=\"500\" height=\"281\" src=\"https:\/\/www.youtube.com\/embed\/8YudSDDm4dM?feature=oembed\" frameborder=\"0\" allow=\"accelerometer; autoplay; clipboard-write; encrypted-media; gyroscope; picture-in-picture; web-share\" referrerpolicy=\"strict-origin-when-cross-origin\" allowfullscreen><\/iframe>\n<\/div><figcaption class=\"wp-element-caption\"><em>Presentaci\u00f3 al Mercat del Grau de Val\u00e8ncia.<\/em><\/figcaption><\/figure>\n\n\n\n<p class=\"wp-block-paragraph\">V\u00eddeo-reportatge elaborat per tucomarca televisi\u00f3 sobre la trobada exclusiva de Terra Bobal que ha tingut lloc a Val\u00e8ncia amb l&#8217;objectiu de donar a con\u00e9ixer l&#8217;ess\u00e8ncia de l&#8217;interior valenci\u00e0.\u00a0<\/p>\n\n\n\n<p class=\"wp-block-paragraph\">Un acte en el qual s&#8217;han presentat i degustat alguns dels vins m\u00e9s representatius de la DO Utiel-Requena, entre els quals destaquen els elaborats amb la varietat aut\u00f2ctona Bobal, aix\u00ed com Caves de Requena amb segell de la DOP Cava. Al costat d&#8217;ells s&#8217;han pogut degustar productes gastron\u00f2mics locals, com ara embotits IGP, oli i formatges tradicionals, com tant el vicepresident de la Mancomunitat Interior Tierra del Vino, Gal\u00b7la Vall, com el t\u00e8cnic de la mancomunitat, Tom\u00e1s Pedraz, expliquen en aquest v\u00eddeo-reportatge.<\/p>\n\n\n\n<p class=\"wp-block-paragraph\">Tierra Bobal \u00e9s un dest\u00ed que est\u00e0 integrat pels municipis de Camporrobles, Caudete de las Fuentes, Xera, Fuenterrobles, Requena, Sinarques, Utiel, Venta del Moro i Villargordo del Cabriel.<\/p>\n","protected":false},"excerpt":{"rendered":"<div class=\"mh-excerpt\">V\u00eddeo-reportatge elaborat per tucomarca televisi\u00f3 sobre la trobada exclusiva de Terra Bobal que ha tingut lloc a Val\u00e8ncia amb l&#8217;objectiu de donar a con\u00e9ixer l&#8217;ess\u00e8ncia de l&#8217;interior valenci\u00e0.\u00a0 Un acte en el qual s&#8217;han presentat <a class=\"mh-excerpt-more\" href=\"https:\/\/tucomarca.whitekongsoftware.com\/ca\/video-reportatge-el-mercat-del-grau-de-valencia-acull-la-presentacio-de-loferta-turistica-de-terra-bobal\/\" title=\"V\u00eddeo-reportatge: el mercat del Grau de Val\u00e8ncia acull la presentaci\u00f3 de l&#8217;oferta tur\u00edstica de Terra Bobal\">[+] <\/a><\/div>\n","protected":false},"author":1,"featured_media":287308,"comment_status":"open","ping_status":"open","sticky":false,"template":"","format":"video","meta":{"footnotes":""},"categories":[11031,11006,11032,11054,10898,11055,10894,10904,11007,10908,10909,10896,11058,11059,11060,11062,11061],"tags":[11905,15365,10910,12388],"class_list":["post-287310","post","type-post","status-publish","format-video","has-post-thumbnail","category-camporrobles-ca","category-canal-vinos","category-caudete-ca","category-chera-ca","category-ventana-ca","category-fuenterrobles-ca","category-la-comarca-ca","category-sin-categorizar-ca","category-ocio-y-cultura-ca","category-requena-ca","category-requena-utiel-ca","category-seccion-ca","category-sinarcas-ca","category-utiel-ca","category-venta-del-moro-ca","category-videos","category-villargordo-del-cabriel-ca","tag-mancomunidad-tierra-del-vino-ca","tag-presentacion-ca","tag-requena-utiel-ca","tag-tierra-bobal-ca","post_format-post-format-video"],"_links":{"self":[{"href":"https:\/\/tucomarca.whitekongsoftware.com\/ca\/wp-json\/wp\/v2\/posts\/287310","targetHints":{"allow":["GET"]}}],"collection":[{"href":"https:\/\/tucomarca.whitekongsoftware.com\/ca\/wp-json\/wp\/v2\/posts"}],"about":[{"href":"https:\/\/tucomarca.whitekongsoftware.com\/ca\/wp-json\/wp\/v2\/types\/post"}],"author":[{"embeddable":true,"href":"https:\/\/tucomarca.whitekongsoftware.com\/ca\/wp-json\/wp\/v2\/users\/1"}],"replies":[{"embeddable":true,"href":"https:\/\/tucomarca.whitekongsoftware.com\/ca\/wp-json\/wp\/v2\/comments?post=287310"}],"version-history":[{"count":0,"href":"https:\/\/tucomarca.whitekongsoftware.com\/ca\/wp-json\/wp\/v2\/posts\/287310\/revisions"}],"wp:featuredmedia":[{"embeddable":true,"href":"https:\/\/tucomarca.whitekongsoftware.com\/ca\/wp-json\/wp\/v2\/media\/287308"}],"wp:attachment":[{"href":"https:\/\/tucomarca.whitekongsoftware.com\/ca\/wp-json\/wp\/v2\/media?parent=287310"}],"wp:term":[{"taxonomy":"category","embeddable":true,"href":"https:\/\/tucomarca.whitekongsoftware.com\/ca\/wp-json\/wp\/v2\/categories?post=287310"},{"taxonomy":"post_tag","embeddable":true,"href":"https:\/\/tucomarca.whitekongsoftware.com\/ca\/wp-json\/wp\/v2\/tags?post=287310"}],"curies":[{"name":"wp","href":"https:\/\/api.w.org\/{rel}","templated":true}]}}