{"id":286981,"date":"2025-12-02T12:30:00","date_gmt":"2025-12-02T11:30:00","guid":{"rendered":"https:\/\/www.tucomarca.com\/wordpress\/segunda\/?p=286981"},"modified":"2025-12-02T20:25:57","modified_gmt":"2025-12-02T19:25:57","slug":"alborache-avanca-en-les-obres-de-la-ciclopeatonal-despres-duna-reunio-amb-els-responsables-de-carreteres","status":"publish","type":"post","link":"https:\/\/tucomarca.whitekongsoftware.com\/ca\/alborache-avanca-en-les-obres-de-la-ciclopeatonal-despres-duna-reunio-amb-els-responsables-de-carreteres\/","title":{"rendered":"Alborache avan\u00e7a en les obres de la ciclopeatonal despr\u00e9s d\u2019una reuni\u00f3 amb els responsables de Carreteres"},"content":{"rendered":"\n<p class=\"wp-block-paragraph\">El passat dijous, 27 de novembre, l\u2019Ajuntament d\u2019Alborache va mantindre una reuni\u00f3 de treball amb responsables t\u00e8cnics de l\u2019\u00e0rea de Carreteres per abordar l\u2019avan\u00e7 de diversos projectes que afecten el municipi. A la trobada assistiren el director de Carreteres, <strong>Javier Piedra<\/strong>; el cap de Conservaci\u00f3 de la Demarcaci\u00f3 de Bu\u00f1ol, <strong>Jairo Robledo<\/strong>; el director d\u2019Obres de Carretera, <strong>Fernando G\u00f3mez Moralejo<\/strong>; el cap de Construcci\u00f3 de Serveis, <strong>Pablo Boig<\/strong>; i l\u2019enginyer del Servei de Construcci\u00f3, <strong>Javier Rodrigo<\/strong>.<\/p>\n\n\n\n<p class=\"wp-block-paragraph\">El consistori va agrair p\u00fablicament la claredat, la disposici\u00f3 i la professionalitat de l\u2019equip t\u00e8cnic, aix\u00ed com el seguiment de <strong>Reme Mazzolari<\/strong>, vicepresidenta segona de la Diputaci\u00f3 i diputada de l\u2019\u00c0rea de Carreteres, qui va excusar la seua abs\u00e8ncia per motius d\u2019agenda.<\/p>\n\n\n\n<p class=\"wp-block-paragraph\"><strong>Una obra de 6 milions que finalitzar\u00e0 en mar\u00e7 de 2027<\/strong><\/p>\n\n\n\n<p class=\"wp-block-paragraph\">Durant la reuni\u00f3 es va detallar l\u2019estat de les obres de la futura ciclopeatonal, una actuaci\u00f3 valorada en 6 milions d\u2019euros i la finalitzaci\u00f3 de la qual est\u00e0 prevista per a mar\u00e7 de 2027. A petici\u00f3 de l\u2019Ajuntament, el projecte ha incorporat diverses millores:<\/p>\n\n\n\n<ul class=\"wp-block-list\">\n<li>Un acc\u00e9s per connectar la urbanitzaci\u00f3 Font del Mico amb la ciclopeatonal.<\/li>\n\n\n\n<li>La il\u00b7luminaci\u00f3 completa de tot el tra\u00e7at.<\/li>\n\n\n\n<li>La correcci\u00f3 del conegut \u201cri\u00f1\u00f3n\u201d per millorar la seguretat i el disseny de la via.<\/li>\n<\/ul>\n\n\n\n<p class=\"wp-block-paragraph\"><strong>La seguretat vi\u00e0ria, prioritat absoluta<\/strong><\/p>\n\n\n\n<p class=\"wp-block-paragraph\">Un dels assumptes que m\u00e9s dubtes generava era la impossibilitat de crear un acc\u00e9s directe cap a Bu\u00f1ol. Els responsables t\u00e8cnics foren clars: la seguretat vi\u00e0ria est\u00e0 per damunt de qualsevol reducci\u00f3 de temps de despla\u00e7ament i no s\u2019autoritzaran actuacions que puguen comprometre-la.<\/p>\n\n\n\n<p class=\"wp-block-paragraph\">En aquest sentit, la proposta de l\u2019alcalde per executar una rotonda tampoc podr\u00e0 dur-se a terme, ja que no compleix els criteris t\u00e8cnics exigits per la normativa, com ara visibilitat, velocitat de la via, dist\u00e0ncies i pendents.<\/p>\n\n\n\n<p class=\"wp-block-paragraph\"><strong>Regulaci\u00f3 semaf\u00f2rica i noves actuacions a partir de gener<\/strong><\/p>\n\n\n\n<p class=\"wp-block-paragraph\">Un altre dels anuncis destacats va ser la implantaci\u00f3, a partir de gener, d\u2019una prova pilot de regulaci\u00f3 mitjan\u00e7ant sem\u00e0fors a la travessia del municipi, a causa del volum elevat de tr\u00e0nsit, que actualment arriba als <strong>2.700 vehicles diaris<\/strong>.<\/p>\n\n\n\n<p class=\"wp-block-paragraph\">A m\u00e9s, es va anunciar la construcci\u00f3 d\u2019un carril ciclopeatonal en el conegut \u201catajo de Macastre\u201d, on la prioritat ser\u00e0 per als vianants i les bicicletes, amb l\u2019objectiu d\u2019oferir un espai m\u00e9s segur i sostenible.<\/p>\n\n\n\n<p class=\"wp-block-paragraph\">Durant la reuni\u00f3, tant l\u2019Ajuntament com els assistents plantejaren nombroses preguntes, que foren ateses i aclarides pels t\u00e8cnics presents.<\/p>\n\n\n\n<p class=\"wp-block-paragraph\">L\u2019Ajuntament d\u2019Alborache va destacar la import\u00e0ncia d\u2019aquesta trobada per garantir que totes les actuacions avancen amb transpar\u00e8ncia, rigor t\u00e8cnic i pensant en la seguretat de la ciutadania.<\/p>\n\n\n\n<figure class=\"wp-block-gallery has-nested-images columns-2 is-cropped wp-block-gallery-1 is-layout-flex wp-block-gallery-is-layout-flex\">\n<figure class=\"wp-block-image size-large\"><img loading=\"lazy\" decoding=\"async\" width=\"1024\" height=\"691\" data-id=\"286974\" src=\"https:\/\/www.tucomarca.com\/wordpress\/segunda\/wp-content\/uploads\/2025\/12\/AlboracheCarrtera01-1024x691.jpg\" alt=\"\" class=\"wp-image-286974\" srcset=\"https:\/\/tucomarca.whitekongsoftware.com\/wp-content\/uploads\/2025\/12\/AlboracheCarrtera01-1024x691.jpg 1024w, https:\/\/tucomarca.whitekongsoftware.com\/wp-content\/uploads\/2025\/12\/AlboracheCarrtera01-300x202.jpg 300w, https:\/\/tucomarca.whitekongsoftware.com\/wp-content\/uploads\/2025\/12\/AlboracheCarrtera01-768x518.jpg 768w, https:\/\/tucomarca.whitekongsoftware.com\/wp-content\/uploads\/2025\/12\/AlboracheCarrtera01.jpg 1181w\" sizes=\"auto, (max-width: 1024px) 100vw, 1024px\" \/><\/figure>\n\n\n\n<figure class=\"wp-block-image size-large\"><img loading=\"lazy\" decoding=\"async\" width=\"1024\" height=\"691\" data-id=\"286972\" src=\"https:\/\/www.tucomarca.com\/wordpress\/segunda\/wp-content\/uploads\/2025\/12\/AlboracheCarrtera02-1024x691.jpg\" alt=\"\" class=\"wp-image-286972\" srcset=\"https:\/\/tucomarca.whitekongsoftware.com\/wp-content\/uploads\/2025\/12\/AlboracheCarrtera02-1024x691.jpg 1024w, https:\/\/tucomarca.whitekongsoftware.com\/wp-content\/uploads\/2025\/12\/AlboracheCarrtera02-300x202.jpg 300w, https:\/\/tucomarca.whitekongsoftware.com\/wp-content\/uploads\/2025\/12\/AlboracheCarrtera02-768x518.jpg 768w, https:\/\/tucomarca.whitekongsoftware.com\/wp-content\/uploads\/2025\/12\/AlboracheCarrtera02.jpg 1181w\" sizes=\"auto, (max-width: 1024px) 100vw, 1024px\" \/><\/figure>\n\n\n\n<figure class=\"wp-block-image size-large\"><img loading=\"lazy\" decoding=\"async\" width=\"1024\" height=\"691\" data-id=\"286976\" src=\"https:\/\/www.tucomarca.com\/wordpress\/segunda\/wp-content\/uploads\/2025\/12\/AlboracheCarrtera04-1024x691.jpg\" alt=\"\" class=\"wp-image-286976\" srcset=\"https:\/\/tucomarca.whitekongsoftware.com\/wp-content\/uploads\/2025\/12\/AlboracheCarrtera04-1024x691.jpg 1024w, https:\/\/tucomarca.whitekongsoftware.com\/wp-content\/uploads\/2025\/12\/AlboracheCarrtera04-300x202.jpg 300w, https:\/\/tucomarca.whitekongsoftware.com\/wp-content\/uploads\/2025\/12\/AlboracheCarrtera04-768x518.jpg 768w, https:\/\/tucomarca.whitekongsoftware.com\/wp-content\/uploads\/2025\/12\/AlboracheCarrtera04.jpg 1181w\" sizes=\"auto, (max-width: 1024px) 100vw, 1024px\" \/><\/figure>\n\n\n\n<figure class=\"wp-block-image size-large\"><img loading=\"lazy\" decoding=\"async\" width=\"1024\" height=\"691\" data-id=\"286978\" src=\"https:\/\/www.tucomarca.com\/wordpress\/segunda\/wp-content\/uploads\/2025\/12\/AlboracheCarrtera06-1024x691.jpg\" alt=\"\" class=\"wp-image-286978\" srcset=\"https:\/\/tucomarca.whitekongsoftware.com\/wp-content\/uploads\/2025\/12\/AlboracheCarrtera06-1024x691.jpg 1024w, https:\/\/tucomarca.whitekongsoftware.com\/wp-content\/uploads\/2025\/12\/AlboracheCarrtera06-300x202.jpg 300w, https:\/\/tucomarca.whitekongsoftware.com\/wp-content\/uploads\/2025\/12\/AlboracheCarrtera06-768x518.jpg 768w, https:\/\/tucomarca.whitekongsoftware.com\/wp-content\/uploads\/2025\/12\/AlboracheCarrtera06.jpg 1181w\" sizes=\"auto, (max-width: 1024px) 100vw, 1024px\" \/><\/figure>\n\n\n\n<figure class=\"wp-block-image size-large\"><img loading=\"lazy\" decoding=\"async\" width=\"1024\" height=\"691\" data-id=\"286968\" src=\"https:\/\/www.tucomarca.com\/wordpress\/segunda\/wp-content\/uploads\/2025\/12\/AlboracheCarrtera05-1024x691.jpg\" alt=\"\" class=\"wp-image-286968\" srcset=\"https:\/\/tucomarca.whitekongsoftware.com\/wp-content\/uploads\/2025\/12\/AlboracheCarrtera05-1024x691.jpg 1024w, https:\/\/tucomarca.whitekongsoftware.com\/wp-content\/uploads\/2025\/12\/AlboracheCarrtera05-300x202.jpg 300w, https:\/\/tucomarca.whitekongsoftware.com\/wp-content\/uploads\/2025\/12\/AlboracheCarrtera05-768x518.jpg 768w, https:\/\/tucomarca.whitekongsoftware.com\/wp-content\/uploads\/2025\/12\/AlboracheCarrtera05.jpg 1181w\" sizes=\"auto, (max-width: 1024px) 100vw, 1024px\" \/><\/figure>\n<\/figure>\n","protected":false},"excerpt":{"rendered":"<div class=\"mh-excerpt\">El passat dijous, 27 de novembre, l\u2019Ajuntament d\u2019Alborache va mantindre una reuni\u00f3 de treball amb responsables t\u00e8cnics de l\u2019\u00e0rea de Carreteres per abordar l\u2019avan\u00e7 de diversos projectes que afecten el municipi. A la trobada assistiren <a class=\"mh-excerpt-more\" href=\"https:\/\/tucomarca.whitekongsoftware.com\/ca\/alborache-avanca-en-les-obres-de-la-ciclopeatonal-despres-duna-reunio-amb-els-responsables-de-carreteres\/\" title=\"Alborache avan\u00e7a en les obres de la ciclopeatonal despr\u00e9s d\u2019una reuni\u00f3 amb els responsables de Carreteres\">[+] <\/a><\/div>\n","protected":false},"author":12,"featured_media":286971,"comment_status":"open","ping_status":"open","sticky":false,"template":"","format":"gallery","meta":{"footnotes":""},"categories":[10973,10948,10894,10912,10947,10896],"tags":[11224,10914,15309],"class_list":["post-286981","post","type-post","status-publish","format-gallery","has-post-thumbnail","category-alborache-ca","category-infraestructuras-ca","category-la-comarca-ca","category-la-hoya-ca","category-politica","category-seccion-ca","tag-alborache-ca","tag-la-hoya-de-bunol-chiva-ca","tag-via-ciclopeatonal-ca","post_format-post-format-gallery"],"_links":{"self":[{"href":"https:\/\/tucomarca.whitekongsoftware.com\/ca\/wp-json\/wp\/v2\/posts\/286981","targetHints":{"allow":["GET"]}}],"collection":[{"href":"https:\/\/tucomarca.whitekongsoftware.com\/ca\/wp-json\/wp\/v2\/posts"}],"about":[{"href":"https:\/\/tucomarca.whitekongsoftware.com\/ca\/wp-json\/wp\/v2\/types\/post"}],"author":[{"embeddable":true,"href":"https:\/\/tucomarca.whitekongsoftware.com\/ca\/wp-json\/wp\/v2\/users\/12"}],"replies":[{"embeddable":true,"href":"https:\/\/tucomarca.whitekongsoftware.com\/ca\/wp-json\/wp\/v2\/comments?post=286981"}],"version-history":[{"count":0,"href":"https:\/\/tucomarca.whitekongsoftware.com\/ca\/wp-json\/wp\/v2\/posts\/286981\/revisions"}],"wp:featuredmedia":[{"embeddable":true,"href":"https:\/\/tucomarca.whitekongsoftware.com\/ca\/wp-json\/wp\/v2\/media\/286971"}],"wp:attachment":[{"href":"https:\/\/tucomarca.whitekongsoftware.com\/ca\/wp-json\/wp\/v2\/media?parent=286981"}],"wp:term":[{"taxonomy":"category","embeddable":true,"href":"https:\/\/tucomarca.whitekongsoftware.com\/ca\/wp-json\/wp\/v2\/categories?post=286981"},{"taxonomy":"post_tag","embeddable":true,"href":"https:\/\/tucomarca.whitekongsoftware.com\/ca\/wp-json\/wp\/v2\/tags?post=286981"}],"curies":[{"name":"wp","href":"https:\/\/api.w.org\/{rel}","templated":true}]}}