{"id":286936,"date":"2025-12-02T09:00:00","date_gmt":"2025-12-02T08:00:00","guid":{"rendered":"https:\/\/www.tucomarca.com\/wordpress\/segunda\/?p=286936"},"modified":"2025-12-02T20:10:51","modified_gmt":"2025-12-02T19:10:51","slug":"bunyol-impulsa-la-seua-campanya-nadalenca-amb-sortejos-premis-i-concursos-per-a-recolzar-el-comerc-local","status":"publish","type":"post","link":"https:\/\/tucomarca.whitekongsoftware.com\/ca\/bunyol-impulsa-la-seua-campanya-nadalenca-amb-sortejos-premis-i-concursos-per-a-recolzar-el-comerc-local\/","title":{"rendered":"Bunyol impulsa la seua campanya nadalenca amb sortejos, premis i concursos per a recolzar el comer\u00e7 local"},"content":{"rendered":"\n<p class=\"wp-block-paragraph\">L\u2019Associaci\u00f3 d\u2019Empresaris i Aut\u00f2noms de Bunyol i Comarca (ACEB) ha presentat la seua campanya nadalenca <strong>\u201cEn Nadal tria Bunyol\u201d<\/strong>, una iniciativa que pret\u00e9n incentivar les compres en els comer\u00e7os del municipi durant les festes. La campanya es desenvolupar\u00e0 <strong>del 9 de desembre de 2025 al 6 de gener de 2026<\/strong> i inclou diverses activitats i promocions dirigides tant als ve\u00efns com als visitants.<\/p>\n\n\n\n<p class=\"wp-block-paragraph\">Entre les propostes m\u00e9s destacades es troba el regal de Monedes COMBU, uns vals que els establiments adherits entregaran als seus clients i que podran utilitzar com a descompte en futures compres. Aquesta acci\u00f3 busca dinamitzar les vendes i fidelitzar els consumidors.<\/p>\n\n\n\n<p class=\"wp-block-paragraph\">A m\u00e9s, els clients dels comer\u00e7os participants entraran autom\u00e0ticament en el sorteig de Cistelles de Nadal, un cl\u00e0ssic d\u2019aquestes dates que cada any genera una gran expectaci\u00f3.<\/p>\n\n\n\n<p class=\"wp-block-paragraph\">La campanya tamb\u00e9 inclou el tradicional Concurs de Fa\u00e7anes i Aparadors, que invita comer\u00e7os i vivendes a decorar els seus espais amb motius nadalencs, contribuint aix\u00ed a crear un ambient festiu als carrers de Bu\u00f1ol.<\/p>\n\n\n\n<p class=\"wp-block-paragraph\">La iniciativa compta amb la col\u00b7laboraci\u00f3 de l\u2019Ajuntament de Bunyol, la Diputaci\u00f3 de Val\u00e8ncia, Uni\u00f3 Gremial, Caixa Popular i Nou Gremial. Amb aquesta campanya, ACEB pret\u00e9n refor\u00e7ar l\u2019economia local i posar en valor el teixit comercial del municipi durant un dels per\u00edodes de major activitat de l\u2019any.<\/p>\n","protected":false},"excerpt":{"rendered":"<div class=\"mh-excerpt\">L\u2019Associaci\u00f3 d\u2019Empresaris i Aut\u00f2noms de Bunyol i Comarca (ACEB) ha presentat la seua campanya nadalenca \u201cEn Nadal tria Bunyol\u201d, una iniciativa que pret\u00e9n incentivar les compres en els comer\u00e7os del municipi durant les festes. La <a class=\"mh-excerpt-more\" href=\"https:\/\/tucomarca.whitekongsoftware.com\/ca\/bunyol-impulsa-la-seua-campanya-nadalenca-amb-sortejos-premis-i-concursos-per-a-recolzar-el-comerc-local\/\" title=\"Bunyol impulsa la seua campanya nadalenca amb sortejos, premis i concursos per a recolzar el comer\u00e7 local\">[+] <\/a><\/div>\n","protected":false},"author":12,"featured_media":286935,"comment_status":"open","ping_status":"open","sticky":false,"template":"","format":"standard","meta":{"footnotes":""},"categories":[11019,10911,10894,10912,11007,10896],"tags":[13339,12189,10913,10914],"class_list":["post-286936","post","type-post","status-publish","format-standard","has-post-thumbnail","category-agenda-ca","category-bunol-ca","category-la-comarca-ca","category-la-hoya-ca","category-ocio-y-cultura-ca","category-seccion-ca","tag-acyeb-ca","tag-asociacion-de-comerciantes-de-bunol-ca","tag-bunol-ca","tag-la-hoya-de-bunol-chiva-ca"],"_links":{"self":[{"href":"https:\/\/tucomarca.whitekongsoftware.com\/ca\/wp-json\/wp\/v2\/posts\/286936","targetHints":{"allow":["GET"]}}],"collection":[{"href":"https:\/\/tucomarca.whitekongsoftware.com\/ca\/wp-json\/wp\/v2\/posts"}],"about":[{"href":"https:\/\/tucomarca.whitekongsoftware.com\/ca\/wp-json\/wp\/v2\/types\/post"}],"author":[{"embeddable":true,"href":"https:\/\/tucomarca.whitekongsoftware.com\/ca\/wp-json\/wp\/v2\/users\/12"}],"replies":[{"embeddable":true,"href":"https:\/\/tucomarca.whitekongsoftware.com\/ca\/wp-json\/wp\/v2\/comments?post=286936"}],"version-history":[{"count":0,"href":"https:\/\/tucomarca.whitekongsoftware.com\/ca\/wp-json\/wp\/v2\/posts\/286936\/revisions"}],"wp:featuredmedia":[{"embeddable":true,"href":"https:\/\/tucomarca.whitekongsoftware.com\/ca\/wp-json\/wp\/v2\/media\/286935"}],"wp:attachment":[{"href":"https:\/\/tucomarca.whitekongsoftware.com\/ca\/wp-json\/wp\/v2\/media?parent=286936"}],"wp:term":[{"taxonomy":"category","embeddable":true,"href":"https:\/\/tucomarca.whitekongsoftware.com\/ca\/wp-json\/wp\/v2\/categories?post=286936"},{"taxonomy":"post_tag","embeddable":true,"href":"https:\/\/tucomarca.whitekongsoftware.com\/ca\/wp-json\/wp\/v2\/tags?post=286936"}],"curies":[{"name":"wp","href":"https:\/\/api.w.org\/{rel}","templated":true}]}}