{"id":286929,"date":"2025-12-02T11:35:00","date_gmt":"2025-12-02T10:35:00","guid":{"rendered":"https:\/\/www.tucomarca.com\/wordpress\/segunda\/?p=286929"},"modified":"2025-12-02T20:22:54","modified_gmt":"2025-12-02T19:22:54","slug":"la-generalitat-posa-en-marxa-un-pla-de-mesures-preventives-davant-la-deteccio-de-casos-de-pesta-porcina-africana-a-catalunya","status":"publish","type":"post","link":"https:\/\/tucomarca.whitekongsoftware.com\/ca\/la-generalitat-posa-en-marxa-un-pla-de-mesures-preventives-davant-la-deteccio-de-casos-de-pesta-porcina-africana-a-catalunya\/","title":{"rendered":"La Generalitat posa en marxa un pla de mesures preventives davant la detecci\u00f3 de casos de pesta porcina africana a Catalunya"},"content":{"rendered":"\n<h3 class=\"wp-block-heading\">S&#8217;intensifica la vigil\u00e0ncia i es reduir\u00e0 la poblaci\u00f3 de senglars en les zones de major risc, especialment en punts sensibles per a la possible propagaci\u00f3 de la malaltia com l&#8217;entorn de l&#8217;AP-7.<\/h3>\n\n\n\n<h3 class=\"wp-block-heading\">No \u00e9s una patologia transmissible als \u00e9ssers humans, per la qual cosa no existeix risc de contagi ni pel contacte directe amb animals ni pel consum dels seus productes.<\/h3>\n\n\n\n<p class=\"wp-block-paragraph\">La Generalitat ha posat en marxa un pla de mesures preventives en la Comunitat Valenciana davant la detecci\u00f3 dels primers casos de pesta porcina africana a Catalunya, amb l&#8217;objectiu d&#8217;optimitzar la vigil\u00e0ncia i reduir la poblaci\u00f3 senglars en les zones de major risc.<\/p>\n\n\n\n<p class=\"wp-block-paragraph\">Aquest dispositiu de coordinaci\u00f3 ha sigut acordat entre la Vicepresid\u00e8ncia Segona de la Recuperaci\u00f3, Medi Ambient, Infraestructures i Territori, la Conselleria d&#8217;Agricultura, Aigua, Ramaderia i Pesca i el sector de la ca\u00e7a, amb l&#8217;objectiu de refor\u00e7ar les mesures de prevenci\u00f3 i vigil\u00e0ncia en la Comunitat Valenciana.<\/p>\n\n\n\n<p class=\"wp-block-paragraph\">Aquest dilluns s&#8217;ha celebrat una reuni\u00f3 amb responsables de Medi Ambient i de la Federaci\u00f3 de Ca\u00e7a de la Comunitat Valenciana per a coordinar actuacions dirigides a intensificar la vigil\u00e0ncia i el control de senglars en les zones determinades com de major risc, especialment en aquells punts considerats sensibles per a la possible propagaci\u00f3 de la malaltia. Tamb\u00e9 s&#8217;habilitar\u00e0 una partida extraordin\u00e0ria per a reduir la poblaci\u00f3 en aquelles zones on existeix sobreabund\u00e0ncia, especialment a l&#8217;entorn de l&#8217;AP-7 en ser considerada una de les potencials vies de propagaci\u00f3.<\/p>\n\n\n\n<p class=\"wp-block-paragraph\">Per part seua, la Conselleria d&#8217;Agricultura, competent en sanitat animal, mant\u00e9 una comunicaci\u00f3 permanent amb els Serveis Veterinaris Oficials per a assegurar la implantaci\u00f3 de totes les mesures de prevenci\u00f3 necess\u00e0ries i extremar les precaucions en explotacions ramaderes.<\/p>\n\n\n\n<p class=\"wp-block-paragraph\">Aix\u00ed mateix, s&#8217;estan programant reunions amb el sector ramader, els veterinaris de les Agrupacions de Defensa Sanit\u00e0ria (ADS) i les empreses integradores per a refor\u00e7ar la vigil\u00e0ncia i les mesures de bioseguretat.<\/p>\n\n\n\n<p class=\"wp-block-paragraph\">La Generalitat reitera el seu comprom\u00eds amb la protecci\u00f3 de la sanitat animal i amb la defensa del sector ramader, aix\u00ed com amb la preservaci\u00f3 del medi natural, fent una crida a la col\u00b7laboraci\u00f3 de tots els agents implicats per a mantindre la Comunitat Valenciana lliure d&#8217;aquesta malaltia.<\/p>\n\n\n\n<p class=\"wp-block-paragraph\">\u00c9s important recordar que la pesta porcina no \u00e9s una patologia transmissible als \u00e9ssers humans, per la qual cosa no existeix risc de contagi ni pel contacte directe amb animals ni pel consum dels seus productes.<\/p>\n","protected":false},"excerpt":{"rendered":"<div class=\"mh-excerpt\">S&#8217;intensifica la vigil\u00e0ncia i es reduir\u00e0 la poblaci\u00f3 de senglars en les zones de major risc, especialment en punts sensibles per a la possible propagaci\u00f3 de la malaltia com l&#8217;entorn de l&#8217;AP-7. No \u00e9s una <a class=\"mh-excerpt-more\" href=\"https:\/\/tucomarca.whitekongsoftware.com\/ca\/la-generalitat-posa-en-marxa-un-pla-de-mesures-preventives-davant-la-deteccio-de-casos-de-pesta-porcina-africana-a-catalunya\/\" title=\"La Generalitat posa en marxa un pla de mesures preventives davant la detecci\u00f3 de casos de pesta porcina africana a Catalunya\">[+] <\/a><\/div>\n","protected":false},"author":12,"featured_media":260091,"comment_status":"open","ping_status":"open","sticky":false,"template":"","format":"standard","meta":{"footnotes":""},"categories":[10905,10898,10948,10894,10904,10903,10947,10896,10897],"tags":[11498,23487],"class_list":["post-286929","post","type-post","status-publish","format-standard","has-post-thumbnail","category-agricultura-la-comarca-ca","category-ventana-ca","category-infraestructuras-ca","category-la-comarca-ca","category-sin-categorizar-ca","category-medio-ambiente-la-comarca-ca","category-politica","category-seccion-ca","category-sucesos-la-comarca-ca","tag-generalitat-valenciana-ca","tag-peste-porcina-ca"],"_links":{"self":[{"href":"https:\/\/tucomarca.whitekongsoftware.com\/ca\/wp-json\/wp\/v2\/posts\/286929","targetHints":{"allow":["GET"]}}],"collection":[{"href":"https:\/\/tucomarca.whitekongsoftware.com\/ca\/wp-json\/wp\/v2\/posts"}],"about":[{"href":"https:\/\/tucomarca.whitekongsoftware.com\/ca\/wp-json\/wp\/v2\/types\/post"}],"author":[{"embeddable":true,"href":"https:\/\/tucomarca.whitekongsoftware.com\/ca\/wp-json\/wp\/v2\/users\/12"}],"replies":[{"embeddable":true,"href":"https:\/\/tucomarca.whitekongsoftware.com\/ca\/wp-json\/wp\/v2\/comments?post=286929"}],"version-history":[{"count":0,"href":"https:\/\/tucomarca.whitekongsoftware.com\/ca\/wp-json\/wp\/v2\/posts\/286929\/revisions"}],"wp:featuredmedia":[{"embeddable":true,"href":"https:\/\/tucomarca.whitekongsoftware.com\/ca\/wp-json\/wp\/v2\/media\/260091"}],"wp:attachment":[{"href":"https:\/\/tucomarca.whitekongsoftware.com\/ca\/wp-json\/wp\/v2\/media?parent=286929"}],"wp:term":[{"taxonomy":"category","embeddable":true,"href":"https:\/\/tucomarca.whitekongsoftware.com\/ca\/wp-json\/wp\/v2\/categories?post=286929"},{"taxonomy":"post_tag","embeddable":true,"href":"https:\/\/tucomarca.whitekongsoftware.com\/ca\/wp-json\/wp\/v2\/tags?post=286929"}],"curies":[{"name":"wp","href":"https:\/\/api.w.org\/{rel}","templated":true}]}}