{"id":286614,"date":"2025-11-27T14:00:00","date_gmt":"2025-11-27T13:00:00","guid":{"rendered":"https:\/\/www.tucomarca.com\/wordpress\/segunda\/?p=286614"},"modified":"2025-11-27T12:31:57","modified_gmt":"2025-11-27T11:31:57","slug":"el-club-balonmano-bunol-es-presenta-este-dissabte-davant-la-seua-aficio","status":"publish","type":"post","link":"https:\/\/tucomarca.whitekongsoftware.com\/ca\/el-club-balonmano-bunol-es-presenta-este-dissabte-davant-la-seua-aficio\/","title":{"rendered":"El Club Balonmano Bu\u00f1ol es presenta este dissabte davant la seua afici\u00f3"},"content":{"rendered":"\n<h3 class=\"wp-block-heading\">La presentaci\u00f3 comen\u00e7ar\u00e0 a les 17,00 hores al Pavell\u00f3 Pablo Cus\u00ed Sierra.<\/h3>\n\n\n\n<p class=\"wp-block-paragraph\">El Club Balonmano Bu\u00f1ol presenta este dissabte els seus equips per a la temporada 2025-26. Ho far\u00e0 a les 17,00 hores al Pavell\u00f3 Municipal Pablo Cus\u00ed Sierra.<\/p>\n\n\n\n<p class=\"wp-block-paragraph\">El Balonmano Bu\u00f1ol posar\u00e0 tota la carn en l\u2019asador este dissabte en la presentaci\u00f3. El treball de la Junta Directiva ha fet que el club compte amb equips en totes les categories. A m\u00e9s, enguany, amb les activitats formatives als col\u00b7legis p\u00fablics de la localitat, l\u2019handbol ha tornat a ser una alternativa amb molt d\u2019\u00e8xit en les activitats extraescolars del CEIP San Luis i del CEIP Cervantes. Estes xiquetes i xiquets tamb\u00e9 estaran presents este dissabte en l\u2019acte de presentaci\u00f3. Aix\u00ed mateix, el club s\u2019est\u00e0 esfor\u00e7ant per recuperar l\u2019equip femen\u00ed.<\/p>\n\n\n\n<p class=\"wp-block-paragraph\">La presentaci\u00f3 comen\u00e7ar\u00e0 a les 17,15 hores i, despr\u00e9s, l\u2019equip <strong>Llorens-Elecfer BM Bu\u00f1ol<\/strong> jugar\u00e0 el seu partit de lliga contra <strong>El Pilar Valencia \u00abB\u00bb<\/strong>. En el descans de l\u2019encontre, el club sortejar\u00e0 diversos productes dels nombrosos patrocinadors.<\/p>\n\n\n\n<p class=\"wp-block-paragraph\">Aix\u00ed doncs, m\u00e9s de 130 xiquetes, xiquets i joves formen part enguany del nou projecte esportiu del Club Balonmano Bu\u00f1ol.<\/p>\n","protected":false},"excerpt":{"rendered":"<div class=\"mh-excerpt\">La presentaci\u00f3 comen\u00e7ar\u00e0 a les 17,00 hores al Pavell\u00f3 Pablo Cus\u00ed Sierra. El Club Balonmano Bu\u00f1ol presenta este dissabte els seus equips per a la temporada 2025-26. Ho far\u00e0 a les 17,00 hores al Pavell\u00f3 <a class=\"mh-excerpt-more\" href=\"https:\/\/tucomarca.whitekongsoftware.com\/ca\/el-club-balonmano-bunol-es-presenta-este-dissabte-davant-la-seua-aficio\/\" title=\"El Club Balonmano Bu\u00f1ol es presenta este dissabte davant la seua afici\u00f3\">[+] <\/a><\/div>\n","protected":false},"author":12,"featured_media":286609,"comment_status":"open","ping_status":"open","sticky":false,"template":"","format":"standard","meta":{"footnotes":""},"categories":[11019,10911,11003,10894,10912,11009,10896],"tags":[10913,11411,10914,23464],"class_list":["post-286614","post","type-post","status-publish","format-standard","has-post-thumbnail","category-agenda-ca","category-bunol-ca","category-sports","category-la-comarca-ca","category-la-hoya-ca","category-polideportivo-ca","category-seccion-ca","tag-bunol-ca","tag-club-balonmano-bunol-ca","tag-la-hoya-de-bunol-chiva-ca","tag-llorens-elecfer-bm-bunol-ca"],"_links":{"self":[{"href":"https:\/\/tucomarca.whitekongsoftware.com\/ca\/wp-json\/wp\/v2\/posts\/286614","targetHints":{"allow":["GET"]}}],"collection":[{"href":"https:\/\/tucomarca.whitekongsoftware.com\/ca\/wp-json\/wp\/v2\/posts"}],"about":[{"href":"https:\/\/tucomarca.whitekongsoftware.com\/ca\/wp-json\/wp\/v2\/types\/post"}],"author":[{"embeddable":true,"href":"https:\/\/tucomarca.whitekongsoftware.com\/ca\/wp-json\/wp\/v2\/users\/12"}],"replies":[{"embeddable":true,"href":"https:\/\/tucomarca.whitekongsoftware.com\/ca\/wp-json\/wp\/v2\/comments?post=286614"}],"version-history":[{"count":0,"href":"https:\/\/tucomarca.whitekongsoftware.com\/ca\/wp-json\/wp\/v2\/posts\/286614\/revisions"}],"wp:featuredmedia":[{"embeddable":true,"href":"https:\/\/tucomarca.whitekongsoftware.com\/ca\/wp-json\/wp\/v2\/media\/286609"}],"wp:attachment":[{"href":"https:\/\/tucomarca.whitekongsoftware.com\/ca\/wp-json\/wp\/v2\/media?parent=286614"}],"wp:term":[{"taxonomy":"category","embeddable":true,"href":"https:\/\/tucomarca.whitekongsoftware.com\/ca\/wp-json\/wp\/v2\/categories?post=286614"},{"taxonomy":"post_tag","embeddable":true,"href":"https:\/\/tucomarca.whitekongsoftware.com\/ca\/wp-json\/wp\/v2\/tags?post=286614"}],"curies":[{"name":"wp","href":"https:\/\/api.w.org\/{rel}","templated":true}]}}