{"id":286598,"date":"2025-11-27T16:00:00","date_gmt":"2025-11-27T15:00:00","guid":{"rendered":"https:\/\/www.tucomarca.com\/wordpress\/segunda\/?p=286598"},"modified":"2025-11-27T12:42:13","modified_gmt":"2025-11-27T11:42:13","slug":"la-xiqueta-de-4-anys-afectada-despres-de-la-intervencio-en-una-clinica-dental-dalzira-ja-esta-en-planta-i-continua-millorant","status":"publish","type":"post","link":"https:\/\/tucomarca.whitekongsoftware.com\/ca\/la-xiqueta-de-4-anys-afectada-despres-de-la-intervencio-en-una-clinica-dental-dalzira-ja-esta-en-planta-i-continua-millorant\/","title":{"rendered":"La xiqueta de 4 anys afectada despr\u00e9s de la intervenci\u00f3 en una cl\u00ednica dental d\u2019Alzira ja est\u00e0 en planta i continua millorant"},"content":{"rendered":"\n<p class=\"wp-block-paragraph\">La investigaci\u00f3 per la defunci\u00f3 d\u2019una xiqueta de 6 anys i l\u2019ingr\u00e9s hospitalari d\u2019una altra menor, de 4 anys, despr\u00e9s de ser ateses en la mateixa cl\u00ednica dental d\u2019Alzira, mostra hui nous avan\u00e7os.<\/p>\n\n\n\n<p class=\"wp-block-paragraph\">Este dimecres, agents de la Policia Nacional \u2014concretament del Grup d\u2019Homicidis\u2014 van realitzar un registre autoritzat judicialment en la cl\u00ednica on van ser tractades les menors. El local ha sigut precintat mentre continuen les dilig\u00e8ncies.<\/p>\n\n\n\n<p class=\"wp-block-paragraph\">La inspecci\u00f3 policial se centra a determinar quines subst\u00e0ncies van ser utilitzades per a sedar les pacients i verificar la tra\u00e7abilitat dels f\u00e0rmacs emprats durant la intervenci\u00f3.<\/p>\n\n\n\n<p class=\"wp-block-paragraph\">La menor, de 4 anys, va ser ingressada a la UCI pedi\u00e0trica de l\u2019Hospital Cl\u00ednic Universitari de Val\u00e8ncia per un quadre de febra, v\u00f2mits i somnol\u00e8ncia. En les \u00faltimes hores ha sigut traslladada a planta i evoluciona favorablement.<\/p>\n\n\n\n<p class=\"wp-block-paragraph\">Segons ha confirmat la Conselleria de Sanitat de la Generalitat Valenciana, la cl\u00ednica dental no comptava amb autoritzaci\u00f3 per a realitzar t\u00e8cniques d\u2019anest\u00e8sia, cosa que inclou la sedaci\u00f3 per via intravenosa. El centre nom\u00e9s estava habilitat per a aplicar anest\u00e8sia local. Este fet podria constituir una irregularitat greu, ja que la sedaci\u00f3 intravenosa sembla haver estat utilitzada durant el tractament dental.<\/p>\n\n\n\n<p class=\"wp-block-paragraph\">El jutjat de gu\u00e0rdia d\u2019Alzira ha obert dilig\u00e8ncies pr\u00e8vies per a esclarir el que ha ocorregut. S\u2019investiguen els procediments realitzats, la possible administraci\u00f3 indeguda d\u2019anest\u00e8sia, la tra\u00e7abilitat dels f\u00e0rmacs emprats i les responsabilitats sanit\u00e0ries i penals que en puguen derivar.<\/p>\n\n\n\n<p class=\"wp-block-paragraph\">Per la seua banda, la Conselleria de Sanitat ha iniciat un expedient informatiu contra la cl\u00ednica i ha ordenat la suspensi\u00f3 cautelar de la seua activitat. Este cas ha commocionat la ciutadania i ha generat una ona de preocupaci\u00f3 sobre les condicions en qu\u00e8 es realitzen tractaments amb sedaci\u00f3 en cl\u00edniques dentals privades. Les autoritats sanit\u00e0ries i judicials han posat tota la seua dilig\u00e8ncia per a esclarir els fets i determinar responsabilitats.<\/p>\n","protected":false},"excerpt":{"rendered":"<div class=\"mh-excerpt\">La investigaci\u00f3 per la defunci\u00f3 d\u2019una xiqueta de 6 anys i l\u2019ingr\u00e9s hospitalari d\u2019una altra menor, de 4 anys, despr\u00e9s de ser ateses en la mateixa cl\u00ednica dental d\u2019Alzira, mostra hui nous avan\u00e7os. Este dimecres, <a class=\"mh-excerpt-more\" href=\"https:\/\/tucomarca.whitekongsoftware.com\/ca\/la-xiqueta-de-4-anys-afectada-despres-de-la-intervencio-en-una-clinica-dental-dalzira-ja-esta-en-planta-i-continua-millorant\/\" title=\"La xiqueta de 4 anys afectada despr\u00e9s de la intervenci\u00f3 en una cl\u00ednica dental d\u2019Alzira ja est\u00e0 en planta i continua millorant\">[+] <\/a><\/div>\n","protected":false},"author":12,"featured_media":286597,"comment_status":"open","ping_status":"open","sticky":false,"template":"","format":"standard","meta":{"footnotes":""},"categories":[10983,10889,10898,10894,10904,10902,10896,10897],"tags":[11192,23462,11356],"class_list":["post-286598","post","type-post","status-publish","format-standard","has-post-thumbnail","category-algemesi-ca","category-alzira-cat","category-ventana-ca","category-la-comarca-ca","category-sin-categorizar-ca","category-la-ribera-ca","category-seccion-ca","category-sucesos-la-comarca-ca","tag-alzira-ca","tag-hospital-clinico-de-valencia-ca","tag-ribera-alta-ca"],"_links":{"self":[{"href":"https:\/\/tucomarca.whitekongsoftware.com\/ca\/wp-json\/wp\/v2\/posts\/286598","targetHints":{"allow":["GET"]}}],"collection":[{"href":"https:\/\/tucomarca.whitekongsoftware.com\/ca\/wp-json\/wp\/v2\/posts"}],"about":[{"href":"https:\/\/tucomarca.whitekongsoftware.com\/ca\/wp-json\/wp\/v2\/types\/post"}],"author":[{"embeddable":true,"href":"https:\/\/tucomarca.whitekongsoftware.com\/ca\/wp-json\/wp\/v2\/users\/12"}],"replies":[{"embeddable":true,"href":"https:\/\/tucomarca.whitekongsoftware.com\/ca\/wp-json\/wp\/v2\/comments?post=286598"}],"version-history":[{"count":0,"href":"https:\/\/tucomarca.whitekongsoftware.com\/ca\/wp-json\/wp\/v2\/posts\/286598\/revisions"}],"wp:featuredmedia":[{"embeddable":true,"href":"https:\/\/tucomarca.whitekongsoftware.com\/ca\/wp-json\/wp\/v2\/media\/286597"}],"wp:attachment":[{"href":"https:\/\/tucomarca.whitekongsoftware.com\/ca\/wp-json\/wp\/v2\/media?parent=286598"}],"wp:term":[{"taxonomy":"category","embeddable":true,"href":"https:\/\/tucomarca.whitekongsoftware.com\/ca\/wp-json\/wp\/v2\/categories?post=286598"},{"taxonomy":"post_tag","embeddable":true,"href":"https:\/\/tucomarca.whitekongsoftware.com\/ca\/wp-json\/wp\/v2\/tags?post=286598"}],"curies":[{"name":"wp","href":"https:\/\/api.w.org\/{rel}","templated":true}]}}