{"id":286570,"date":"2025-11-26T11:00:00","date_gmt":"2025-11-26T10:00:00","guid":{"rendered":"https:\/\/www.tucomarca.com\/wordpress\/segunda\/?p=286570"},"modified":"2025-11-26T22:12:42","modified_gmt":"2025-11-26T21:12:42","slug":"el-consorci-provincial-renova-set-vehicles-dels-parcs-de-bombers-voluntaris-de-la-provincia-de-valencia","status":"publish","type":"post","link":"https:\/\/tucomarca.whitekongsoftware.com\/ca\/el-consorci-provincial-renova-set-vehicles-dels-parcs-de-bombers-voluntaris-de-la-provincia-de-valencia\/","title":{"rendered":"El Consorci Provincial renova set vehicles dels parcs de bombers voluntaris de la prov\u00edncia de Val\u00e8ncia"},"content":{"rendered":"\n<h3 class=\"wp-block-heading\">L&#8217;entitat dependent de la Diputaci\u00f3 de Val\u00e8ncia invertix 450.000 euros per a refor\u00e7ar la capacitat operativa i la seguretat dels parcs de Chelva, Titaguas, Navarr\u00e9s, Vallada, Ayora, Cofrentes i Sinarcas.<\/h3>\n\n\n\n<p class=\"wp-block-paragraph\">El Consorci Provincial de Bombers, entitat dependent de la Diputaci\u00f3 de Val\u00e8ncia, ha presentat hui al Parc de Bombers de L&#8217;Eliana set nous vehicles tipus pick-up 4&#215;4 destinats als parcs de bombers voluntaris de Chelva, Titaguas, Navarr\u00e9s, Vallada, Ayora, Cofrentes i Sinarcas.&nbsp;<\/p>\n\n\n\n<p class=\"wp-block-paragraph\">Amb una inversi\u00f3 de 450.000 euros, els nous vehicles representen un salt qualitatiu en pot\u00e8ncia, versatilitat i capacitat de transport de material. Les noves pick-up incorporen un motor m\u00e9s potent i fiable per a la circulaci\u00f3 per camins rurals i terrenys complicats, aix\u00ed com un sistema d&#8217;il\u00b7luminaci\u00f3 renovat que millora la visibilitat, l&#8217;ergonomia i la seguretat en les intervencions, especialment durant els servicis nocturns o en condicions adverses.&nbsp;<\/p>\n\n\n\n<figure class=\"wp-block-image size-large\"><img loading=\"lazy\" decoding=\"async\" width=\"1024\" height=\"691\" src=\"http:\/\/www.tucomarca.com\/wordpress\/segunda\/wp-content\/uploads\/2025\/11\/Vehiculos_bomberos_3-1024x691.jpg\" alt=\"\" class=\"wp-image-286567\" srcset=\"https:\/\/tucomarca.whitekongsoftware.com\/wp-content\/uploads\/2025\/11\/Vehiculos_bomberos_3-1024x691.jpg 1024w, https:\/\/tucomarca.whitekongsoftware.com\/wp-content\/uploads\/2025\/11\/Vehiculos_bomberos_3-300x202.jpg 300w, https:\/\/tucomarca.whitekongsoftware.com\/wp-content\/uploads\/2025\/11\/Vehiculos_bomberos_3-768x518.jpg 768w, https:\/\/tucomarca.whitekongsoftware.com\/wp-content\/uploads\/2025\/11\/Vehiculos_bomberos_3.jpg 1181w\" sizes=\"auto, (max-width: 1024px) 100vw, 1024px\" \/><\/figure>\n\n\n\n<p class=\"wp-block-paragraph\">El diputat de Medi Ambient i president del Consorci de Bombers, Avelino Mascarell, ha destacat &#8220;el rellevant treball que desenvolupen els parcs de bombers voluntaris, integrats en l&#8217;estructura operativa del Consorci i distribu\u00efts estrat\u00e8gicament a l&#8217;interior de la prov\u00edncia per a complementar la labor dels parcs principals i auxiliars&#8221;.&nbsp;<\/p>\n\n\n\n<p class=\"wp-block-paragraph\">Mascarell ha assenyalat que \u201cestos set parcs, situats a Ayora, Chelva, Cofrentes, Navarr\u00e9s, Sinarcas, Titaguas i Vallada, aporten proximitat al territori i una capacitat de resposta molt valuosa en incendis forestals, inundacions, rescats i dispositius preventius\u201d.<\/p>\n\n\n\n<p class=\"wp-block-paragraph\">El responsable del Consorci ha recordat que la xarxa de bombers voluntaris de l&#8217;organisme provincial est\u00e0 formada per m\u00e9s d&#8217;un centenar de persones, amb formaci\u00f3 espec\u00edfica i coordinades permanentment amb el centre de comunicacions i amb els comandaments dels parcs professionals. &#8220;Esta estructura permet refor\u00e7ar la cobertura en zones d&#8217;especial complexitat orogr\u00e0fica o allunyades de les grans vies de comunicaci\u00f3&#8221;.<\/p>\n\n\n\n<p class=\"wp-block-paragraph\">Mascarell ha explicat que la renovaci\u00f3 d&#8217;estos vehicles s&#8217;emmarca dins d&#8217;una estrat\u00e8gia de modernitzaci\u00f3 de la flota del Consorci, que inclou tant vehicles pesants d&#8217;extinci\u00f3 com unitats lleugeres de suport i comandament, amb l&#8217;objectiu d&#8217;augmentar la seguretat dels efectius i millorar l&#8217;efici\u00e8ncia de la resposta operativa.&nbsp;<\/p>\n\n\n\n<p class=\"wp-block-paragraph\">\u201cAmb estes noves pick-up reforcem el dia a dia dels caps i equips dels parcs voluntaris, que compten a partir d&#8217;ara amb un mitj\u00e0 m\u00e9s segur, m\u00e9s potent i m\u00e9s ben adaptat a les necessitats reals del servici\u201d, ha concl\u00f2s.<\/p>\n\n\n\n<p class=\"wp-block-paragraph\"><strong>Set parcs de bombers voluntaris&nbsp;<\/strong><\/p>\n\n\n\n<p class=\"wp-block-paragraph\">Amb la finalitat de garantir el millor servici i poder cobrir les emerg\u00e8ncies de tota la prov\u00edncia, el Consorci Provincial de Bombers de Val\u00e8ncia es dividix en sis zones operatives. Cada una d&#8217;eixes zones compta amb un parc principal, dotat de major n\u00famero d&#8217;efectius i de vehicles, i amb almenys un parc auxiliar que refor\u00e7a la zona.&nbsp;<\/p>\n\n\n\n<p class=\"wp-block-paragraph\">El mapa es completa amb parcs de bombers voluntaris que complementen l&#8217;activitat dels bombers professionals, i que se situen en zones amb menor incid\u00e8ncia de servicis, per\u00f2 tal com explica Avelino Mascarell, &#8220;la seua labor \u00e9s fonamental en ser gran coneixedors d&#8217;estes zones i dels seus riscos i estar implicats en la comunitat local&#8221;.&nbsp;<\/p>\n\n\n\n<p class=\"wp-block-paragraph\">La seua labor complementa el treball dels bombers professionals, actuant coordinadament baix la directriu del Consorci quan s\u00f3n requerits i seguint els protocols marcats pel CPBV. Per a aix\u00f2, els bombers voluntaris reben formaci\u00f3 i equipaments adequats per a exercir la seua labor. Tamb\u00e9 tenen pres\u00e8ncia en activitats preventives i divulgatives.<\/p>\n","protected":false},"excerpt":{"rendered":"<div class=\"mh-excerpt\">L&#8217;entitat dependent de la Diputaci\u00f3 de Val\u00e8ncia invertix 450.000 euros per a refor\u00e7ar la capacitat operativa i la seguretat dels parcs de Chelva, Titaguas, Navarr\u00e9s, Vallada, Ayora, Cofrentes i Sinarcas. El Consorci Provincial de Bombers, <a class=\"mh-excerpt-more\" href=\"https:\/\/tucomarca.whitekongsoftware.com\/ca\/el-consorci-provincial-renova-set-vehicles-dels-parcs-de-bombers-voluntaris-de-la-provincia-de-valencia\/\" title=\"El Consorci Provincial renova set vehicles dels parcs de bombers voluntaris de la prov\u00edncia de Val\u00e8ncia\">[+] <\/a><\/div>\n","protected":false},"author":12,"featured_media":286566,"comment_status":"open","ping_status":"open","sticky":false,"template":"","format":"standard","meta":{"footnotes":""},"categories":[10954,10951,11039,10955,11046,10898,10948,10963,10894,10904,10903,10971,10947,10909,10896,11058,11027],"tags":[12834,11246],"class_list":["post-286570","post","type-post","status-publish","format-standard","has-post-thumbnail","category-ayora-ca","category-ayora-cofrentes-ca","category-chelva-ca","category-cofrentes-ca","category-los-serranos-ca","category-ventana-ca","category-infraestructuras-ca","category-la-canal-de-navarres-ca","category-la-comarca-ca","category-sin-categorizar-ca","category-medio-ambiente-la-comarca-ca","category-navarres-ca","category-politica","category-requena-utiel-ca","category-seccion-ca","category-sinarcas-ca","category-titaguas-ca","tag-consorcio-provincial-de-bomberos-de-valencia-ca","tag-diputacio-de-valencia-ca"],"_links":{"self":[{"href":"https:\/\/tucomarca.whitekongsoftware.com\/ca\/wp-json\/wp\/v2\/posts\/286570","targetHints":{"allow":["GET"]}}],"collection":[{"href":"https:\/\/tucomarca.whitekongsoftware.com\/ca\/wp-json\/wp\/v2\/posts"}],"about":[{"href":"https:\/\/tucomarca.whitekongsoftware.com\/ca\/wp-json\/wp\/v2\/types\/post"}],"author":[{"embeddable":true,"href":"https:\/\/tucomarca.whitekongsoftware.com\/ca\/wp-json\/wp\/v2\/users\/12"}],"replies":[{"embeddable":true,"href":"https:\/\/tucomarca.whitekongsoftware.com\/ca\/wp-json\/wp\/v2\/comments?post=286570"}],"version-history":[{"count":0,"href":"https:\/\/tucomarca.whitekongsoftware.com\/ca\/wp-json\/wp\/v2\/posts\/286570\/revisions"}],"wp:featuredmedia":[{"embeddable":true,"href":"https:\/\/tucomarca.whitekongsoftware.com\/ca\/wp-json\/wp\/v2\/media\/286566"}],"wp:attachment":[{"href":"https:\/\/tucomarca.whitekongsoftware.com\/ca\/wp-json\/wp\/v2\/media?parent=286570"}],"wp:term":[{"taxonomy":"category","embeddable":true,"href":"https:\/\/tucomarca.whitekongsoftware.com\/ca\/wp-json\/wp\/v2\/categories?post=286570"},{"taxonomy":"post_tag","embeddable":true,"href":"https:\/\/tucomarca.whitekongsoftware.com\/ca\/wp-json\/wp\/v2\/tags?post=286570"}],"curies":[{"name":"wp","href":"https:\/\/api.w.org\/{rel}","templated":true}]}}