{"id":286557,"date":"2025-11-26T08:55:00","date_gmt":"2025-11-26T07:55:00","guid":{"rendered":"https:\/\/www.tucomarca.com\/wordpress\/segunda\/?p=286557"},"modified":"2025-11-26T21:44:58","modified_gmt":"2025-11-26T20:44:58","slug":"la-diputacio-aprova-57-nous-projectes-del-pla-obert-amb-76-milions-dinversio-en-12-comarques-valencianes","status":"publish","type":"post","link":"https:\/\/tucomarca.whitekongsoftware.com\/ca\/la-diputacio-aprova-57-nous-projectes-del-pla-obert-amb-76-milions-dinversio-en-12-comarques-valencianes\/","title":{"rendered":"La Diputaci\u00f3 aprova 57 nous projectes del Pla Obert amb 7,6 milions d&#8217;inversi\u00f3 en 12 comarques valencianes"},"content":{"rendered":"\n<h3 class=\"wp-block-heading\">El pla quadriennal que coordina la vicepresidenta primera, Nat\u00e0lia Enguix, t\u00e9 en marxa o executades 732 iniciatives proposades pels ajuntaments.<\/h3>\n\n\n\n<h3 class=\"wp-block-heading\">Les millores en els poliesportius de Meliana i d&#8217;Albaida, i les obres del cicle integral de l&#8217;aigua a B\u00e9tera i Alboraia s\u00f3n alguns dels projectes m\u00e9s destacats.<\/h3>\n\n\n\n<p class=\"wp-block-paragraph\">La Diputaci\u00f3 de Val\u00e8ncia ha aprovat 57 nous projectes del Pla Obert en dos decrets validats a mitjan novembre i que sumen una inversi\u00f3 de 7.680.507 euros en 12 comarques de la prov\u00edncia de Val\u00e8ncia. En total, el pla quadriennal ja t\u00e9 en marxa o executades 732 iniciatives proposades pels ajuntaments i acumula una inversi\u00f3 de quasi la tercera part dels 350 milions dels quals consta.&nbsp;<\/p>\n\n\n\n<p class=\"wp-block-paragraph\">Per comarques, en estos dos \u00faltims decrets, l&#8217;Horta Nord suma huit projectes (2.934.243 euros); l&#8217;Horta Sud, un (48.389 euros); la Vall d&#8217;Albaida, nou (1.260.963 euros); la Safor, cinc (846.405 euros); el Camp de T\u00faria, dos (562.750 euros); la Ribera Alta, 13 (969.222 euros); la Ribera Baixa, sis (319.583 euros); la Costera, cinc (335.119 euros); la Hoya de Bu\u00f1ol, un (182.000 euros); el Rinc\u00f3n de Ademuz, tres (54.433 euros) la plana de Utiel-Requena, un (52.207 euros) i la Serrania, tres (15.833 euros).&nbsp;<\/p>\n\n\n\n<p class=\"wp-block-paragraph\">Entre altres projectes, destaquen l&#8217;adequaci\u00f3 dels vestuaris i millores en la pista de b\u00e0squet del poliesportiu de Meliana (1,6 milions); l\u2019adquisici\u00f3 d&#8217;edifici a Albalat dels Sorells pera destinar-lo a ajuntament (532.000 euros); la rehabilitaci\u00f3 dels vestuaris de nova planta i adequaci\u00f3 del camp de futbol i pista d&#8217;atletisme d&#8217;Albaida (414.518 euros); la construcci\u00f3 i posada en servici d&#8217;una planta de carb\u00f3 actiu en un dels pous de prove\u00efment d&#8217;aigua de consum de B\u00e9tera (514.759 euros); la rehabilitaci\u00f3 del parc 25 d&#8217;abril de l&#8217;el Real de Gandia (423.000 euros); remodelaci\u00f3 del carrer Tavernes Blanques a Alboraia (441.760 euros); i la reparaci\u00f3 de la coberta de l&#8217;ermita de Sant Sebasti\u00e0 a Montesa (111.367 euros).<\/p>\n\n\n\n<p class=\"wp-block-paragraph\">La vicepresidenta primera, Nat\u00e0lia Enguix, ha destacat en bon ritme del Pla Obert: \u201cEstem donant el vistiplau a moltes obres de renovaci\u00f3 del cicle de l&#8217;aigua, espais verds, instal\u00b7lacions esportives\u2026que estan transformant els nostres municipis\u201d. \u201cAnimem als alcaldes i alcaldesses a continuar presentant projectes perqu\u00e8 les obres han d&#8217;estar executades abans d&#8217;acabar 2027 per a poder ser finan\u00e7ades\u201d, ha explicat Enguix, qui ha insistit que \u201cl&#8217;objectiu de l&#8217;equip de govern \u00e9s executar \u00edntegrament el major programa inversor en la hist\u00f2ria de la Diputaci\u00f3, amb 350 milions d&#8217;euros\u201d.<\/p>\n\n\n\n<p class=\"wp-block-paragraph\">En la mateixa l\u00ednia, el president de la Diputaci\u00f3, Vicent Momp\u00f3, ha recalcat \u201cla flexibilitat d&#8217;este pla, que respecta l&#8217;autonomia dels municipis perqu\u00e8 puguen millorar la vida dels seus ve\u00efns i ve\u00efnes\u201d. \u201cEls pobles saben millor que ning\u00fa el que necessiten i aix\u00ed s&#8217;est\u00e0 evidenciant amb l&#8217;evoluci\u00f3 del pla, obert i sense terminis, que est\u00e0 demostrant que si es deixa treballar als municipis, al mateix temps que se&#8217;ls ajuda, es poden aconseguir moltes millores en diferents \u00e0mbits municipals\u201d, ha concl\u00f2s.<\/p>\n\n\n\n<p class=\"wp-block-paragraph\"><\/p>\n","protected":false},"excerpt":{"rendered":"<div class=\"mh-excerpt\">El pla quadriennal que coordina la vicepresidenta primera, Nat\u00e0lia Enguix, t\u00e9 en marxa o executades 732 iniciatives proposades pels ajuntaments. Les millores en els poliesportius de Meliana i d&#8217;Albaida, i les obres del cicle integral <a class=\"mh-excerpt-more\" href=\"https:\/\/tucomarca.whitekongsoftware.com\/ca\/la-diputacio-aprova-57-nous-projectes-del-pla-obert-amb-76-milions-dinversio-en-12-comarques-valencianes\/\" title=\"La Diputaci\u00f3 aprova 57 nous projectes del Pla Obert amb 7,6 milions d&#8217;inversi\u00f3 en 12 comarques valencianes\">[+] <\/a><\/div>\n","protected":false},"author":12,"featured_media":286556,"comment_status":"open","ping_status":"open","sticky":false,"template":"","format":"standard","meta":{"footnotes":""},"categories":[10890,10892,11046,10898,10948,10894,10904,10912,10902,10947,10909,10896],"tags":[11246,20262,19988,16563],"class_list":["post-286557","post","type-post","status-publish","format-standard","has-post-thumbnail","category-ademus","category-camp-de-turia-ca","category-los-serranos-ca","category-ventana-ca","category-infraestructuras-ca","category-la-comarca-ca","category-sin-categorizar-ca","category-la-hoya-ca","category-la-ribera-ca","category-politica","category-requena-utiel-ca","category-seccion-ca","tag-diputacio-de-valencia-ca","tag-natalia-enguix-ca","tag-pla-obert-dinversions-ca","tag-vicente-mompo-ca"],"_links":{"self":[{"href":"https:\/\/tucomarca.whitekongsoftware.com\/ca\/wp-json\/wp\/v2\/posts\/286557","targetHints":{"allow":["GET"]}}],"collection":[{"href":"https:\/\/tucomarca.whitekongsoftware.com\/ca\/wp-json\/wp\/v2\/posts"}],"about":[{"href":"https:\/\/tucomarca.whitekongsoftware.com\/ca\/wp-json\/wp\/v2\/types\/post"}],"author":[{"embeddable":true,"href":"https:\/\/tucomarca.whitekongsoftware.com\/ca\/wp-json\/wp\/v2\/users\/12"}],"replies":[{"embeddable":true,"href":"https:\/\/tucomarca.whitekongsoftware.com\/ca\/wp-json\/wp\/v2\/comments?post=286557"}],"version-history":[{"count":0,"href":"https:\/\/tucomarca.whitekongsoftware.com\/ca\/wp-json\/wp\/v2\/posts\/286557\/revisions"}],"wp:featuredmedia":[{"embeddable":true,"href":"https:\/\/tucomarca.whitekongsoftware.com\/ca\/wp-json\/wp\/v2\/media\/286556"}],"wp:attachment":[{"href":"https:\/\/tucomarca.whitekongsoftware.com\/ca\/wp-json\/wp\/v2\/media?parent=286557"}],"wp:term":[{"taxonomy":"category","embeddable":true,"href":"https:\/\/tucomarca.whitekongsoftware.com\/ca\/wp-json\/wp\/v2\/categories?post=286557"},{"taxonomy":"post_tag","embeddable":true,"href":"https:\/\/tucomarca.whitekongsoftware.com\/ca\/wp-json\/wp\/v2\/tags?post=286557"}],"curies":[{"name":"wp","href":"https:\/\/api.w.org\/{rel}","templated":true}]}}