{"id":286397,"date":"2025-11-25T10:24:00","date_gmt":"2025-11-25T09:24:00","guid":{"rendered":"https:\/\/www.tucomarca.com\/wordpress\/segunda\/?p=286397"},"modified":"2025-11-25T22:14:32","modified_gmt":"2025-11-25T21:14:32","slug":"la-mancomunitat-de-linterior-tierra-del-vino-organitza-un-contacontes-sobre-diversitat-i-inclusio-en-els-centres-educatius","status":"publish","type":"post","link":"https:\/\/tucomarca.whitekongsoftware.com\/ca\/la-mancomunitat-de-linterior-tierra-del-vino-organitza-un-contacontes-sobre-diversitat-i-inclusio-en-els-centres-educatius\/","title":{"rendered":"La Mancomunitat de l&#8217;Interior Tierra del Vino organitza un contacontes sobre diversitat i inclusi\u00f3 en els centres educatius"},"content":{"rendered":"\n<h3 class=\"wp-block-heading\">L\u2019objectiu \u00e9s fomentar valors de diversitat, inclusi\u00f3 i respecte entre els m\u00e9s menuts, utilitzant la narraci\u00f3 oral com a eina per a promoure l\u2019empatia i l\u2019acceptaci\u00f3 de les difer\u00e8ncies.<\/h3>\n\n\n\n<p class=\"wp-block-paragraph\">La <strong>Mancomunitat de l&#8217;Interior Tierra del Vino (MITV)<\/strong>, a trav\u00e9s del seu departament de Serveis Socials, posa en marxa el contacontes <em>\u201cSomos como somos\u201d diversitat i inclusi\u00f3<\/em>, una iniciativa dirigida a l\u2019alumnat d\u2019Infantil i Primer Cicle de Prim\u00e0ria dels municipis de la comarca. L\u2019activitat ser\u00e0 impartida pel narrador <strong>Blai Senabre<\/strong>, professional amb una \u00e0mplia experi\u00e8ncia en animaci\u00f3 lectora i espectacles educatius.<\/p>\n\n\n\n<p class=\"wp-block-paragraph\">L\u2019objectiu d\u2019aquesta proposta \u00e9s fomentar valors de diversitat, inclusi\u00f3 i respecte entre els m\u00e9s menuts, utilitzant la narraci\u00f3 oral com a eina per a promoure l\u2019empatia i l\u2019acceptaci\u00f3 de les difer\u00e8ncies.<\/p>\n\n\n\n<h3 class=\"wp-block-heading\"><strong>Contacontes en set municipis<\/strong><\/h3>\n\n\n\n<p class=\"wp-block-paragraph\">Les sessions es desenvoluparan en els seg\u00fcents centres educatius:<\/p>\n\n\n\n<ul class=\"wp-block-list\">\n<li><strong>3 de desembre<\/strong>, a <strong>Fuenterrobles<\/strong> (9 hores, en <strong>CTR Entrevi\u00f1as<\/strong>)<\/li>\n\n\n\n<li><strong>3 de desembre<\/strong>, a <strong>Jaraguas<\/strong> (12 hores, en <strong>CTR Entrevi\u00f1as<\/strong>)<\/li>\n\n\n\n<li><strong>4 de desembre<\/strong>, a <strong>Villargordo del Cabriel<\/strong> (9 hores, en <strong>CTR Entrevi\u00f1as<\/strong>)<\/li>\n\n\n\n<li><strong>4 de desembre<\/strong>, a <strong>Camporrobles<\/strong> (12 hores, en el <strong>CEIP Maestro Aguilar<\/strong>)<\/li>\n\n\n\n<li><strong>5 de desembre<\/strong>, a <strong>Sinarcas<\/strong> (9 hores, en el <strong>CEIP La Estela<\/strong>)<\/li>\n\n\n\n<li><strong>5 de desembre<\/strong>, a <strong>Venta del Moro<\/strong> (12 hores, en el <strong>CEIP Maestro Victorio Mont\u00e9s<\/strong>)<\/li>\n\n\n\n<li><strong>9 de desembre<\/strong>, a <strong>Caudete de las Fuentes<\/strong> (9 hores, en el <strong>CRA Oleana<\/strong>)<\/li>\n\n\n\n<li><strong>9 de desembre<\/strong>, a <strong>Chera<\/strong> (12 hores, en el <strong>CRA El Tejo<\/strong>)<\/li>\n<\/ul>\n\n\n\n<p class=\"wp-block-paragraph\">Aquesta proposta forma part del comprom\u00eds de la <strong>MITV<\/strong> amb la promoci\u00f3 de l\u2019educaci\u00f3 en valors i el refor\u00e7 d\u2019una cultura inclusiva en tots els municipis del territori.<\/p>\n","protected":false},"excerpt":{"rendered":"<div class=\"mh-excerpt\">L\u2019objectiu \u00e9s fomentar valors de diversitat, inclusi\u00f3 i respecte entre els m\u00e9s menuts, utilitzant la narraci\u00f3 oral com a eina per a promoure l\u2019empatia i l\u2019acceptaci\u00f3 de les difer\u00e8ncies. La Mancomunitat de l&#8217;Interior Tierra del <a class=\"mh-excerpt-more\" href=\"https:\/\/tucomarca.whitekongsoftware.com\/ca\/la-mancomunitat-de-linterior-tierra-del-vino-organitza-un-contacontes-sobre-diversitat-i-inclusio-en-els-centres-educatius\/\" title=\"La Mancomunitat de l&#8217;Interior Tierra del Vino organitza un contacontes sobre diversitat i inclusi\u00f3 en els centres educatius\">[+] <\/a><\/div>\n","protected":false},"author":12,"featured_media":286396,"comment_status":"open","ping_status":"open","sticky":false,"template":"","format":"standard","meta":{"footnotes":""},"categories":[11019,11031,11032,11054,11055,10894,11007,10908,10909,10896,11058,11059,11060,11061],"tags":[23437,23438,12387,15126],"class_list":["post-286397","post","type-post","status-publish","format-standard","has-post-thumbnail","category-agenda-ca","category-camporrobles-ca","category-caudete-ca","category-chera-ca","category-fuenterrobles-ca","category-la-comarca-ca","category-ocio-y-cultura-ca","category-requena-ca","category-requena-utiel-ca","category-seccion-ca","category-sinarcas-ca","category-utiel-ca","category-venta-del-moro-ca","category-villargordo-del-cabriel-ca","tag-cuentacuentos-ca","tag-diversidad-e-inclusion-ca","tag-mancomunidad-del-interior-tierra-del-vino-ca","tag-mitv-ca"],"_links":{"self":[{"href":"https:\/\/tucomarca.whitekongsoftware.com\/ca\/wp-json\/wp\/v2\/posts\/286397","targetHints":{"allow":["GET"]}}],"collection":[{"href":"https:\/\/tucomarca.whitekongsoftware.com\/ca\/wp-json\/wp\/v2\/posts"}],"about":[{"href":"https:\/\/tucomarca.whitekongsoftware.com\/ca\/wp-json\/wp\/v2\/types\/post"}],"author":[{"embeddable":true,"href":"https:\/\/tucomarca.whitekongsoftware.com\/ca\/wp-json\/wp\/v2\/users\/12"}],"replies":[{"embeddable":true,"href":"https:\/\/tucomarca.whitekongsoftware.com\/ca\/wp-json\/wp\/v2\/comments?post=286397"}],"version-history":[{"count":0,"href":"https:\/\/tucomarca.whitekongsoftware.com\/ca\/wp-json\/wp\/v2\/posts\/286397\/revisions"}],"wp:featuredmedia":[{"embeddable":true,"href":"https:\/\/tucomarca.whitekongsoftware.com\/ca\/wp-json\/wp\/v2\/media\/286396"}],"wp:attachment":[{"href":"https:\/\/tucomarca.whitekongsoftware.com\/ca\/wp-json\/wp\/v2\/media?parent=286397"}],"wp:term":[{"taxonomy":"category","embeddable":true,"href":"https:\/\/tucomarca.whitekongsoftware.com\/ca\/wp-json\/wp\/v2\/categories?post=286397"},{"taxonomy":"post_tag","embeddable":true,"href":"https:\/\/tucomarca.whitekongsoftware.com\/ca\/wp-json\/wp\/v2\/tags?post=286397"}],"curies":[{"name":"wp","href":"https:\/\/api.w.org\/{rel}","templated":true}]}}