{"id":286167,"date":"2025-11-24T10:00:00","date_gmt":"2025-11-24T09:00:00","guid":{"rendered":"https:\/\/www.tucomarca.com\/wordpress\/segunda\/?p=286167"},"modified":"2025-11-24T18:57:22","modified_gmt":"2025-11-24T17:57:22","slug":"la-diputacio-de-valencia-accentua-la-comarcalitzacio-de-la-institucio-amb-un-pla-de-500-000-euros-dirigit-a-les-mancomunitats","status":"publish","type":"post","link":"https:\/\/tucomarca.whitekongsoftware.com\/ca\/la-diputacio-de-valencia-accentua-la-comarcalitzacio-de-la-institucio-amb-un-pla-de-500-000-euros-dirigit-a-les-mancomunitats\/","title":{"rendered":"La Diputaci\u00f3 de Val\u00e8ncia accentua la comarcalitzaci\u00f3 de la instituci\u00f3 amb un pla de 500.000 euros dirigit a les mancomunitats"},"content":{"rendered":"\n<h3 class=\"wp-block-heading\">La vicepresidenta i diputada de Cooperaci\u00f3 Municipal, Nat\u00e0lia Enguix, afirma que el pla \u201cenfortix a les comarques i permet que la Diputaci\u00f3 siga present en tot el territori, no sols en la capital\u201d.<\/h3>\n\n\n\n<p class=\"wp-block-paragraph\">La Diputaci\u00f3 de Val\u00e8ncia ha publicat en el Butllet\u00ed Oficial de la Prov\u00edncia la convocat\u00f2ria del Pla de Suport a Mancomunitats 2025 (PMAN), amb una dotaci\u00f3 de 500.000 euros destinada a finan\u00e7ar els gastos corrents de les mancomunitats durant l&#8217;exercici 2025. El pla es dirigix a les entitats que estiguen en ple funcionament i registrades oficialment a 1 de gener de 2025, amb l&#8217;objectiu d&#8217;assegurar la seua activitat ordin\u00e0ria i refor\u00e7ar la cooperaci\u00f3 territorial.<\/p>\n\n\n\n<p class=\"wp-block-paragraph\">La vicepresidenta primera i diputada de Cooperaci\u00f3 Municipal, Nat\u00e0lia Enguix, ha assenyalat que esta convocat\u00f2ria \u201cforma part de l&#8217;aposta de la Diputaci\u00f3 per impulsar un model comarcal fort, que situe a les mancomunitats en el centre de l&#8217;acci\u00f3 p\u00fablica i que done m\u00e9s protagonisme als municipis fora de la capital\u201d. En este sentit, Enguix ha remarcat que \u201cquan fem costat a les mancomunitats, estem impulsant a les comarques i refor\u00e7ant el paper de la Diputaci\u00f3 com a aliada del territori, no sols com a instituci\u00f3 provincial, sin\u00f3 com a instituci\u00f3 pr\u00f2xima\u201d.<\/p>\n\n\n\n<p class=\"wp-block-paragraph\">El PMAN 2025 establix un sistema de distribuci\u00f3 que combina equitat i reconeixement de la diversitat territorial. Les bases preveuen una quantitat fixa per a totes les mancomunitats- l&#8217;anomenat valor marginal-&nbsp; que representa el 30% del pla i garantix que cada entitat puga cobrir els seus m\u00ednims de funcionament, independentment de la seua grand\u00e0ria. A esta quantitat se suma una ponderaci\u00f3 per poblaci\u00f3 (35%) i per nombre d&#8217;ajuntaments integrants (35%), criteris que permeten adaptar el repartiment a la realitat de cada comarca d&#8217;acord amb la Llei de Mancomunitats. Segons Enguix, esta f\u00f3rmula \u201cfa possible un repartiment equilibrat, transparent i ajustat a la realitat del territori, respectar la realitat de cada comarca i garantir que l&#8217;assignaci\u00f3 de recursos siga equilibrada i transparent\u201d.<\/p>\n\n\n\n<p class=\"wp-block-paragraph\">Aix\u00ed mateix, la convocat\u00f2ria incorpora la preassignaci\u00f3 \u00edntegra dels 500.000 euros del PMAN 2025, determinada mitjan\u00e7ant la f\u00f3rmula fixada en les bases- 30% per valor marginal, 35% per poblaci\u00f3 ponderada i 35% per nombre d&#8217;ajuntaments integrants-, la qual cosa establix per endavant l&#8217;import assignat a cada mancomunitat. Les quanties oscil\u00b7len entre els 6.265,29 euros i els 69.164,64 euros, distribuint-se de manera homog\u00e8nia entre el conjunt d&#8217;entitats: des dels 8.707,00 euros de la Mancomunitat Intermunicipal Albalat\u2013Poliny\u00e0 o els 6.600,15 euros de la d\u2019Alc\u00e0ntera\u2013C\u00e0rcer\u2013Cotes\u2013Sellent, fins a imports mitjans com els 11.400,18 euros del Carraixet, 12.479,17 euros de la Baronia, 13.606,88 euros de l\u2019Interior Tierra del Vino, 15.153,98 euros de la Regi\u00f3 muntanyenca o 17.154,30 euros de la Ribera Baixa. Entre els imports m\u00e9s elevats figuren els 34.748,33 euros de la Vall d&#8217;Albaida, els 35.494,57 euros de Camp de T\u00faria, els 45.273,46 euros de la Safor i els 46.764,16 euros de la Ribera Alta, juntament amb l&#8217;assignaci\u00f3 majorit\u00e0ria de 69.164,64 euros per a l&#8217;Horta Sud. Esta distribuci\u00f3 tancada i anticipada assegura un repartiment equilibrat i transparent, permet a cada mancomunitat planificar amb seguretat el seu finan\u00e7ament corrent per a l&#8217;exercici 2025.<\/p>\n\n\n\n<p class=\"wp-block-paragraph\">Les ajudes cobriran gastos generals de car\u00e0cter corrent vinculats al funcionament ordinari de les mancomunitats, incloent-hi costos de personal, subministraments, administraci\u00f3 i altres gastos imputables als cap\u00edtols I, II i III dels seus pressupostos, sempre que s&#8217;hagen executat entre l&#8217;1 de gener i el 31 de desembre de 2025 i estiguen pagats dins del termini de justificaci\u00f3, tal com establixen les bases reguladores, disponibles en la web de la Diputaci\u00f3 de Val\u00e8ncia (<a href=\"https:\/\/www.dival.es\/sites\/default\/files\/02-bases-pman-2025--castell-y-valenc.pdf\">https:\/\/www.dival.es\/sites\/default\/files\/02-bases-pman-2025&#8211;castell-y-valenc.pdf<\/a>).&nbsp;<\/p>\n\n\n\n<p class=\"wp-block-paragraph\">Les sol\u00b7licituds hauran de presentar-se per via telem\u00e0tica en un termini de 20 dies naturals a partir de la publicaci\u00f3 de l&#8217;extracte en el Butllet\u00ed Oficial de la Prov\u00edncia, acompanyades de l&#8217;acord de l&#8217;\u00f2rgan competent i de la corresponent declaraci\u00f3 responsable. Enguix ha insistit que el pla \u201cno \u00e9s nom\u00e9s un instrument financer, sin\u00f3 una aposta pol\u00edtica per un territori m\u00e9s articulat i per una Diputaci\u00f3 que treballe all\u00ed on viuen les persones, en cada comarca i en cada municipi\u201d.<\/p>\n\n\n\n<p class=\"wp-block-paragraph\">Enguix ha concl\u00f2s que \u201ceste pla suposa un impuls decisiu per a avan\u00e7ar en la comarcalitzaci\u00f3 real de la prov\u00edncia i perqu\u00e8 la Diputaci\u00f3 es projecte amb for\u00e7a en tot el territori, refor\u00e7ant la cohesi\u00f3 i garantint servicis p\u00fablics de qualitat en cada comarca\u201d.<\/p>\n","protected":false},"excerpt":{"rendered":"<div class=\"mh-excerpt\">La vicepresidenta i diputada de Cooperaci\u00f3 Municipal, Nat\u00e0lia Enguix, afirma que el pla \u201cenfortix a les comarques i permet que la Diputaci\u00f3 siga present en tot el territori, no sols en la capital\u201d. La Diputaci\u00f3 <a class=\"mh-excerpt-more\" href=\"https:\/\/tucomarca.whitekongsoftware.com\/ca\/la-diputacio-de-valencia-accentua-la-comarcalitzacio-de-la-institucio-amb-un-pla-de-500-000-euros-dirigit-a-les-mancomunitats\/\" title=\"La Diputaci\u00f3 de Val\u00e8ncia accentua la comarcalitzaci\u00f3 de la instituci\u00f3 amb un pla de 500.000 euros dirigit a les mancomunitats\">[+] <\/a><\/div>\n","protected":false},"author":12,"featured_media":286166,"comment_status":"open","ping_status":"open","sticky":false,"template":"","format":"standard","meta":{"footnotes":""},"categories":[10892,10898,10948,10894,10904,10902,10947,10909,10896],"tags":[11246,20404,23414,23415],"class_list":["post-286167","post","type-post","status-publish","format-standard","has-post-thumbnail","category-camp-de-turia-ca","category-ventana-ca","category-infraestructuras-ca","category-la-comarca-ca","category-sin-categorizar-ca","category-la-ribera-ca","category-politica","category-requena-utiel-ca","category-seccion-ca","tag-diputacio-de-valencia-ca","tag-natalia-enguix-2-ca","tag-pla-de-suport-a-mancomunitats-2025-pman-ca","tag-pman-2025-ca"],"_links":{"self":[{"href":"https:\/\/tucomarca.whitekongsoftware.com\/ca\/wp-json\/wp\/v2\/posts\/286167","targetHints":{"allow":["GET"]}}],"collection":[{"href":"https:\/\/tucomarca.whitekongsoftware.com\/ca\/wp-json\/wp\/v2\/posts"}],"about":[{"href":"https:\/\/tucomarca.whitekongsoftware.com\/ca\/wp-json\/wp\/v2\/types\/post"}],"author":[{"embeddable":true,"href":"https:\/\/tucomarca.whitekongsoftware.com\/ca\/wp-json\/wp\/v2\/users\/12"}],"replies":[{"embeddable":true,"href":"https:\/\/tucomarca.whitekongsoftware.com\/ca\/wp-json\/wp\/v2\/comments?post=286167"}],"version-history":[{"count":0,"href":"https:\/\/tucomarca.whitekongsoftware.com\/ca\/wp-json\/wp\/v2\/posts\/286167\/revisions"}],"wp:featuredmedia":[{"embeddable":true,"href":"https:\/\/tucomarca.whitekongsoftware.com\/ca\/wp-json\/wp\/v2\/media\/286166"}],"wp:attachment":[{"href":"https:\/\/tucomarca.whitekongsoftware.com\/ca\/wp-json\/wp\/v2\/media?parent=286167"}],"wp:term":[{"taxonomy":"category","embeddable":true,"href":"https:\/\/tucomarca.whitekongsoftware.com\/ca\/wp-json\/wp\/v2\/categories?post=286167"},{"taxonomy":"post_tag","embeddable":true,"href":"https:\/\/tucomarca.whitekongsoftware.com\/ca\/wp-json\/wp\/v2\/tags?post=286167"}],"curies":[{"name":"wp","href":"https:\/\/api.w.org\/{rel}","templated":true}]}}