{"id":286122,"date":"2025-11-24T09:15:00","date_gmt":"2025-11-24T08:15:00","guid":{"rendered":"https:\/\/www.tucomarca.com\/wordpress\/segunda\/?p=286122"},"modified":"2025-11-24T19:36:43","modified_gmt":"2025-11-24T18:36:43","slug":"godelleta-somplira-de-magia-aquest-nadal","status":"publish","type":"post","link":"https:\/\/tucomarca.whitekongsoftware.com\/ca\/godelleta-somplira-de-magia-aquest-nadal\/","title":{"rendered":"Godelleta s&#8217;omplir\u00e0 de m\u00e0gia aquest Nadal"},"content":{"rendered":"\n<h3 class=\"wp-block-heading\">Cultura, solidaritat, m\u00fasica i tradici\u00f3 per a gaudir en fam\u00edlia.<\/h3>\n\n\n\n<p class=\"wp-block-paragraph\">L&#8217;Ajuntament de Godelleta presenta una programaci\u00f3 nadalenca pensada per a tots els p\u00fablics i amb activitats que abasten diferents gustos i interessos. El dijous 11 de desembre la Biblioteca Municipal de Godelleta acollir\u00e0 l&#8217;activitat \u201cMuntem el circ\u201d del SARC, i el dissabte 13 es representar\u00e0 l&#8217;obra de teatre per a tots els p\u00fablics: \u201cHist\u00f2ries absurdes, molt absurdes\u201d en la Sala d&#8217;actes a les 18.00 hores, a c\u00e0rrec de l&#8217;Associaci\u00f3 Escultor Teatre.<\/p>\n\n\n\n<p class=\"wp-block-paragraph\">A m\u00e9s, s&#8217;est\u00e0 organitzant un mercat ambulant solidari a favor de l&#8217;Associaci\u00f3 Espanyola Contra el C\u00e0ncer de Godelleta, que comptar\u00e0 amb la pres\u00e8ncia de Pap\u00e0 Noel i els seus patges perqu\u00e8 la poblaci\u00f3 m\u00e9s xicoteta puga entregar-li les seues cartes. Es conformar\u00e0 tant per marxandatge de l&#8217;associaci\u00f3, com per objectes que la poblaci\u00f3 haja donat pr\u00e8viament per a aquest mercat ambulant.<\/p>\n\n\n\n<p class=\"wp-block-paragraph\">La regidora de Cultura, Festes, Educaci\u00f3 i Serveis Municipals, Paqui Rico L\u00e1zaro, ha destacat: \u201cVolem que el ve\u00efnat trobe una activitat que li il\u00b7lusione, des de la poblaci\u00f3 m\u00e9s xicoteta fins a les persones adultes. Nadal a Godelleta \u00e9s un moment per a compartir i gaudir en companyia.\u201d<\/p>\n\n\n\n<p class=\"wp-block-paragraph\">El dilluns 15 de desembre es realitzar\u00e0 un recorregut pel municipi per a visitar les llars i comer\u00e7os nadalencs inscrits pr\u00e8viament, amb l&#8217;objectiu de mostrar Nadal a les cases del poble i el comer\u00e7 local. La visita partir\u00e0 a les 17.30 hores des de Plaza Espa\u00f1a. \u201c\u00c9s una oportunitat per a compartir amb la ciutadania com s&#8217;han decorat llars i locals del municipi\u201d, afirma Amparo Pardo, l&#8217;alcaldessa de Godelleta.<\/p>\n\n\n\n<p class=\"wp-block-paragraph\">El dijous 18 i divendres 19 de desembre, el CEIP Enrique Tierno Galv\u00e1n i l&#8217;Escola Infantil Municipal L&#8217;Esbarjo acolliran obres de teatre exclusives per al seu alumnat, promovent la celebraci\u00f3 de Nadal en els centres educatius de Godelleta. La Uni\u00f3 Musical de Godelleta oferir\u00e0 els seus tradicionals concerts de Nadal en el Celler Sant Pere Ap\u00f3stol, el 21 de desembre amb la Banda Simf\u00f2nica i el 23 de desembre amb la Banda Juvenil al costat del cor.<\/p>\n\n\n\n<p class=\"wp-block-paragraph\">El dilluns 22 tindr\u00e0 lloc el Festival de Nadales del CEIP Enrique Tierno Galv\u00e1n, on l&#8217;alumnat de tots els cicles de prim\u00e0ria mostrar\u00e0 les actuacions que han estat preparant durant les \u00faltimes setmanes. El dia 26 de desembre la Penya Taurina organitza els seus habituals carretones. El dissabte 27 en Plaza Espa\u00f1a es podr\u00e0 gaudir d&#8217;una Fira Infantil de Nadal amb activitats, jocs o un fotoreclam 360\u00e9. A m\u00e9s, el dilluns 29 de desembre, hi haur\u00e0 un contacontes amb m\u00fasica en directe a la Biblioteca Municipal.<\/p>\n\n\n\n<p class=\"wp-block-paragraph\">La regidora, Paqui Rico L\u00e1zaro, ha afegit: \u201cLa programaci\u00f3 combina cultura, esport, solidaritat i tradici\u00f3. \u00c9s una manera de mantindre vives les nostres arrels i, al mateix temps, oferir propostes actuals que fomenten la participaci\u00f3 ciutadana.\u201d Finalment, el dilluns 5 de gener es tancar\u00e0 la programaci\u00f3 amb l&#8217;emocionant Cavalcada de Reis, un dels moments m\u00e9s esperats per les fam\u00edlies del municipi.<\/p>\n\n\n\n<p class=\"wp-block-paragraph\">L&#8217;alcaldessa de Godelleta, Amparo Pardo, ha subratllat: \u201cNadal \u00e9s una oportunitat per a refor\u00e7ar la uni\u00f3 del nostre poble i donar veu al nostre comer\u00e7 local. Amb aquesta programaci\u00f3 volem que Godelleta brille amb la il\u00b7lusi\u00f3 del seu ve\u00efnat i que cada activitat siga un motiu per a trobar-nos i celebrar.\u201d<\/p>\n\n\n\n<p class=\"wp-block-paragraph\">Concerts, teatre, esport, solidaritat i la m\u00e0gia de Pap\u00e0 Noel i els Reis Mags, aix\u00ed \u00e9s tot el que oferir\u00e0 Godelleta aquest nadal, convidant a viure unes festes plenes d&#8217;alegria, cultura i tradici\u00f3.<\/p>\n\n\n\n<figure class=\"wp-block-gallery has-nested-images columns-2 is-cropped wp-block-gallery-1 is-layout-flex wp-block-gallery-is-layout-flex\">\n<figure class=\"wp-block-image size-large\"><img loading=\"lazy\" decoding=\"async\" width=\"1024\" height=\"1024\" data-id=\"286117\" src=\"https:\/\/www.tucomarca.com\/wordpress\/segunda\/wp-content\/uploads\/2025\/11\/GodelletaNavidad4-1024x1024.jpg\" alt=\"\" class=\"wp-image-286117\" srcset=\"https:\/\/tucomarca.whitekongsoftware.com\/wp-content\/uploads\/2025\/11\/GodelletaNavidad4-1024x1024.jpg 1024w, https:\/\/tucomarca.whitekongsoftware.com\/wp-content\/uploads\/2025\/11\/GodelletaNavidad4-300x300.jpg 300w, https:\/\/tucomarca.whitekongsoftware.com\/wp-content\/uploads\/2025\/11\/GodelletaNavidad4-290x290.jpg 290w, https:\/\/tucomarca.whitekongsoftware.com\/wp-content\/uploads\/2025\/11\/GodelletaNavidad4-768x768.jpg 768w, https:\/\/tucomarca.whitekongsoftware.com\/wp-content\/uploads\/2025\/11\/GodelletaNavidad4.jpg 1200w\" sizes=\"auto, (max-width: 1024px) 100vw, 1024px\" \/><\/figure>\n\n\n\n<figure class=\"wp-block-image size-large\"><img loading=\"lazy\" decoding=\"async\" width=\"1024\" height=\"1024\" data-id=\"286115\" src=\"https:\/\/www.tucomarca.com\/wordpress\/segunda\/wp-content\/uploads\/2025\/11\/GodelletaNavidad3-1024x1024.jpg\" alt=\"\" class=\"wp-image-286115\" srcset=\"https:\/\/tucomarca.whitekongsoftware.com\/wp-content\/uploads\/2025\/11\/GodelletaNavidad3-1024x1024.jpg 1024w, https:\/\/tucomarca.whitekongsoftware.com\/wp-content\/uploads\/2025\/11\/GodelletaNavidad3-300x300.jpg 300w, https:\/\/tucomarca.whitekongsoftware.com\/wp-content\/uploads\/2025\/11\/GodelletaNavidad3-290x290.jpg 290w, https:\/\/tucomarca.whitekongsoftware.com\/wp-content\/uploads\/2025\/11\/GodelletaNavidad3-768x768.jpg 768w, https:\/\/tucomarca.whitekongsoftware.com\/wp-content\/uploads\/2025\/11\/GodelletaNavidad3.jpg 1440w\" sizes=\"auto, (max-width: 1024px) 100vw, 1024px\" \/><\/figure>\n\n\n\n<figure class=\"wp-block-image size-large\"><img loading=\"lazy\" decoding=\"async\" width=\"1024\" height=\"691\" data-id=\"286111\" src=\"https:\/\/www.tucomarca.com\/wordpress\/segunda\/wp-content\/uploads\/2025\/11\/GodelletaNavidad1-1024x691.jpg\" alt=\"\" class=\"wp-image-286111\" srcset=\"https:\/\/tucomarca.whitekongsoftware.com\/wp-content\/uploads\/2025\/11\/GodelletaNavidad1-1024x691.jpg 1024w, https:\/\/tucomarca.whitekongsoftware.com\/wp-content\/uploads\/2025\/11\/GodelletaNavidad1-300x202.jpg 300w, https:\/\/tucomarca.whitekongsoftware.com\/wp-content\/uploads\/2025\/11\/GodelletaNavidad1-768x518.jpg 768w, https:\/\/tucomarca.whitekongsoftware.com\/wp-content\/uploads\/2025\/11\/GodelletaNavidad1.jpg 1181w\" sizes=\"auto, (max-width: 1024px) 100vw, 1024px\" \/><\/figure>\n\n\n\n<figure class=\"wp-block-image size-large\"><img loading=\"lazy\" decoding=\"async\" width=\"1024\" height=\"691\" data-id=\"286113\" src=\"https:\/\/www.tucomarca.com\/wordpress\/segunda\/wp-content\/uploads\/2025\/11\/GodelletaNavidad2-1024x691.jpg\" alt=\"\" class=\"wp-image-286113\" srcset=\"https:\/\/tucomarca.whitekongsoftware.com\/wp-content\/uploads\/2025\/11\/GodelletaNavidad2-1024x691.jpg 1024w, https:\/\/tucomarca.whitekongsoftware.com\/wp-content\/uploads\/2025\/11\/GodelletaNavidad2-300x202.jpg 300w, https:\/\/tucomarca.whitekongsoftware.com\/wp-content\/uploads\/2025\/11\/GodelletaNavidad2-768x518.jpg 768w, https:\/\/tucomarca.whitekongsoftware.com\/wp-content\/uploads\/2025\/11\/GodelletaNavidad2.jpg 1181w\" sizes=\"auto, (max-width: 1024px) 100vw, 1024px\" \/><\/figure>\n<\/figure>\n","protected":false},"excerpt":{"rendered":"<div class=\"mh-excerpt\">Cultura, solidaritat, m\u00fasica i tradici\u00f3 per a gaudir en fam\u00edlia. L&#8217;Ajuntament de Godelleta presenta una programaci\u00f3 nadalenca pensada per a tots els p\u00fablics i amb activitats que abasten diferents gustos i interessos. El dijous 11 <a class=\"mh-excerpt-more\" href=\"https:\/\/tucomarca.whitekongsoftware.com\/ca\/godelleta-somplira-de-magia-aquest-nadal\/\" title=\"Godelleta s&#8217;omplir\u00e0 de m\u00e0gia aquest Nadal\">[+] <\/a><\/div>\n","protected":false},"author":12,"featured_media":286120,"comment_status":"open","ping_status":"open","sticky":false,"template":"","format":"gallery","meta":{"footnotes":""},"categories":[11019,10977,10894,10912,11007,10896],"tags":[11087,10914,23410],"class_list":["post-286122","post","type-post","status-publish","format-gallery","has-post-thumbnail","category-agenda-ca","category-godelleta-ca","category-la-comarca-ca","category-la-hoya-ca","category-ocio-y-cultura-ca","category-seccion-ca","tag-godelleta-ca","tag-la-hoya-de-bunol-chiva-ca","tag-navidad-2025-ca","post_format-post-format-gallery"],"_links":{"self":[{"href":"https:\/\/tucomarca.whitekongsoftware.com\/ca\/wp-json\/wp\/v2\/posts\/286122","targetHints":{"allow":["GET"]}}],"collection":[{"href":"https:\/\/tucomarca.whitekongsoftware.com\/ca\/wp-json\/wp\/v2\/posts"}],"about":[{"href":"https:\/\/tucomarca.whitekongsoftware.com\/ca\/wp-json\/wp\/v2\/types\/post"}],"author":[{"embeddable":true,"href":"https:\/\/tucomarca.whitekongsoftware.com\/ca\/wp-json\/wp\/v2\/users\/12"}],"replies":[{"embeddable":true,"href":"https:\/\/tucomarca.whitekongsoftware.com\/ca\/wp-json\/wp\/v2\/comments?post=286122"}],"version-history":[{"count":0,"href":"https:\/\/tucomarca.whitekongsoftware.com\/ca\/wp-json\/wp\/v2\/posts\/286122\/revisions"}],"wp:featuredmedia":[{"embeddable":true,"href":"https:\/\/tucomarca.whitekongsoftware.com\/ca\/wp-json\/wp\/v2\/media\/286120"}],"wp:attachment":[{"href":"https:\/\/tucomarca.whitekongsoftware.com\/ca\/wp-json\/wp\/v2\/media?parent=286122"}],"wp:term":[{"taxonomy":"category","embeddable":true,"href":"https:\/\/tucomarca.whitekongsoftware.com\/ca\/wp-json\/wp\/v2\/categories?post=286122"},{"taxonomy":"post_tag","embeddable":true,"href":"https:\/\/tucomarca.whitekongsoftware.com\/ca\/wp-json\/wp\/v2\/tags?post=286122"}],"curies":[{"name":"wp","href":"https:\/\/api.w.org\/{rel}","templated":true}]}}