{"id":285696,"date":"2025-11-18T10:30:00","date_gmt":"2025-11-18T09:30:00","guid":{"rendered":"https:\/\/www.tucomarca.com\/wordpress\/segunda\/?p=285696"},"modified":"2025-11-18T12:25:26","modified_gmt":"2025-11-18T11:25:26","slug":"tres-trailers-implicats-en-un-greu-accident-nocturn-a-la-7-a-laltura-de-lalcudia","status":"publish","type":"post","link":"https:\/\/tucomarca.whitekongsoftware.com\/ca\/tres-trailers-implicats-en-un-greu-accident-nocturn-a-la-7-a-laltura-de-lalcudia\/","title":{"rendered":"Tres tr\u00e0ilers implicats en un greu accident nocturn a l\u2019A-7 a l\u2019altura de l\u2019Alc\u00fadia"},"content":{"rendered":"\n<p class=\"wp-block-paragraph\">Anit, un aparat\u00f3s accident a l\u2019A-7, a l\u2019altura de l\u2019Alc\u00fadia, va mobilitzar un ampli dispositiu d\u2019intervenci\u00f3 del Consorci Provincial de Bombers de Val\u00e8ncia, despr\u00e9s de veure\u2019s implicats tres tr\u00e0ilers en la col\u00b7lisi\u00f3.<\/p>\n\n\n\n<p class=\"wp-block-paragraph\">Fins al lloc es van despla\u00e7ar dotacions dels parcs d\u2019Alzira, X\u00e0tiva i Silla, a m\u00e9s del sergent d\u2019Alzira, que van treballar de manera coordinada per a assegurar la zona i atendre les persones afectades.<\/p>\n\n\n\n<p class=\"wp-block-paragraph\">La conductora d\u2019un dels camions va quedar atrapada a la cabina a causa del fort impacte, per la qual cosa els bombers van haver de realitzar tasques d\u2019excarceraci\u00f3 per a poder alliberar-la. Una vegada rescatada, va ser traslladada als serveis sanitaris per a la seua atenci\u00f3 m\u00e8dica.<\/p>\n\n\n\n<p class=\"wp-block-paragraph\">L\u2019accident va deixar diverses persones afectades, encara que de moment no han transcendit m\u00e9s detalls sobre el seu estat. La via va quedar parcialment tallada durant la intervenci\u00f3, generant retencions en els dos sentits fins a la retirada dels vehicles sinistrats.<\/p>\n\n\n\n<figure class=\"wp-block-image size-large\"><img loading=\"lazy\" decoding=\"async\" width=\"1024\" height=\"472\" src=\"http:\/\/www.tucomarca.com\/wordpress\/segunda\/wp-content\/uploads\/2025\/11\/AccidenteCamiones1-1024x472.jpeg\" alt=\"\" class=\"wp-image-285690\" srcset=\"https:\/\/tucomarca.whitekongsoftware.com\/wp-content\/uploads\/2025\/11\/AccidenteCamiones1-1024x472.jpeg 1024w, https:\/\/tucomarca.whitekongsoftware.com\/wp-content\/uploads\/2025\/11\/AccidenteCamiones1-300x138.jpeg 300w, https:\/\/tucomarca.whitekongsoftware.com\/wp-content\/uploads\/2025\/11\/AccidenteCamiones1-768x354.jpeg 768w, https:\/\/tucomarca.whitekongsoftware.com\/wp-content\/uploads\/2025\/11\/AccidenteCamiones1-1536x708.jpeg 1536w, https:\/\/tucomarca.whitekongsoftware.com\/wp-content\/uploads\/2025\/11\/AccidenteCamiones1.jpeg 1920w\" sizes=\"auto, (max-width: 1024px) 100vw, 1024px\" \/><\/figure>\n","protected":false},"excerpt":{"rendered":"<div class=\"mh-excerpt\">Anit, un aparat\u00f3s accident a l\u2019A-7, a l\u2019altura de l\u2019Alc\u00fadia, va mobilitzar un ampli dispositiu d\u2019intervenci\u00f3 del Consorci Provincial de Bombers de Val\u00e8ncia, despr\u00e9s de veure\u2019s implicats tres tr\u00e0ilers en la col\u00b7lisi\u00f3. Fins al lloc <a class=\"mh-excerpt-more\" href=\"https:\/\/tucomarca.whitekongsoftware.com\/ca\/tres-trailers-implicats-en-un-greu-accident-nocturn-a-la-7-a-laltura-de-lalcudia\/\" title=\"Tres tr\u00e0ilers implicats en un greu accident nocturn a l\u2019A-7 a l\u2019altura de l\u2019Alc\u00fadia\">[+] <\/a><\/div>\n","protected":false},"author":12,"featured_media":285694,"comment_status":"open","ping_status":"open","sticky":false,"template":"","format":"image","meta":{"footnotes":""},"categories":[10898,10948,10995,10894,10902,10896,10897],"tags":[15937,20509,11076,11356],"class_list":["post-285696","post","type-post","status-publish","format-image","has-post-thumbnail","category-ventana-ca","category-infraestructuras-ca","category-lalcudia-ca","category-la-comarca-ca","category-la-ribera-ca","category-seccion-ca","category-sucesos-la-comarca-ca","tag-accidente-de-trafico-ca","tag-consorcio-de-bomberos-de-valencia-ca","tag-lalcudia-ca","tag-ribera-alta-ca","post_format-post-format-image"],"_links":{"self":[{"href":"https:\/\/tucomarca.whitekongsoftware.com\/ca\/wp-json\/wp\/v2\/posts\/285696","targetHints":{"allow":["GET"]}}],"collection":[{"href":"https:\/\/tucomarca.whitekongsoftware.com\/ca\/wp-json\/wp\/v2\/posts"}],"about":[{"href":"https:\/\/tucomarca.whitekongsoftware.com\/ca\/wp-json\/wp\/v2\/types\/post"}],"author":[{"embeddable":true,"href":"https:\/\/tucomarca.whitekongsoftware.com\/ca\/wp-json\/wp\/v2\/users\/12"}],"replies":[{"embeddable":true,"href":"https:\/\/tucomarca.whitekongsoftware.com\/ca\/wp-json\/wp\/v2\/comments?post=285696"}],"version-history":[{"count":0,"href":"https:\/\/tucomarca.whitekongsoftware.com\/ca\/wp-json\/wp\/v2\/posts\/285696\/revisions"}],"wp:featuredmedia":[{"embeddable":true,"href":"https:\/\/tucomarca.whitekongsoftware.com\/ca\/wp-json\/wp\/v2\/media\/285694"}],"wp:attachment":[{"href":"https:\/\/tucomarca.whitekongsoftware.com\/ca\/wp-json\/wp\/v2\/media?parent=285696"}],"wp:term":[{"taxonomy":"category","embeddable":true,"href":"https:\/\/tucomarca.whitekongsoftware.com\/ca\/wp-json\/wp\/v2\/categories?post=285696"},{"taxonomy":"post_tag","embeddable":true,"href":"https:\/\/tucomarca.whitekongsoftware.com\/ca\/wp-json\/wp\/v2\/tags?post=285696"}],"curies":[{"name":"wp","href":"https:\/\/api.w.org\/{rel}","templated":true}]}}