{"id":285483,"date":"2025-11-14T12:30:00","date_gmt":"2025-11-14T11:30:00","guid":{"rendered":"https:\/\/www.tucomarca.com\/wordpress\/segunda\/?p=285483"},"modified":"2025-11-14T19:54:43","modified_gmt":"2025-11-14T18:54:43","slug":"marian-cano-denuncia-la-negativa-a-prorrogar-la-vida-de-les-nuclears-i-reivindica-el-paper-clau-de-cofrents-per-a-la-seguretat-energetica-i-competitivitat-de-la-comunitat-valenciana","status":"publish","type":"post","link":"https:\/\/tucomarca.whitekongsoftware.com\/ca\/marian-cano-denuncia-la-negativa-a-prorrogar-la-vida-de-les-nuclears-i-reivindica-el-paper-clau-de-cofrents-per-a-la-seguretat-energetica-i-competitivitat-de-la-comunitat-valenciana\/","title":{"rendered":"Mari\u00e1n Cano denuncia la negativa a prorrogar la vida de les nuclears i reivindica el paper clau de Cofrents per a la seguretat energ\u00e8tica i competitivitat de la Comunitat Valenciana"},"content":{"rendered":"\n<h3 class=\"wp-block-heading\">La consellera ha criticat que el Govern central &#8220;anteposa ideologia a les necessitats reals d&#8217;empreses i fam\u00edlies valencianes, amb una decisi\u00f3 que posa en risc milers d&#8217;ocupacions, encareix l&#8217;energia i afebleix a la Comunitat Valenciana\u201d.<\/h3>\n\n\n\n<h3 class=\"wp-block-heading\">Cano reclama una transici\u00f3 energ\u00e8tica \u201crealista i responsable\u201d que combine energies renovables amb altres tecnologies per a &#8220;garantir l&#8217;estabilitat del sistema\u201d.<\/h3>\n\n\n\n<p class=\"wp-block-paragraph\">La consellera d&#8217;Innovaci\u00f3, Ind\u00fastria, Comer\u00e7 i Turisme, Mari\u00e1n Cano, ha denunciat que la decisi\u00f3 de no de prorrogar el tancament de les centrals nuclears afectar\u00e0 directament la central de Cofrents, a la seua comarca i a desenes de milers de llocs de treball, a m\u00e9s de repercutir en tots els ciutadans de la Comunitat, \u201cque hauran de pagar un preu m\u00e9s alt per l&#8217;energia a causa de decisions ideol\u00f2giques que ignoren les necessitats reals del nostre territori\u201d.<\/p>\n\n\n\n<p class=\"wp-block-paragraph\">Durant la clausura de la jornada \u201cEl futur de l&#8217;Energia El\u00e8ctrica: Clau per a la Competitivitat Empresarial\u201d, Cano ha defensat la necessitat d&#8217;allargar la vida \u00fatil de la central de Cofrents com \u201cuna decisi\u00f3 de sentit com\u00fa en defensa de la seguretat del subministrament, l&#8217;ocupaci\u00f3, la competitivitat de les empreses valencianes i la sobirania energ\u00e8tica de la Comunitat\u201d.<\/p>\n\n\n\n<p class=\"wp-block-paragraph\">\u201cLa continu\u00eftat de Cofrents, sempre sota els m\u00e9s alts est\u00e0ndards de seguretat, \u00e9s essencial per a la nostra autonomia energ\u00e8tica i la competitivitat de les nostres empreses\u201d, ha explicat. La Comunitat Valenciana, ha subratllat, \u201cno pot permetre&#8217;s perdre autonomia energ\u00e8tica ni competitivitat industrial per decisions que anteposen la ideologia al benestar de les fam\u00edlies i al futur econ\u00f2mic\u201d.<\/p>\n\n\n\n<p class=\"wp-block-paragraph\"><strong>Cano reclama una transici\u00f3 energ\u00e8tica \u201crealista i responsable\u201d<\/strong><\/p>\n\n\n\n<p class=\"wp-block-paragraph\">La titular d&#8217;Energia ha insistit que \u201cCofrents \u00e9s una infraestructura estrat\u00e8gica que garanteix un subministrament el\u00e8ctric estable, lliure d&#8217;emissions i fonamental per a la nostra ind\u00fastria\u201d, i ha reclamat al Govern central \u201crealisme i responsabilitat\u201d en la planificaci\u00f3 energ\u00e8tica, i una transici\u00f3 energ\u00e8tica que combine les energies renovables amb altres tecnologies \u201cper a dotar de la m\u00e1xina seguretat al sistema\u201d.<\/p>\n\n\n\n<p class=\"wp-block-paragraph\">En aquest sentit, ha incidit en qu\u00e8 la Comunitat \u201cno pot permetre&#8217;s deixar de tindre aquesta font d&#8217;energia\u201d, i ha recordat que sense Cofrents la Comunitat Valenciana hauria d&#8217;importar el 74% de l&#8217;energia que consumeix, \u201cla qual cosa ens posaria en una posici\u00f3 de debilitat manifesta\u201d.<\/p>\n\n\n\n<p class=\"wp-block-paragraph\">La consellera ha posat en valor \u201cl&#8217;aposta i esfor\u00e7\u201d realitzat per l&#8217;actual Consell en mat\u00e8ria d&#8217;energies renovables, recordant que des del primer moment \u201chem legislat per a eliminar traves i simplificar procediments que permeten accelerar la instal\u00b7laci\u00f3 de pot\u00e8ncia d&#8217;origen renovable\u201d.<\/p>\n\n\n\n<p class=\"wp-block-paragraph\">En aquest sentit, ha mostrat el comprom\u00eds del Consell per a situar a la Comunitat Valenciana \u201cen el lideratge energ\u00e8tic\u201d. autoritzant en aquests anys \u201cvint vegades m\u00e9s pot\u00e8ncia que en la d\u00e8cada anterior\u201d.<\/p>\n\n\n\n<p class=\"wp-block-paragraph\">No obstant aix\u00f2, ha destacat, \u201cqueda cam\u00ed per rec\u00f3rrer\u201d i, en eixe proc\u00e9s d&#8217;instal\u00b7laci\u00f3 de diferents fonts d&#8217;energia renovables, \u201c\u00e9s vital comptar amb Cofrents, perqu\u00e8 en l&#8217;actualitat subministra el 50% del consum de la Comunitat\u201d.<\/p>\n\n\n\n<p class=\"wp-block-paragraph\">En aquest sentit, Cano ha qualificat el Pla Nacional Integrat d&#8217;Energia i Clima (PNIEC), com \u201cun llistat de bones intencions\u201d, i ha subratllat que els objectius que estableix depenen de factors externs i que \u201cl&#8217;\u00fanica cosa segur \u00e9s el tancament de les nuclears\u201d.<\/p>\n\n\n\n<p class=\"wp-block-paragraph\">\u201cNo es concep que deixem una font d&#8217;energia estable, segura i econ\u00f2micament viable abans d&#8217;haver aconseguit la resposta a si tenim fonts d&#8217;energia suficients i emmagatzematge per a gestionar-les\u201d, ha assenyalat.<\/p>\n\n\n\n<p class=\"wp-block-paragraph\"><strong>Protecci\u00f3 davant conflictes geopol\u00edtics<\/strong><\/p>\n\n\n\n<p class=\"wp-block-paragraph\">La titular d&#8217;Energia ha destacat que \u201cl&#8217;energia \u00e9s un b\u00e9 imprescindible per al desenvolupament\u201d i a m\u00e9s de garantir l&#8217;acc\u00e9s, \u00e9s \u201cfonamental\u201d protegir el seu preu dels conflictes geopol\u00edtics, com els que van afectar a Europa durant 2022 amb la guerra d&#8217;Ucra\u00efna.<\/p>\n\n\n\n<p class=\"wp-block-paragraph\">La consellera ha demanat \u201cser pragm\u00e0tics i no dogm\u00e0tics\u201d i ha advertit sobre els errors comesos per altres pa\u00efsos com Alemanya. Cano, en plena sintonia amb les recomanacions europees, ha defensat que l&#8217;acord de tancament nuclear signat en 2019 ha de ser revisat, ja que \u201cel m\u00f3n no \u00e9s el mateix que quan es van planificar els tancaments nuclears\u201d.<\/p>\n\n\n\n<p class=\"wp-block-paragraph\">Per a la consellera, si tots els pa\u00efsos europeus, excepte Espanya, estan revisant o ampliant la vida \u00fatil de les seues centrals nuclears, tal vegada haur\u00edem de preguntar-nos si som nosaltres els que estem equivocats.<\/p>\n\n\n\n<p class=\"wp-block-paragraph\">Per aix\u00f2, ha defensat que el tancament d&#8217;aquestes centrals ha d&#8217;adaptar-se al compliment real dels objectius de pot\u00e8ncia i emmagatzematge, per a evitar \u201cuna depend\u00e8ncia del gas i dels cicles combinats que ens porte de nou a una fragilitat i falta de competitivitat com la de 2022\u201d.<a><\/a><\/p>\n","protected":false},"excerpt":{"rendered":"<div class=\"mh-excerpt\">La consellera ha criticat que el Govern central &#8220;anteposa ideologia a les necessitats reals d&#8217;empreses i fam\u00edlies valencianes, amb una decisi\u00f3 que posa en risc milers d&#8217;ocupacions, encareix l&#8217;energia i afebleix a la Comunitat Valenciana\u201d. <a class=\"mh-excerpt-more\" href=\"https:\/\/tucomarca.whitekongsoftware.com\/ca\/marian-cano-denuncia-la-negativa-a-prorrogar-la-vida-de-les-nuclears-i-reivindica-el-paper-clau-de-cofrents-per-a-la-seguretat-energetica-i-competitivitat-de-la-comunitat-valenciana\/\" title=\"Mari\u00e1n Cano denuncia la negativa a prorrogar la vida de les nuclears i reivindica el paper clau de Cofrents per a la seguretat energ\u00e8tica i competitivitat de la Comunitat Valenciana\">[+] <\/a><\/div>\n","protected":false},"author":12,"featured_media":285482,"comment_status":"open","ping_status":"open","sticky":false,"template":"","format":"standard","meta":{"footnotes":""},"categories":[10951,10955,10898,10948,10894,10904,10903,10947,10896],"tags":[23372,11480,11498],"class_list":["post-285483","post","type-post","status-publish","format-standard","has-post-thumbnail","category-ayora-cofrentes-ca","category-cofrentes-ca","category-ventana-ca","category-infraestructuras-ca","category-la-comarca-ca","category-sin-categorizar-ca","category-medio-ambiente-la-comarca-ca","category-politica","category-seccion-ca","tag-centrales-nucleares-ca","tag-cofrentes-ca","tag-generalitat-valenciana-ca"],"_links":{"self":[{"href":"https:\/\/tucomarca.whitekongsoftware.com\/ca\/wp-json\/wp\/v2\/posts\/285483","targetHints":{"allow":["GET"]}}],"collection":[{"href":"https:\/\/tucomarca.whitekongsoftware.com\/ca\/wp-json\/wp\/v2\/posts"}],"about":[{"href":"https:\/\/tucomarca.whitekongsoftware.com\/ca\/wp-json\/wp\/v2\/types\/post"}],"author":[{"embeddable":true,"href":"https:\/\/tucomarca.whitekongsoftware.com\/ca\/wp-json\/wp\/v2\/users\/12"}],"replies":[{"embeddable":true,"href":"https:\/\/tucomarca.whitekongsoftware.com\/ca\/wp-json\/wp\/v2\/comments?post=285483"}],"version-history":[{"count":0,"href":"https:\/\/tucomarca.whitekongsoftware.com\/ca\/wp-json\/wp\/v2\/posts\/285483\/revisions"}],"wp:featuredmedia":[{"embeddable":true,"href":"https:\/\/tucomarca.whitekongsoftware.com\/ca\/wp-json\/wp\/v2\/media\/285482"}],"wp:attachment":[{"href":"https:\/\/tucomarca.whitekongsoftware.com\/ca\/wp-json\/wp\/v2\/media?parent=285483"}],"wp:term":[{"taxonomy":"category","embeddable":true,"href":"https:\/\/tucomarca.whitekongsoftware.com\/ca\/wp-json\/wp\/v2\/categories?post=285483"},{"taxonomy":"post_tag","embeddable":true,"href":"https:\/\/tucomarca.whitekongsoftware.com\/ca\/wp-json\/wp\/v2\/tags?post=285483"}],"curies":[{"name":"wp","href":"https:\/\/api.w.org\/{rel}","templated":true}]}}