{"id":285448,"date":"2025-11-14T10:00:00","date_gmt":"2025-11-14T09:00:00","guid":{"rendered":"https:\/\/www.tucomarca.com\/wordpress\/segunda\/?p=285448"},"modified":"2025-11-14T19:47:02","modified_gmt":"2025-11-14T18:47:02","slug":"dos-aguas-acull-la-seua-ix-fira-gastronomica-i-artesanal-aquest-diumenge","status":"publish","type":"post","link":"https:\/\/tucomarca.whitekongsoftware.com\/ca\/dos-aguas-acull-la-seua-ix-fira-gastronomica-i-artesanal-aquest-diumenge\/","title":{"rendered":"Dos Aguas acull la seua IX Fira Gastron\u00f2mica i Artesanal aquest diumenge"},"content":{"rendered":"\n<p class=\"wp-block-paragraph\">Dos Aguas celebrar\u00e0 este diumenge, <strong>16 de novembre<\/strong>, la <strong>IX Fira Gastron\u00f2mica i Artesanal<\/strong>, un esdeveniment ja consolidat al calendari local i que torna despr\u00e9s d\u2019haver sigut susp\u00e9s el passat 12 d\u2019octubre a causa del temporal de pluges. La cita omplir\u00e0 de nou els carrers del municipi de tradici\u00f3, sabor i cultura popular.<\/p>\n\n\n\n<p class=\"wp-block-paragraph\">Organitzada per l\u2019<strong>Ajuntament de Dos Aguas<\/strong> amb la col\u00b7laboraci\u00f3 de la <strong>Diputaci\u00f3 de Val\u00e8ncia<\/strong> i el <strong>SARC (Servei d\u2019Assist\u00e8ncia i Recursos Culturals)<\/strong>, la fira reunir\u00e0 una \u00e0mplia oferta de productes gastron\u00f2mics i artesanals, a m\u00e9s d\u2019activitats dirigides a tots els p\u00fablics.<\/p>\n\n\n\n<p class=\"wp-block-paragraph\"><strong>Gastronomia per a tots els gustos<\/strong><\/p>\n\n\n\n<p class=\"wp-block-paragraph\">L\u2019espai gastron\u00f2mic permetr\u00e0 als visitants gaudir d\u2019una variada selecci\u00f3 de productes: pa i coques t\u00edpiques, dol\u00e7os, embotits, formatges artesanals, mel, encurtits, oli d\u2019oliva, d\u00e0tils, figues, garapi\u00f1ats o els tradicionals <em>Miguelitos<\/em> de La Roda. A m\u00e9s, es podran degustar bunyols i xocolate, la recaptaci\u00f3 dels quals es destinar\u00e0 \u00edntegrament a l\u2019<strong>Associaci\u00f3 Espanyola Contra el C\u00e0ncer (AECC)<\/strong>.<\/p>\n\n\n\n<p class=\"wp-block-paragraph\"><strong>Artesania local i activitats culturals<\/strong><\/p>\n\n\n\n<p class=\"wp-block-paragraph\">La zona d\u2019artesania comptar\u00e0 amb parades de bijuteria, cer\u00e0mica, llibres, espelmes, brodats, decoraci\u00f3, atrapasomnis, bolsos i diversos complements elaborats de manera completament artesanal.<\/p>\n\n\n\n<p class=\"wp-block-paragraph\">Durant tota la jornada, el p\u00fablic podr\u00e0 gaudir d\u2019una <strong>exhibici\u00f3 de bonsais<\/strong> al mirador de l\u2019edifici multiusos i, durant el mat\u00ed, visitar el <strong>museu del castell, Torre de Vilaragut<\/strong>.<\/p>\n\n\n\n<p class=\"wp-block-paragraph\"><strong>Una jornada plena d\u2019activitats<\/strong><\/p>\n\n\n\n<p class=\"wp-block-paragraph\">La fira oferir\u00e0 una completa programaci\u00f3 de propostes: passejades a cavall i en carro, tallers infantils, exhibici\u00f3 de falconeria, photocall i el taller de decoraci\u00f3 de m\u00e0scares de <strong>La Llar de Noa<\/strong>. Els m\u00e9s menuts tamb\u00e9 podran disfrutar de la <strong>Fireta Antiga<\/strong>, amb globofl\u00e8xia i cot\u00f3 de sucre.<\/p>\n\n\n\n<p class=\"wp-block-paragraph\">A les <strong>17,00 hores<\/strong>, l\u2019edifici multiusos acollir\u00e0 un espectacle de m\u00e0gia a c\u00e0rrec de <strong>Markus Magic Show<\/strong>, i a partir de les <strong>18,00 hores<\/strong>, el grup de <strong>gegants i cabuts de Benet\u00fasser<\/strong> recorrer\u00e0 l\u2019avinguda Marqu\u00e9s de Dos Aguas per a posar el colof\u00f3 final a la jornada.<\/p>\n","protected":false},"excerpt":{"rendered":"<div class=\"mh-excerpt\">Dos Aguas celebrar\u00e0 este diumenge, 16 de novembre, la IX Fira Gastron\u00f2mica i Artesanal, un esdeveniment ja consolidat al calendari local i que torna despr\u00e9s d\u2019haver sigut susp\u00e9s el passat 12 d\u2019octubre a causa del <a class=\"mh-excerpt-more\" href=\"https:\/\/tucomarca.whitekongsoftware.com\/ca\/dos-aguas-acull-la-seua-ix-fira-gastronomica-i-artesanal-aquest-diumenge\/\" title=\"Dos Aguas acull la seua IX Fira Gastron\u00f2mica i Artesanal aquest diumenge\">[+] <\/a><\/div>\n","protected":false},"author":12,"featured_media":285446,"comment_status":"open","ping_status":"open","sticky":false,"template":"","format":"standard","meta":{"footnotes":""},"categories":[11019,10976,10898,10894,10912,11007,10896],"tags":[14234,23149,10914],"class_list":["post-285448","post","type-post","status-publish","format-standard","has-post-thumbnail","category-agenda-ca","category-dos-aguas-ca","category-ventana-ca","category-la-comarca-ca","category-la-hoya-ca","category-ocio-y-cultura-ca","category-seccion-ca","tag-ayuntamiento-de-dos-aguas-ca","tag-ix-feria-gastronomica-y-artesanal-ca","tag-la-hoya-de-bunol-chiva-ca"],"_links":{"self":[{"href":"https:\/\/tucomarca.whitekongsoftware.com\/ca\/wp-json\/wp\/v2\/posts\/285448","targetHints":{"allow":["GET"]}}],"collection":[{"href":"https:\/\/tucomarca.whitekongsoftware.com\/ca\/wp-json\/wp\/v2\/posts"}],"about":[{"href":"https:\/\/tucomarca.whitekongsoftware.com\/ca\/wp-json\/wp\/v2\/types\/post"}],"author":[{"embeddable":true,"href":"https:\/\/tucomarca.whitekongsoftware.com\/ca\/wp-json\/wp\/v2\/users\/12"}],"replies":[{"embeddable":true,"href":"https:\/\/tucomarca.whitekongsoftware.com\/ca\/wp-json\/wp\/v2\/comments?post=285448"}],"version-history":[{"count":0,"href":"https:\/\/tucomarca.whitekongsoftware.com\/ca\/wp-json\/wp\/v2\/posts\/285448\/revisions"}],"wp:featuredmedia":[{"embeddable":true,"href":"https:\/\/tucomarca.whitekongsoftware.com\/ca\/wp-json\/wp\/v2\/media\/285446"}],"wp:attachment":[{"href":"https:\/\/tucomarca.whitekongsoftware.com\/ca\/wp-json\/wp\/v2\/media?parent=285448"}],"wp:term":[{"taxonomy":"category","embeddable":true,"href":"https:\/\/tucomarca.whitekongsoftware.com\/ca\/wp-json\/wp\/v2\/categories?post=285448"},{"taxonomy":"post_tag","embeddable":true,"href":"https:\/\/tucomarca.whitekongsoftware.com\/ca\/wp-json\/wp\/v2\/tags?post=285448"}],"curies":[{"name":"wp","href":"https:\/\/api.w.org\/{rel}","templated":true}]}}