{"id":285249,"date":"2025-11-13T08:00:00","date_gmt":"2025-11-13T07:00:00","guid":{"rendered":"https:\/\/www.tucomarca.com\/wordpress\/segunda\/?p=285249"},"modified":"2025-11-13T19:00:06","modified_gmt":"2025-11-13T18:00:06","slug":"la-diputacio-de-valencia-exhibix-en-ecofira-les-seues-accions-en-materia-de-gestio-forestal-conservacio-dels-espais-naturals-i-eficiencia-energetica","status":"publish","type":"post","link":"https:\/\/tucomarca.whitekongsoftware.com\/ca\/la-diputacio-de-valencia-exhibix-en-ecofira-les-seues-accions-en-materia-de-gestio-forestal-conservacio-dels-espais-naturals-i-eficiencia-energetica\/","title":{"rendered":"La Diputaci\u00f3 de Val\u00e8ncia exhibix en Ecofira les seues accions en mat\u00e8ria de gesti\u00f3 forestal, conservaci\u00f3 dels espais naturals i efici\u00e8ncia energ\u00e8tica"},"content":{"rendered":"\n<h3 class=\"wp-block-heading\">El diputat de Medi Ambient, Avelino Mascarell, visita l&#8217;espai de la instituci\u00f3 provincial en el qual es donen a con\u00e9ixer les diferents l\u00ednies desenvolupades per a recolzar als ajuntaments en esta mat\u00e8ria.<\/h3>\n\n\n\n<p class=\"wp-block-paragraph\">La Diputaci\u00f3 de Val\u00e8ncia participa un any m\u00e9s en Ecofira, la fira internacional de les solucions mediambientals, amb un estand en el qual es dona a con\u00e9ixer el conjunt d&#8217;actuacions que l&#8217;\u00e0rea de Medi Ambient desenvolupa en els municipis de la prov\u00edncia.&nbsp;<\/p>\n\n\n\n<p class=\"wp-block-paragraph\">Entre elles, destaquen els programes de gesti\u00f3 i prevenci\u00f3 d&#8217;incendis forestals, conservaci\u00f3 d&#8217;espais naturals, neteja de platges, educaci\u00f3 ambiental, prevenci\u00f3 de riscos geol\u00f2gics i efici\u00e8ncia energ\u00e8tica.<\/p>\n\n\n\n<p class=\"wp-block-paragraph\">El diputat de Medi Ambient, Avelino Mascarell, ha destacat durant la seua visita a l&#8217;estand provincial \u201cel paper essencial de la Diputaci\u00f3 com aliada dels ajuntaments en la protecci\u00f3 del territori, aportant recursos t\u00e8cnics i econ\u00f2mics que permeten millorar l&#8217;entorn natural i la qualitat de vida dels ve\u00efns i ve\u00efnes\u201d.<\/p>\n\n\n\n<p class=\"wp-block-paragraph\">En l&#8217;espai expositiu de la Diputaci\u00f3, s&#8217;informa de l&#8217;\u00e0mplia labor de l&#8217;\u00e0rea de Medi Ambient a trav\u00e9s d&#8217;iniciatives com el programa Gestifoc, dotat amb 8 milions d&#8217;euros per a la gesti\u00f3 i prevenci\u00f3 d&#8217;incendis forestals; les ajudes per a la conservaci\u00f3 d&#8217;espais naturals, amb un pressupost global de 1,85 milions d&#8217;euros; o el servici provincial de neteja de platges que actua en 15 municipis amb maquin\u00e0ria i processos respectuosos amb el medi ambient.<\/p>\n\n\n\n<p class=\"wp-block-paragraph\">L&#8217;\u00e0rea tamb\u00e9 impulsa l&#8217;educaci\u00f3 ambiental en tota la prov\u00edncia i participa en projectes europeus com Riwet, destinat a millorar la gesti\u00f3 comunit\u00e0ria de l&#8217;aigua, o el Pacte de les Alcaldies pel Clima i l&#8217;Energia, que agrupa m\u00e9s de 250 entitats locals valencianes compromeses amb la neutralitat clim\u00e0tica en 2050.<\/p>\n\n\n\n<p class=\"wp-block-paragraph\">\u201cEl nostre objectiu \u00e9s clar: que cada municipi, gran o xicotet, puga accedir als recursos necessaris per a avan\u00e7ar cap a un model m\u00e9s sostenible, resilient i comprom\u00e9s amb la lluita contra el canvi clim\u00e0tic\u201d, ha concl\u00f2s Avelino Mascarell.<\/p>\n","protected":false},"excerpt":{"rendered":"<div class=\"mh-excerpt\">El diputat de Medi Ambient, Avelino Mascarell, visita l&#8217;espai de la instituci\u00f3 provincial en el qual es donen a con\u00e9ixer les diferents l\u00ednies desenvolupades per a recolzar als ajuntaments en esta mat\u00e8ria. La Diputaci\u00f3 de <a class=\"mh-excerpt-more\" href=\"https:\/\/tucomarca.whitekongsoftware.com\/ca\/la-diputacio-de-valencia-exhibix-en-ecofira-les-seues-accions-en-materia-de-gestio-forestal-conservacio-dels-espais-naturals-i-eficiencia-energetica\/\" title=\"La Diputaci\u00f3 de Val\u00e8ncia exhibix en Ecofira les seues accions en mat\u00e8ria de gesti\u00f3 forestal, conservaci\u00f3 dels espais naturals i efici\u00e8ncia energ\u00e8tica\">[+] <\/a><\/div>\n","protected":false},"author":12,"featured_media":285248,"comment_status":"open","ping_status":"open","sticky":false,"template":"","format":"standard","meta":{"footnotes":""},"categories":[10898,10948,10894,10904,10903,10947,10896,10897],"tags":[11246,23154,21023],"class_list":["post-285249","post","type-post","status-publish","format-standard","has-post-thumbnail","category-ventana-ca","category-infraestructuras-ca","category-la-comarca-ca","category-sin-categorizar-ca","category-medio-ambiente-la-comarca-ca","category-politica","category-seccion-ca","category-sucesos-la-comarca-ca","tag-diputacio-de-valencia-ca","tag-ecofira-ca","tag-gestion-forestal-ca"],"_links":{"self":[{"href":"https:\/\/tucomarca.whitekongsoftware.com\/ca\/wp-json\/wp\/v2\/posts\/285249","targetHints":{"allow":["GET"]}}],"collection":[{"href":"https:\/\/tucomarca.whitekongsoftware.com\/ca\/wp-json\/wp\/v2\/posts"}],"about":[{"href":"https:\/\/tucomarca.whitekongsoftware.com\/ca\/wp-json\/wp\/v2\/types\/post"}],"author":[{"embeddable":true,"href":"https:\/\/tucomarca.whitekongsoftware.com\/ca\/wp-json\/wp\/v2\/users\/12"}],"replies":[{"embeddable":true,"href":"https:\/\/tucomarca.whitekongsoftware.com\/ca\/wp-json\/wp\/v2\/comments?post=285249"}],"version-history":[{"count":0,"href":"https:\/\/tucomarca.whitekongsoftware.com\/ca\/wp-json\/wp\/v2\/posts\/285249\/revisions"}],"wp:featuredmedia":[{"embeddable":true,"href":"https:\/\/tucomarca.whitekongsoftware.com\/ca\/wp-json\/wp\/v2\/media\/285248"}],"wp:attachment":[{"href":"https:\/\/tucomarca.whitekongsoftware.com\/ca\/wp-json\/wp\/v2\/media?parent=285249"}],"wp:term":[{"taxonomy":"category","embeddable":true,"href":"https:\/\/tucomarca.whitekongsoftware.com\/ca\/wp-json\/wp\/v2\/categories?post=285249"},{"taxonomy":"post_tag","embeddable":true,"href":"https:\/\/tucomarca.whitekongsoftware.com\/ca\/wp-json\/wp\/v2\/tags?post=285249"}],"curies":[{"name":"wp","href":"https:\/\/api.w.org\/{rel}","templated":true}]}}