{"id":285214,"date":"2025-11-12T10:30:00","date_gmt":"2025-11-12T09:30:00","guid":{"rendered":"https:\/\/www.tucomarca.com\/wordpress\/segunda\/?p=285214"},"modified":"2025-11-12T20:49:14","modified_gmt":"2025-11-12T19:49:14","slug":"la-mancomunitat-de-linterior-tierra-del-vino-i-fademur-organitzen-el-curs-de-poda-de-vinya-per-a-millorar-locupabilitat-en-el-sector-agrari","status":"publish","type":"post","link":"https:\/\/tucomarca.whitekongsoftware.com\/ca\/la-mancomunitat-de-linterior-tierra-del-vino-i-fademur-organitzen-el-curs-de-poda-de-vinya-per-a-millorar-locupabilitat-en-el-sector-agrari\/","title":{"rendered":"La Mancomunitat de l\u2019Interior Tierra del Vino i Fademur organitzen el curs de &#8216;Poda de Vinya&#8217; per a millorar l\u2019ocupabilitat en el sector agrari"},"content":{"rendered":"\n<h3 class=\"wp-block-heading\">Es tracta d\u2019un curs de tres jornades, que tindran lloc els dies 24, 25 i 26 de novembre, en les quals es combinaran continguts te\u00f2rics i pr\u00e0ctics: des del disseny de la plantaci\u00f3 i els tipus de poda, fins a la poda de formaci\u00f3 i la poda de vinyes en producci\u00f3.<\/h3>\n\n\n\n<p class=\"wp-block-paragraph\">La Mancomunitat de l\u2019Interior Tierra del Vino (MITV), a trav\u00e9s de l\u2019equip t\u00e8cnic del Projecte Adapt@+t, col\u00b7labora amb la Federaci\u00f3 d\u2019Associacions de Dones Rurals (FADEMUR) en l\u2019organitzaci\u00f3 del curs \u201cPoda de Vinya\u201d, que se celebrar\u00e0 els dies 24, 25 i 26 de novembre de 2025 al Sal\u00f3 d\u2019Actes de la Casa de la Cultura d\u2019Utiel, situat al carrer Cam\u00ed, 1 d\u2019Utiel.<\/p>\n\n\n<div class=\"wp-block-image\">\n<figure class=\"alignleft size-large is-resized\"><img loading=\"lazy\" decoding=\"async\" width=\"724\" height=\"1024\" src=\"https:\/\/www.tucomarca.com\/wordpress\/segunda\/wp-content\/uploads\/2025\/11\/CursoPodadeVinya-724x1024.jpg\" alt=\"\" class=\"wp-image-285209\" style=\"width:438px;height:auto\" srcset=\"https:\/\/tucomarca.whitekongsoftware.com\/wp-content\/uploads\/2025\/11\/CursoPodadeVinya-724x1024.jpg 724w, https:\/\/tucomarca.whitekongsoftware.com\/wp-content\/uploads\/2025\/11\/CursoPodadeVinya-212x300.jpg 212w, https:\/\/tucomarca.whitekongsoftware.com\/wp-content\/uploads\/2025\/11\/CursoPodadeVinya-768x1086.jpg 768w, https:\/\/tucomarca.whitekongsoftware.com\/wp-content\/uploads\/2025\/11\/CursoPodadeVinya-1086x1536.jpg 1086w, https:\/\/tucomarca.whitekongsoftware.com\/wp-content\/uploads\/2025\/11\/CursoPodadeVinya.jpg 1414w\" sizes=\"auto, (max-width: 724px) 100vw, 724px\" \/><\/figure>\n<\/div>\n\n\n<p class=\"wp-block-paragraph\">Aquesta acci\u00f3 formativa s\u2019emmarca dins de les iniciatives impulsades pel Projecte Adapt@+t per a la millora de l\u2019ocupabilitat en el sector agrari, fomentant la qualificaci\u00f3 professional i la diversificaci\u00f3 d\u2019oportunitats laborals en el medi rural a trav\u00e9s d\u2019iniciatives pr\u00f2pies o en col\u00b7laboraci\u00f3 amb altres entitats.<\/p>\n\n\n\n<p class=\"wp-block-paragraph\">El curs ser\u00e0 impartit per M\u00aa \u00c1ngeles Novella Herrero, t\u00e8cnica de l\u2019Estaci\u00f3 Enol\u00f2gica de Requena, i est\u00e0 adre\u00e7at a viticultors, persones treballadores del sector i p\u00fablic interessat a adquirir o actualitzar els seus coneixements sobre les t\u00e8cniques de poda de la vinya.<\/p>\n\n\n\n<p class=\"wp-block-paragraph\">Durant les tres jornades, es combinaran continguts te\u00f2rics i pr\u00e0ctics: des del disseny de la plantaci\u00f3 i els tipus de poda, fins a la poda de formaci\u00f3 i la poda de vinyes en producci\u00f3. La primera sessi\u00f3 es desenvolupar\u00e0 de 17 a 20 hores, mentre que les dues restants seran de 15.30 a 18.30 hores.<\/p>\n\n\n\n<p class=\"wp-block-paragraph\">L\u2019activitat \u00e9s gratu\u00efta i les inscripcions s\u2019han de realitzar a trav\u00e9s del Portal Agrari de la Generalitat Valenciana, en l\u2019enlla\u00e7 corresponent.<\/p>\n\n\n\n<p class=\"wp-block-paragraph\">El Projecte Adapt@+t forma part del Programa Empace 2025-2026 del Servei Valenci\u00e0 d\u2019Ocupaci\u00f3 i Formaci\u00f3 (Labora) i s\u2019emmarca dins de l\u2019Acord Territorial per l\u2019Ocupaci\u00f3 i el Desenvolupament Local signat per la Mancomunitat de l\u2019Interior Tierra del Vino juntament amb els nou municipis que la integren: Camporrobles, Caudete de las Fuentes, Chera, Fuenterrobles, Requena, Sinarcas, Utiel, Venta del Moro i Villargordo del Cabriel.<\/p>\n","protected":false},"excerpt":{"rendered":"<div class=\"mh-excerpt\">Es tracta d\u2019un curs de tres jornades, que tindran lloc els dies 24, 25 i 26 de novembre, en les quals es combinaran continguts te\u00f2rics i pr\u00e0ctics: des del disseny de la plantaci\u00f3 i els <a class=\"mh-excerpt-more\" href=\"https:\/\/tucomarca.whitekongsoftware.com\/ca\/la-mancomunitat-de-linterior-tierra-del-vino-i-fademur-organitzen-el-curs-de-poda-de-vinya-per-a-millorar-locupabilitat-en-el-sector-agrari\/\" title=\"La Mancomunitat de l\u2019Interior Tierra del Vino i Fademur organitzen el curs de &#8216;Poda de Vinya&#8217; per a millorar l\u2019ocupabilitat en el sector agrari\">[+] <\/a><\/div>\n","protected":false},"author":12,"featured_media":285212,"comment_status":"open","ping_status":"open","sticky":false,"template":"","format":"standard","meta":{"footnotes":""},"categories":[11019,10905,11031,11006,11032,11054,10898,11055,10948,10894,10903,11007,10947,10908,10909,10896,11058,11059,11060,11061],"tags":[23355,12387,10910],"class_list":["post-285214","post","type-post","status-publish","format-standard","has-post-thumbnail","category-agenda-ca","category-agricultura-la-comarca-ca","category-camporrobles-ca","category-canal-vinos","category-caudete-ca","category-chera-ca","category-ventana-ca","category-fuenterrobles-ca","category-infraestructuras-ca","category-la-comarca-ca","category-medio-ambiente-la-comarca-ca","category-ocio-y-cultura-ca","category-politica","category-requena-ca","category-requena-utiel-ca","category-seccion-ca","category-sinarcas-ca","category-utiel-ca","category-venta-del-moro-ca","category-villargordo-del-cabriel-ca","tag-curso-de-poda-de-vina-ca","tag-mancomunidad-del-interior-tierra-del-vino-ca","tag-requena-utiel-ca"],"_links":{"self":[{"href":"https:\/\/tucomarca.whitekongsoftware.com\/ca\/wp-json\/wp\/v2\/posts\/285214","targetHints":{"allow":["GET"]}}],"collection":[{"href":"https:\/\/tucomarca.whitekongsoftware.com\/ca\/wp-json\/wp\/v2\/posts"}],"about":[{"href":"https:\/\/tucomarca.whitekongsoftware.com\/ca\/wp-json\/wp\/v2\/types\/post"}],"author":[{"embeddable":true,"href":"https:\/\/tucomarca.whitekongsoftware.com\/ca\/wp-json\/wp\/v2\/users\/12"}],"replies":[{"embeddable":true,"href":"https:\/\/tucomarca.whitekongsoftware.com\/ca\/wp-json\/wp\/v2\/comments?post=285214"}],"version-history":[{"count":0,"href":"https:\/\/tucomarca.whitekongsoftware.com\/ca\/wp-json\/wp\/v2\/posts\/285214\/revisions"}],"wp:featuredmedia":[{"embeddable":true,"href":"https:\/\/tucomarca.whitekongsoftware.com\/ca\/wp-json\/wp\/v2\/media\/285212"}],"wp:attachment":[{"href":"https:\/\/tucomarca.whitekongsoftware.com\/ca\/wp-json\/wp\/v2\/media?parent=285214"}],"wp:term":[{"taxonomy":"category","embeddable":true,"href":"https:\/\/tucomarca.whitekongsoftware.com\/ca\/wp-json\/wp\/v2\/categories?post=285214"},{"taxonomy":"post_tag","embeddable":true,"href":"https:\/\/tucomarca.whitekongsoftware.com\/ca\/wp-json\/wp\/v2\/tags?post=285214"}],"curies":[{"name":"wp","href":"https:\/\/api.w.org\/{rel}","templated":true}]}}