{"id":285156,"date":"2025-11-12T12:30:00","date_gmt":"2025-11-12T11:30:00","guid":{"rendered":"https:\/\/www.tucomarca.com\/wordpress\/segunda\/?p=285156"},"modified":"2025-11-12T20:22:44","modified_gmt":"2025-11-12T19:22:44","slug":"benaguasil-reforca-latencio-sanitaria-amb-un-punt-permanent-dambulancies","status":"publish","type":"post","link":"https:\/\/tucomarca.whitekongsoftware.com\/ca\/benaguasil-reforca-latencio-sanitaria-amb-un-punt-permanent-dambulancies\/","title":{"rendered":"Benaguasil refor\u00e7a l&#8217;atenci\u00f3 sanit\u00e0ria amb un punt permanent d&#8217;ambul\u00e0ncies"},"content":{"rendered":"\n<h3 class=\"wp-block-heading\">El servei per a atendre emerg\u00e8ncies funciona durant les 24 hores del dia.<\/h3>\n\n\n\n<p class=\"wp-block-paragraph\">Benaguasil ha inaugurat hui el nou punt permanent d&#8217;ambul\u00e0ncies per a atendre tant la poblaci\u00f3 local com a altres municipis de la comarca del Camp de T\u00faria.<br>El servei d&#8217;ambul\u00e0ncia, impulsat per la Conselleria de Sanitat, t\u00e9 com a base operativa un local de titularitat municipal en l&#8217;edifici de la Policia Local que s&#8217;ha adequat a les necessitats del servei, i est\u00e0 at\u00e9s per huit t\u00e8cnics sanitaris que treballen a torns per a cobrir els 365 dies de l&#8217;any.<br>Aquesta dotaci\u00f3, gestionada a petici\u00f3 de l&#8217;Ajuntament de Benaguasil i coordinada pel Centre d&#8217;Informaci\u00f3 i Coordinaci\u00f3 d&#8217;Urg\u00e8ncies (CICU), representa un refor\u00e7 clau en l&#8217;atenci\u00f3 a les urg\u00e8ncies m\u00e8diques, ja que la creaci\u00f3 d&#8217;una base operativa en la localitat permetr\u00e0 acurtar els temps de resposta davant qualsevol situaci\u00f3 d&#8217;emerg\u00e8ncia.<\/p>\n\n\n\n<figure class=\"wp-block-image size-large\"><img loading=\"lazy\" decoding=\"async\" width=\"1024\" height=\"683\" src=\"http:\/\/www.tucomarca.com\/wordpress\/segunda\/wp-content\/uploads\/2025\/11\/BenaguasilAmbulancia2-1024x683.jpg\" alt=\"\" class=\"wp-image-285153\" srcset=\"https:\/\/tucomarca.whitekongsoftware.com\/wp-content\/uploads\/2025\/11\/BenaguasilAmbulancia2-1024x683.jpg 1024w, https:\/\/tucomarca.whitekongsoftware.com\/wp-content\/uploads\/2025\/11\/BenaguasilAmbulancia2-300x200.jpg 300w, https:\/\/tucomarca.whitekongsoftware.com\/wp-content\/uploads\/2025\/11\/BenaguasilAmbulancia2-768x512.jpg 768w, https:\/\/tucomarca.whitekongsoftware.com\/wp-content\/uploads\/2025\/11\/BenaguasilAmbulancia2-1536x1024.jpg 1536w, https:\/\/tucomarca.whitekongsoftware.com\/wp-content\/uploads\/2025\/11\/BenaguasilAmbulancia2-2048x1365.jpg 2048w\" sizes=\"auto, (max-width: 1024px) 100vw, 1024px\" \/><\/figure>\n\n\n\n<p class=\"wp-block-paragraph\"><strong>Major rapidesa i efic\u00e0cia en les intervencions<\/strong><\/p>\n\n\n\n<p class=\"wp-block-paragraph\">L&#8217;acte ha comptat amb la pres\u00e8ncia del director del SESCV, Rafael Romero, del director general de Diversitat, Stephane Soriano i de l&#8217;alcalde, Ximo Segarra, qui ha destacat que \u201camb la incorporaci\u00f3 d&#8217;aquest nou servei, Benaguasil avan\u00e7a en la millora de la cobertura sanit\u00e0ria i la seguretat ciutadana, oferint una atenci\u00f3 m\u00e9s r\u00e0pida, accessible i efica\u00e7 als seus ve\u00efns. A m\u00e9s, la pres\u00e8ncia d&#8217;aquesta ambul\u00e0ncia en el municipi beneficiar\u00e0 tamb\u00e9 a diversos municipis ve\u00efns, que disposaran d&#8217;un suport addicional davant possibles urg\u00e8ncies m\u00e8diques\u201d.<\/p>\n","protected":false},"excerpt":{"rendered":"<div class=\"mh-excerpt\">El servei per a atendre emerg\u00e8ncies funciona durant les 24 hores del dia. Benaguasil ha inaugurat hui el nou punt permanent d&#8217;ambul\u00e0ncies per a atendre tant la poblaci\u00f3 local com a altres municipis de la <a class=\"mh-excerpt-more\" href=\"https:\/\/tucomarca.whitekongsoftware.com\/ca\/benaguasil-reforca-latencio-sanitaria-amb-un-punt-permanent-dambulancies\/\" title=\"Benaguasil refor\u00e7a l&#8217;atenci\u00f3 sanit\u00e0ria amb un punt permanent d&#8217;ambul\u00e0ncies\">[+] <\/a><\/div>\n","protected":false},"author":12,"featured_media":285152,"comment_status":"open","ping_status":"open","sticky":false,"template":"","format":"standard","meta":{"footnotes":""},"categories":[10952,10892,11010,10898,10948,10894,10947,10896],"tags":[23344,11136],"class_list":["post-285156","post","type-post","status-publish","format-standard","has-post-thumbnail","category-benaguasil-ca","category-camp-de-turia-ca","category-canal-salud","category-ventana-ca","category-infraestructuras-ca","category-la-comarca-ca","category-politica","category-seccion-ca","tag-ambulancia-ca","tag-benaguasil-ca"],"_links":{"self":[{"href":"https:\/\/tucomarca.whitekongsoftware.com\/ca\/wp-json\/wp\/v2\/posts\/285156","targetHints":{"allow":["GET"]}}],"collection":[{"href":"https:\/\/tucomarca.whitekongsoftware.com\/ca\/wp-json\/wp\/v2\/posts"}],"about":[{"href":"https:\/\/tucomarca.whitekongsoftware.com\/ca\/wp-json\/wp\/v2\/types\/post"}],"author":[{"embeddable":true,"href":"https:\/\/tucomarca.whitekongsoftware.com\/ca\/wp-json\/wp\/v2\/users\/12"}],"replies":[{"embeddable":true,"href":"https:\/\/tucomarca.whitekongsoftware.com\/ca\/wp-json\/wp\/v2\/comments?post=285156"}],"version-history":[{"count":0,"href":"https:\/\/tucomarca.whitekongsoftware.com\/ca\/wp-json\/wp\/v2\/posts\/285156\/revisions"}],"wp:featuredmedia":[{"embeddable":true,"href":"https:\/\/tucomarca.whitekongsoftware.com\/ca\/wp-json\/wp\/v2\/media\/285152"}],"wp:attachment":[{"href":"https:\/\/tucomarca.whitekongsoftware.com\/ca\/wp-json\/wp\/v2\/media?parent=285156"}],"wp:term":[{"taxonomy":"category","embeddable":true,"href":"https:\/\/tucomarca.whitekongsoftware.com\/ca\/wp-json\/wp\/v2\/categories?post=285156"},{"taxonomy":"post_tag","embeddable":true,"href":"https:\/\/tucomarca.whitekongsoftware.com\/ca\/wp-json\/wp\/v2\/tags?post=285156"}],"curies":[{"name":"wp","href":"https:\/\/api.w.org\/{rel}","templated":true}]}}