{"id":285106,"date":"2025-11-11T11:35:00","date_gmt":"2025-11-11T10:35:00","guid":{"rendered":"https:\/\/www.tucomarca.com\/wordpress\/segunda\/?p=285106"},"modified":"2025-11-11T21:32:57","modified_gmt":"2025-11-11T20:32:57","slug":"martinez-mus-agraeix-la-solidaritat-de-mes-de-20-ciutats-espanyoles-en-els-treballs-de-residus-despres-de-les-inundacions","status":"publish","type":"post","link":"https:\/\/tucomarca.whitekongsoftware.com\/ca\/martinez-mus-agraeix-la-solidaritat-de-mes-de-20-ciutats-espanyoles-en-els-treballs-de-residus-despres-de-les-inundacions\/","title":{"rendered":"Mart\u00ednez Mus agraeix la solidaritat de m\u00e9s de 20 ciutats espanyoles en els treballs de residus despr\u00e9s de les inundacions"},"content":{"rendered":"\n<h3 class=\"wp-block-heading\">El vicepresident segon ha assistit a la inauguraci\u00f3 de Ecofira, que se celebra aquesta setmana en Fira Val\u00e8ncia junts a altres cert\u00e0mens.<\/h3>\n\n\n\n<h3 class=\"wp-block-heading\">En aquesta edici\u00f3, Ecofira ret homenatge a les empreses que van liderar la gesti\u00f3 mediambiental despr\u00e9s de les riuades a Val\u00e8ncia.<\/h3>\n\n\n\n<p class=\"wp-block-paragraph\">El vicepresident segon per a la Recuperaci\u00f3, Medi Ambient, Infraestructures i Territori, Vicente Mart\u00ednez Mus, ha agra\u00eft la participaci\u00f3 de m\u00e9s de 20 ciutats de tota Espanya en els treballs tan necessaris que es van realitzar despr\u00e9s de les inundacions de l&#8217;any passat, \u201cuna xarxa de 8.000 quil\u00f2metres de cooperaci\u00f3 i solidaritat\u201d.<\/p>\n\n\n\n<p class=\"wp-block-paragraph\">Mart\u00ednez Mus ha participat en la inauguraci\u00f3 de Ecofira, que se celebra aquesta setmana en Fira Val\u00e8ncia, al costat de Efiaqua, Laboralia, Eco Chemical Solutions by Quimacova i Energy Global Expo &amp; Congress, amb la col\u00b7laboraci\u00f3 de la Generalitat i algunes empreses p\u00fabliques, com Vaersa.<\/p>\n\n\n\n<p class=\"wp-block-paragraph\">El vicepresident segon, al costat del conseller d&#8217;Educaci\u00f3, Cultura, Universitats i Ocupaci\u00f3, Jos\u00e9 Antonio Rovira, i la consellera d&#8217;Innovaci\u00f3, Ind\u00fastria, Comer\u00e7 i Turisme, Mari\u00e1n Cano, han visitat l&#8217;estand on Ecofira ret homenatge a les empreses que van participar activament en el dispositiu de residus sense precedents posat en marxa despr\u00e9s de les inundacions del passat any i que s\u00f3n presents en el certamen de refer\u00e8ncia en gesti\u00f3 ambiental.<\/p>\n\n\n\n<figure class=\"wp-block-image size-large\"><img loading=\"lazy\" decoding=\"async\" width=\"1024\" height=\"691\" src=\"http:\/\/www.tucomarca.com\/wordpress\/segunda\/wp-content\/uploads\/2025\/11\/GVA_MED_Ecofira-1024x691.jpg\" alt=\"\" class=\"wp-image-285103\" srcset=\"https:\/\/tucomarca.whitekongsoftware.com\/wp-content\/uploads\/2025\/11\/GVA_MED_Ecofira-1024x691.jpg 1024w, https:\/\/tucomarca.whitekongsoftware.com\/wp-content\/uploads\/2025\/11\/GVA_MED_Ecofira-300x202.jpg 300w, https:\/\/tucomarca.whitekongsoftware.com\/wp-content\/uploads\/2025\/11\/GVA_MED_Ecofira-768x518.jpg 768w, https:\/\/tucomarca.whitekongsoftware.com\/wp-content\/uploads\/2025\/11\/GVA_MED_Ecofira.jpg 1181w\" sizes=\"auto, (max-width: 1024px) 100vw, 1024px\" \/><\/figure>\n\n\n\n<p class=\"wp-block-paragraph\">Mart\u00ednez Mus ha subratllat que, precisament, el grup Ecofira \u201cva ser el principal suport per a la Generalitat amb la tasca m\u00e9s gran que hem hagut d&#8217;escometre despr\u00e9s de les inundacions\u201d i ha posat en valor \u201cel magn\u00edfic teixit empresarial dedicat a aquests sectors que tenim en la Comunitat Valenciana\u201d.<\/p>\n\n\n\n<p class=\"wp-block-paragraph\">L&#8217;exposici\u00f3 no sols tindr\u00e0 lloc en el certamen, sin\u00f3 que ser\u00e0 itinerant perqu\u00e8 puga ser exposada als ajuntaments que es van veure afectats, aix\u00ed com en les diferents instal\u00b7lacions de les empreses que van participar en el projecte.<\/p>\n\n\n\n<p class=\"wp-block-paragraph\">El vicepresident segon ha subratllat \u201cel paper clau que exerceixen les empreses i administracions en la gesti\u00f3 sostenible dels residus\u201d, i ha posat com a exemple la resposta coordinada despr\u00e9s de les inundacions d&#8217;octubre de 2024, \u201cquan la col\u00b7laboraci\u00f3 p\u00fablic-privada va permetre afrontar una de les majors emerg\u00e8ncies mediambientals de la Comunitat Valenciana\u201d.<\/p>\n\n\n\n<p class=\"wp-block-paragraph\">En aquest sentit, ha assenyalat que la gesti\u00f3 de residus \u201csuposa el major desafiament despr\u00e9s d&#8217;un desastre natural com les devastadores riuades del passat any\u201d, i ha recordat que el contracte d&#8217;emerg\u00e8ncia per a la gesti\u00f3 de residus derivats de les inundacions s&#8217;ha elevat fins a un total 224 milions d&#8217;euros. Aquesta mesura, ha explicat, \u201cha perm\u00e9s gestionar un mili\u00f3 de tones de residus, garantir un tractament segur i evitar riscos per a la salut p\u00fablica i l&#8217;entorn\u201d.<\/p>\n\n\n\n<p class=\"wp-block-paragraph\">Aix\u00ed mateix, Mart\u00ednez Mus ha destacat que el treball realitzat en l&#8217;emerg\u00e8ncia \u201cposa en relleu la import\u00e0ncia de comptar amb un sector mediambiental fort, innovador i preparat, precisament el que es dona cita cada any en Ecofira\u201d. En aquest sentit, ha assenyalat que \u201cfires com aquestes s\u00f3n fonamentals per a impulsar l&#8217;intercanvi de coneixement, fomentar la innovaci\u00f3 tecnol\u00f2gica i enfortir la cooperaci\u00f3 entre el p\u00fablic i el privat, pilars que han demostrat la seua efic\u00e0cia en la gesti\u00f3 de la postemerg\u00e8ncia\u201d.<\/p>\n\n\n\n<p class=\"wp-block-paragraph\">La Fira Internacional de les Solucions Mediambientals i la Transici\u00f3 Ecol\u00f2gica s&#8217;ha consolidat com el gran punt de trobada entre empreses, administracions p\u00fabliques i professionals vinculats a la gesti\u00f3 mediambiental. En aquest f\u00f2rum es presenten els \u00faltims avan\u00e7os en solucions sostenibles i tecnologies orientades a la gesti\u00f3 eficient dels recursos.<\/p>\n","protected":false},"excerpt":{"rendered":"<div class=\"mh-excerpt\">El vicepresident segon ha assistit a la inauguraci\u00f3 de Ecofira, que se celebra aquesta setmana en Fira Val\u00e8ncia junts a altres cert\u00e0mens. En aquesta edici\u00f3, Ecofira ret homenatge a les empreses que van liderar la <a class=\"mh-excerpt-more\" href=\"https:\/\/tucomarca.whitekongsoftware.com\/ca\/martinez-mus-agraeix-la-solidaritat-de-mes-de-20-ciutats-espanyoles-en-els-treballs-de-residus-despres-de-les-inundacions\/\" title=\"Mart\u00ednez Mus agraeix la solidaritat de m\u00e9s de 20 ciutats espanyoles en els treballs de residus despr\u00e9s de les inundacions\">[+] <\/a><\/div>\n","protected":false},"author":12,"featured_media":285102,"comment_status":"open","ping_status":"open","sticky":false,"template":"","format":"standard","meta":{"footnotes":""},"categories":[21466,10898,10948,10894,10904,10903,10947,10896,10897],"tags":[15409,23154,11498,23339,22864],"class_list":["post-285106","post","type-post","status-publish","format-standard","has-post-thumbnail","category-dana-ca","category-ventana-ca","category-infraestructuras-ca","category-la-comarca-ca","category-sin-categorizar-ca","category-medio-ambiente-la-comarca-ca","category-politica","category-seccion-ca","category-sucesos-la-comarca-ca","tag-dana-2-ca","tag-ecofira-ca","tag-generalitat-valenciana-ca","tag-gestion-medioambiental-ca","tag-vicente-martinez-mus-2-ca"],"_links":{"self":[{"href":"https:\/\/tucomarca.whitekongsoftware.com\/ca\/wp-json\/wp\/v2\/posts\/285106","targetHints":{"allow":["GET"]}}],"collection":[{"href":"https:\/\/tucomarca.whitekongsoftware.com\/ca\/wp-json\/wp\/v2\/posts"}],"about":[{"href":"https:\/\/tucomarca.whitekongsoftware.com\/ca\/wp-json\/wp\/v2\/types\/post"}],"author":[{"embeddable":true,"href":"https:\/\/tucomarca.whitekongsoftware.com\/ca\/wp-json\/wp\/v2\/users\/12"}],"replies":[{"embeddable":true,"href":"https:\/\/tucomarca.whitekongsoftware.com\/ca\/wp-json\/wp\/v2\/comments?post=285106"}],"version-history":[{"count":0,"href":"https:\/\/tucomarca.whitekongsoftware.com\/ca\/wp-json\/wp\/v2\/posts\/285106\/revisions"}],"wp:featuredmedia":[{"embeddable":true,"href":"https:\/\/tucomarca.whitekongsoftware.com\/ca\/wp-json\/wp\/v2\/media\/285102"}],"wp:attachment":[{"href":"https:\/\/tucomarca.whitekongsoftware.com\/ca\/wp-json\/wp\/v2\/media?parent=285106"}],"wp:term":[{"taxonomy":"category","embeddable":true,"href":"https:\/\/tucomarca.whitekongsoftware.com\/ca\/wp-json\/wp\/v2\/categories?post=285106"},{"taxonomy":"post_tag","embeddable":true,"href":"https:\/\/tucomarca.whitekongsoftware.com\/ca\/wp-json\/wp\/v2\/tags?post=285106"}],"curies":[{"name":"wp","href":"https:\/\/api.w.org\/{rel}","templated":true}]}}