{"id":285092,"date":"2025-11-11T11:37:00","date_gmt":"2025-11-11T10:37:00","guid":{"rendered":"https:\/\/www.tucomarca.com\/wordpress\/segunda\/?p=285092"},"modified":"2025-11-11T21:42:34","modified_gmt":"2025-11-11T20:42:34","slug":"el-consell-aprova-un-bo-termic-de-18-milions-per-a-sufragar-els-sobrecostos-energetics-de-les-llars-afectades-per-la-dana-durant-lhivern","status":"publish","type":"post","link":"https:\/\/tucomarca.whitekongsoftware.com\/ca\/el-consell-aprova-un-bo-termic-de-18-milions-per-a-sufragar-els-sobrecostos-energetics-de-les-llars-afectades-per-la-dana-durant-lhivern\/","title":{"rendered":"El Consell aprova un bo t\u00e8rmic de 18 milions per a sufragar els sobrecostos energ\u00e8tics de les llars afectades per la dana durant l&#8217;hivern"},"content":{"rendered":"\n<h3 class=\"wp-block-heading\">Les ajudes, de 397,93 euros per habitatge, es concediran de manera directa a persones vulnerables o damnificades per la dana del 29 d&#8217;octubre de 2024.<\/h3>\n\n\n\n<h3 class=\"wp-block-heading\">Les subvencions es concediran de manera directa, sense necessitat de sol\u00b7licitud, per a garantir una resposta r\u00e0pida i efica\u00e7.<\/h3>\n\n\n\n<p class=\"wp-block-paragraph\">El Consell, a proposta de la vicepresid\u00e8ncia primera i conselleria de Serveis Socials, Igualtat i Habitatge, ha aprovat el decret pel qual s&#8217;aproven les bases reguladores i el procediment de concessi\u00f3 directa del bo dana t\u00e8rmic, una ajuda urgent dotada amb 18 milions d&#8217;euros destinada a les fam\u00edlies que van patir els efectes de la dana del 29 d&#8217;octubre de 2024 amb la finalitat de garantir que les llars damnificades puguen afrontar l&#8217;hivern despr\u00e9s dels danys ocasionats per les inundacions.<\/p>\n\n\n\n<p class=\"wp-block-paragraph\">El seu objectiu fonamental \u00e9s mitigar el risc de pobresa energ\u00e8tica agreujat per la destrucci\u00f3 o deterioraci\u00f3 de sistemes de calefacci\u00f3, aix\u00ed com la persist\u00e8ncia dels problemes d&#8217;humitat en els habitatges i la p\u00e8rdua d&#8217;equipaments essencials produ\u00efts per la dana, que poden dificultar durant l&#8217;hivern les condicions d&#8217;habitabilitat en les llars de persones residents en les zones afectades.<\/p>\n\n\n\n<p class=\"wp-block-paragraph\">En concret, aquesta mesura es dirigeix a les persones titulars de la Renda Valenciana d&#8217;Inclusi\u00f3, les perceptores de prestacions no contributives i les que ja van rebre ajudes per p\u00e8rdua de b\u00e9ns essencials en virtut del Decret 163\/2024, sempre que residisquen en algun dels municipis afectats per la dana.<\/p>\n\n\n\n<p class=\"wp-block-paragraph\">Cada fam\u00edlia rebr\u00e0 una ajuda directa de 397,93 euros per habitatge, destinada a cobrir necessitats b\u00e0siques de climatitzaci\u00f3 o reposici\u00f3 d&#8217;equipaments danyats.<\/p>\n\n\n\n<p class=\"wp-block-paragraph\">El programa podr\u00e0 ampliar-se econ\u00f2micament en funci\u00f3 de les necessitats detectades, amb l&#8217;objectiu d&#8217;arribar al major nombre possible de fam\u00edlies damnificades i refor\u00e7ar la capacitat de resposta davant situacions d&#8217;emerg\u00e8ncia.<\/p>\n\n\n\n<p class=\"wp-block-paragraph\">Les subvencions es concediran d&#8217;ofici, sense necessitat de sol\u00b7licitud, per a garantir una resposta r\u00e0pida i efica\u00e7. Aquest procediment permet que els diners arribe directament a les llars benefici\u00e0ries, sense tr\u00e0mits addicionals ni demores administratives.<\/p>\n\n\n\n<p class=\"wp-block-paragraph\">La Generalitat realitzar\u00e0 l&#8217;encreuament automatitzat de dades dels beneficiaris, utilitzant els registres ja disponibles, la qual cosa permetr\u00e0 acurtar els terminis i garantir la transpar\u00e8ncia del proc\u00e9s.<\/p>\n\n\n\n<p class=\"wp-block-paragraph\">L&#8217;abonament es realitzar\u00e0 per transfer\u00e8ncia banc\u00e0ria directa als comptes que les persones benefici\u00e0ries tenen registrades en l&#8217;administraci\u00f3 auton\u00f2mica, assegurant aix\u00ed la immediatesa i seguretat de l&#8217;ingr\u00e9s.<\/p>\n\n\n\n<p class=\"wp-block-paragraph\">El bo dana t\u00e8rmic no estar\u00e0 subjecte a tributaci\u00f3 en l&#8217;IRPF i no computar\u00e0 com a ingr\u00e9s a l&#8217;efecte de la Renda Valenciana d&#8217;Inclusi\u00f3, per a evitar que afecte altres prestacions socials o ajudes econ\u00f2miques.<\/p>\n","protected":false},"excerpt":{"rendered":"<div class=\"mh-excerpt\">Les ajudes, de 397,93 euros per habitatge, es concediran de manera directa a persones vulnerables o damnificades per la dana del 29 d&#8217;octubre de 2024. Les subvencions es concediran de manera directa, sense necessitat de <a class=\"mh-excerpt-more\" href=\"https:\/\/tucomarca.whitekongsoftware.com\/ca\/el-consell-aprova-un-bo-termic-de-18-milions-per-a-sufragar-els-sobrecostos-energetics-de-les-llars-afectades-per-la-dana-durant-lhivern\/\" title=\"El Consell aprova un bo t\u00e8rmic de 18 milions per a sufragar els sobrecostos energ\u00e8tics de les llars afectades per la dana durant l&#8217;hivern\">[+] <\/a><\/div>\n","protected":false},"author":12,"featured_media":171460,"comment_status":"open","ping_status":"open","sticky":false,"template":"","format":"standard","meta":{"footnotes":""},"categories":[21466,10898,10948,10894,10904,10903,10947,10896,10897],"tags":[23337,15409,11498],"class_list":["post-285092","post","type-post","status-publish","format-standard","has-post-thumbnail","category-dana-ca","category-ventana-ca","category-infraestructuras-ca","category-la-comarca-ca","category-sin-categorizar-ca","category-medio-ambiente-la-comarca-ca","category-politica","category-seccion-ca","category-sucesos-la-comarca-ca","tag-bono-termico-ca","tag-dana-2-ca","tag-generalitat-valenciana-ca"],"_links":{"self":[{"href":"https:\/\/tucomarca.whitekongsoftware.com\/ca\/wp-json\/wp\/v2\/posts\/285092","targetHints":{"allow":["GET"]}}],"collection":[{"href":"https:\/\/tucomarca.whitekongsoftware.com\/ca\/wp-json\/wp\/v2\/posts"}],"about":[{"href":"https:\/\/tucomarca.whitekongsoftware.com\/ca\/wp-json\/wp\/v2\/types\/post"}],"author":[{"embeddable":true,"href":"https:\/\/tucomarca.whitekongsoftware.com\/ca\/wp-json\/wp\/v2\/users\/12"}],"replies":[{"embeddable":true,"href":"https:\/\/tucomarca.whitekongsoftware.com\/ca\/wp-json\/wp\/v2\/comments?post=285092"}],"version-history":[{"count":0,"href":"https:\/\/tucomarca.whitekongsoftware.com\/ca\/wp-json\/wp\/v2\/posts\/285092\/revisions"}],"wp:featuredmedia":[{"embeddable":true,"href":"https:\/\/tucomarca.whitekongsoftware.com\/ca\/wp-json\/wp\/v2\/media\/171460"}],"wp:attachment":[{"href":"https:\/\/tucomarca.whitekongsoftware.com\/ca\/wp-json\/wp\/v2\/media?parent=285092"}],"wp:term":[{"taxonomy":"category","embeddable":true,"href":"https:\/\/tucomarca.whitekongsoftware.com\/ca\/wp-json\/wp\/v2\/categories?post=285092"},{"taxonomy":"post_tag","embeddable":true,"href":"https:\/\/tucomarca.whitekongsoftware.com\/ca\/wp-json\/wp\/v2\/tags?post=285092"}],"curies":[{"name":"wp","href":"https:\/\/api.w.org\/{rel}","templated":true}]}}