{"id":285049,"date":"2025-11-11T11:45:00","date_gmt":"2025-11-11T10:45:00","guid":{"rendered":"https:\/\/www.tucomarca.com\/wordpress\/segunda\/?p=285049"},"modified":"2025-11-11T19:37:12","modified_gmt":"2025-11-11T18:37:12","slug":"la-generalitat-inicia-la-reconstruccio-del-pont-de-la-loma-a-loriguilla-per-a-posar-lo-en-servei-a-principis-de-2026","status":"publish","type":"post","link":"https:\/\/tucomarca.whitekongsoftware.com\/ca\/la-generalitat-inicia-la-reconstruccio-del-pont-de-la-loma-a-loriguilla-per-a-posar-lo-en-servei-a-principis-de-2026\/","title":{"rendered":"La Generalitat inicia la reconstrucci\u00f3 del pont de La Loma a Loriguilla per a posar-lo en servei a principis de 2026"},"content":{"rendered":"\n<h3 class=\"wp-block-heading\">Mart\u00ednez Mus assegura que la infraestructura, que substitueix al pont militar provisional, \u201ctindr\u00e0 major calat i ampl\u00e0ria i inclour\u00e0 dos carrils i un pas per als vianants\u201d.<\/h3>\n\n\n\n<h3 class=\"wp-block-heading\">El vicepresident visita les obres desenvolupades en el municipi en el marc del Pla Endavant, que aconsegueixen un pressupost global de 3,5 milions.<\/h3>\n\n\n\n<p class=\"wp-block-paragraph\">La Generalitat ha iniciat la reconstrucci\u00f3 del pont de La Loma a Loriguilla, que uneix el nucli urb\u00e0 amb una zona que concentra gran part dels camps agr\u00edcoles del municipi, amb l&#8217;objectiu de tindre&#8217;l llest a principis de 2026.<\/p>\n\n\n\n<p class=\"wp-block-paragraph\">El vicepresident segon per a la Recuperaci\u00f3, Medi Ambient, Infraestructures i Territori, Vicente Mart\u00ednez Mus, ha visitat les obres per a comprovar de primera m\u00e0 la seua evoluci\u00f3 i ha destacat que, des del seu departament, estan duent a terme diverses actuacions a Loriguilla amb un pressupost global de 3,5 milions d&#8217;euros \u201cper a recuperar les infraestructures i restaurar completament els serveis i la comunicaci\u00f3 de la localitat\u201d.<\/p>\n\n\n\n<p class=\"wp-block-paragraph\">Mart\u00ednez Mus explica que aquests projectes s&#8217;emmarquen en el Pla Endavant de Recuperaci\u00f3 que en aquests moments es troba \u201ca meitat de recorregut\u201d, ja que aproximadament el 50% de les 353 iniciatives que conformen el programa estan ja en curs o iniciades. \u201cEns queda cam\u00ed per rec\u00f3rrer, per\u00f2 aquest \u00e9s un pas m\u00e9s cap a la nostra meta de tindre totes les iniciatives de la Generalitat complides\u201d, assenyala el vicepresident segon.<\/p>\n\n\n\n<p class=\"wp-block-paragraph\">En la zona de Loriguilla, l&#8217;augment del cabal del barranc del Pozalet i el seu posterior desbordament va provocar greus danys materials i la p\u00e8rdua d&#8217;infraestructures vi\u00e0ries, ferrovi\u00e0ries i de prevenci\u00f3 d&#8217;incendis i de subministraments essencials, incloent-hi electricitat i aigua potable.<\/p>\n\n\n\n<figure class=\"wp-block-image size-large\"><img loading=\"lazy\" decoding=\"async\" width=\"1024\" height=\"691\" src=\"http:\/\/www.tucomarca.com\/wordpress\/segunda\/wp-content\/uploads\/2025\/11\/GVAPuenteLorigilla-1024x691.jpg\" alt=\"\" class=\"wp-image-285045\" srcset=\"https:\/\/tucomarca.whitekongsoftware.com\/wp-content\/uploads\/2025\/11\/GVAPuenteLorigilla-1024x691.jpg 1024w, https:\/\/tucomarca.whitekongsoftware.com\/wp-content\/uploads\/2025\/11\/GVAPuenteLorigilla-300x202.jpg 300w, https:\/\/tucomarca.whitekongsoftware.com\/wp-content\/uploads\/2025\/11\/GVAPuenteLorigilla-768x518.jpg 768w, https:\/\/tucomarca.whitekongsoftware.com\/wp-content\/uploads\/2025\/11\/GVAPuenteLorigilla.jpg 1181w\" sizes=\"auto, (max-width: 1024px) 100vw, 1024px\" \/><\/figure>\n\n\n\n<p class=\"wp-block-paragraph\">Aix\u00ed, a m\u00e9s d&#8217;estar reconstruint-se el pont de La Lloma, tamb\u00e9 s&#8217;ha rehabilitat el pont de Renfe, posat en servei el mes d&#8217;agost passat, i s&#8217;ha actuat sobre la barana de protecci\u00f3 del barranc, despr\u00e9s que l&#8217;Ajuntament de Loriguilla cedira les compet\u00e8ncies a la Generalitat perqu\u00e8 es fera c\u00e0rrec dels treballs necessaris. El pressupost de les dues actuacions \u00e9s d&#8217;una mica m\u00e9s de 2,7 milions d&#8217;euros.<\/p>\n\n\n\n<p class=\"wp-block-paragraph\">L&#8217;actuaci\u00f3 en el pont de La Lloma t\u00e9 lloc despr\u00e9s del desmuntatge el setembre passat del pont militar provisional que va instal\u00b7lar l&#8217;ex\u00e8rcit despr\u00e9s d&#8217;executar la Generalitat l&#8217;obra civil necess\u00e0ria, i una vegada finalitzades les obres de rehabilitaci\u00f3 del pont de Renfe, \u00e9s a dir, una vegada garantida la connexi\u00f3 del municipi.<\/p>\n\n\n\n<p class=\"wp-block-paragraph\">El vicepresident segon ha posat en valor l&#8217;actuaci\u00f3 de la Generalitat que va facilitar en el seu moment \u201cuna soluci\u00f3 r\u00e0pida\u201d, en col\u00b7laboraci\u00f3 amb l&#8217;ex\u00e8rcit, amb l&#8217;habilitaci\u00f3 del pont provisional; i destaca que \u201cen poc temps es disposar\u00e0 d&#8217;una infraestructura definitiva que completar\u00e0 les connexions vi\u00e0ries del municipi perdudes per la riuada\u201d.<\/p>\n\n\n\n<p class=\"wp-block-paragraph\"><strong>Major calat i ampl\u00e0ria<\/strong><\/p>\n\n\n\n<p class=\"wp-block-paragraph\">En el nou pont de la Lloma s&#8217;incrementa la secci\u00f3 hidr\u00e0ulica que passa de tindre un ample lliure de 9,40 metres a 13,70 metres i s&#8217;assegura en tota la secci\u00f3 un calat de 2,85 metres, mentre que en l&#8217;anterior alguns punts a penes superaven els 2,50 metres.<\/p>\n\n\n\n<p class=\"wp-block-paragraph\">A m\u00e9s, s&#8217;augmenta l&#8217;ample en un metre, la qual cosa permet disposar d&#8217;una cal\u00e7ada amb dos carrils de tres metres d&#8217;ample i un pas per als vianants lateral. D&#8217;aquesta manera, la reconstrucci\u00f3 es duu a terme amb criteris m\u00e9s segurs i resilients.<\/p>\n\n\n\n<p class=\"wp-block-paragraph\">&#8220;Es tracta d&#8217;un pont m\u00e9s llarg i amb major capacitat hidr\u00e0ulica, en l\u00ednia amb les directrius del Pla Endavant, que aposta per augmentar la seguretat dels ponts situats sobre llits per a enfortir la xarxa de transport enfront d&#8217;inundacions i garantir la seguretat de les persones i la continu\u00eftat del servei durant qualsevol emerg\u00e8ncia\u201d, apunta Mart\u00ednez Mus.<\/p>\n\n\n\n<p class=\"wp-block-paragraph\">El disseny de l&#8217;estructura s&#8217;ha coordinat amb la Confederaci\u00f3 Hidrogr\u00e0fica del X\u00faquer (CHJ) i l&#8217;Ajuntament, de manera que \u00e9s compatible amb una futura ampliaci\u00f3 del llit del barranc que es preveu pel marge esquerre. Aix\u00ed, l&#8217;estrep del marge esquerre s&#8217;ha definit i calculat perqu\u00e8 actualment funcione com a element de fi de l&#8217;estructura, per\u00f2 en un futur puga tindre la funci\u00f3 de biga i ampliar l&#8217;estructura amb una nova obertura.<\/p>\n\n\n\n<p class=\"wp-block-paragraph\"><strong>Pla Endavant<\/strong><\/p>\n\n\n\n<p class=\"wp-block-paragraph\">Aquesta millora de les infraestructures s&#8217;ha dut a terme en el marc del Pla Endavant de Recuperaci\u00f3, que t\u00e9 com a finalitat restaurar les condicions socials, econ\u00f2miques i ambientals de la poblaci\u00f3 i enfortir la capacitat del territori i les seues infraestructures per a afrontar futures cat\u00e0strofes naturals.<\/p>\n\n\n\n<p class=\"wp-block-paragraph\">El Pla Endavant tamb\u00e9 preveu actuacions en mat\u00e8ria de reparaci\u00f3 de ponts i passos danyats, pistes forestals i senderes. En el marc del pla dotat amb 92 milions d&#8217;euros, la Direcci\u00f3 General de Prevenci\u00f3 d&#8217;Incendis Forestals ja ha finalitzat el gruix de la reparaci\u00f3 d&#8217;aquestes infraestructures en el terme municipal per import superior als 760.000 euros. Aquesta inversi\u00f3, sumada a l&#8217;invertit en els dos ponts implica una inversi\u00f3 de m\u00e9s de 3,5 milions.<\/p>\n\n\n\n<p class=\"wp-block-paragraph\">Durant la visita a Loriguilla, el vicepresident segon ha estat acompanyat pel secretari auton\u00f2mic d&#8217;Infraestructures, Javier Sendra; la directora general d&#8217;Infraestructures Terrestres, Mar\u00eda Jos\u00e9 Mart\u00ednez Ruzafa, i el director general de Coordinaci\u00f3, Control i Seguiment, Carlos Llopis.<\/p>\n","protected":false},"excerpt":{"rendered":"<div class=\"mh-excerpt\">Mart\u00ednez Mus assegura que la infraestructura, que substitueix al pont militar provisional, \u201ctindr\u00e0 major calat i ampl\u00e0ria i inclour\u00e0 dos carrils i un pas per als vianants\u201d. El vicepresident visita les obres desenvolupades en el <a class=\"mh-excerpt-more\" href=\"https:\/\/tucomarca.whitekongsoftware.com\/ca\/la-generalitat-inicia-la-reconstruccio-del-pont-de-la-loma-a-loriguilla-per-a-posar-lo-en-servei-a-principis-de-2026\/\" title=\"La Generalitat inicia la reconstrucci\u00f3 del pont de La Loma a Loriguilla per a posar-lo en servei a principis de 2026\">[+] <\/a><\/div>\n","protected":false},"author":12,"featured_media":285043,"comment_status":"open","ping_status":"open","sticky":false,"template":"","format":"image","meta":{"footnotes":""},"categories":[10892,21466,10898,10948,10894,10904,10931,10903,10947,10896,10897],"tags":[10899,11498,11431,23335,22864],"class_list":["post-285049","post","type-post","status-publish","format-image","has-post-thumbnail","category-camp-de-turia-ca","category-dana-ca","category-ventana-ca","category-infraestructuras-ca","category-la-comarca-ca","category-sin-categorizar-ca","category-loriguilla-ca","category-medio-ambiente-la-comarca-ca","category-politica","category-seccion-ca","category-sucesos-la-comarca-ca","tag-camp-de-turia-ca","tag-generalitat-valenciana-ca","tag-loriguilla-ca","tag-puente-de-la-loma-ca","tag-vicente-martinez-mus-2-ca","post_format-post-format-image"],"_links":{"self":[{"href":"https:\/\/tucomarca.whitekongsoftware.com\/ca\/wp-json\/wp\/v2\/posts\/285049","targetHints":{"allow":["GET"]}}],"collection":[{"href":"https:\/\/tucomarca.whitekongsoftware.com\/ca\/wp-json\/wp\/v2\/posts"}],"about":[{"href":"https:\/\/tucomarca.whitekongsoftware.com\/ca\/wp-json\/wp\/v2\/types\/post"}],"author":[{"embeddable":true,"href":"https:\/\/tucomarca.whitekongsoftware.com\/ca\/wp-json\/wp\/v2\/users\/12"}],"replies":[{"embeddable":true,"href":"https:\/\/tucomarca.whitekongsoftware.com\/ca\/wp-json\/wp\/v2\/comments?post=285049"}],"version-history":[{"count":0,"href":"https:\/\/tucomarca.whitekongsoftware.com\/ca\/wp-json\/wp\/v2\/posts\/285049\/revisions"}],"wp:featuredmedia":[{"embeddable":true,"href":"https:\/\/tucomarca.whitekongsoftware.com\/ca\/wp-json\/wp\/v2\/media\/285043"}],"wp:attachment":[{"href":"https:\/\/tucomarca.whitekongsoftware.com\/ca\/wp-json\/wp\/v2\/media?parent=285049"}],"wp:term":[{"taxonomy":"category","embeddable":true,"href":"https:\/\/tucomarca.whitekongsoftware.com\/ca\/wp-json\/wp\/v2\/categories?post=285049"},{"taxonomy":"post_tag","embeddable":true,"href":"https:\/\/tucomarca.whitekongsoftware.com\/ca\/wp-json\/wp\/v2\/tags?post=285049"}],"curies":[{"name":"wp","href":"https:\/\/api.w.org\/{rel}","templated":true}]}}