{"id":285022,"date":"2025-11-11T10:30:00","date_gmt":"2025-11-11T09:30:00","guid":{"rendered":"https:\/\/www.tucomarca.com\/wordpress\/segunda\/?p=285022"},"modified":"2025-11-11T19:14:10","modified_gmt":"2025-11-11T18:14:10","slug":"fotogaleria-el-palacio-de-la-musica-acull-liii-festival-coral-vila-de-bunyol-2025-amb-una-vesprada-plena-democio-i-veus-unides","status":"publish","type":"post","link":"https:\/\/tucomarca.whitekongsoftware.com\/ca\/fotogaleria-el-palacio-de-la-musica-acull-liii-festival-coral-vila-de-bunyol-2025-amb-una-vesprada-plena-democio-i-veus-unides\/","title":{"rendered":"Fotogaler\u00eda: el Palacio de la M\u00fasica acull l&#8217;III Festival Coral Vila de Bunyol 2025 amb una vesprada plena d&#8217;emoci\u00f3 i veus unides"},"content":{"rendered":"\n<p class=\"wp-block-paragraph\">El Palacio de la M\u00fasica de Bunyol va ser l&#8217;escenari, aquest diumenge, de l&#8217;III Festival Coral Vila de Bunyol 2025, una cita cultural que va reunir quatre formacions corals en una vesprada carregada de sensibilitat, m\u00fasica i homenatge col\u00b7lectiu.<\/p>\n\n\n\n<p class=\"wp-block-paragraph\">La primera actuaci\u00f3 va ser a c\u00e0rrec del Cor Veus del T\u00faria de Riba-Roja, dirigit per Andreu Soler Soler, que va obrir el festival amb un repertori ple de matisos i for\u00e7a expressiva. A continuaci\u00f3, el p\u00fablic va poder gaudir del Cor Orfeos de la S. M. L&#8217;Art\u00edstica de Bunyol, que va tornar a demostrar el nivell vocal i la tradici\u00f3 coral de la localitat.<\/p>\n\n\n\n<p class=\"wp-block-paragraph\">Com a cor convidat, tamb\u00e9 va participar el Cor d&#8217;Alumnes de l&#8217;Escola Oficial d&#8217;Idiomes de Val\u00e8ncia, la pres\u00e8ncia i el lliurament dels quals van ser especialment aplaudides. Tots dos cors convidats van interpretar conjuntament la pe\u00e7a &#8220;Sempre endavant&#8221;, de V. A. Estell\u00e9s \/ A. Soler, una obra convertida en s\u00edmbol i record de la DANA de 2024, carregada de mem\u00f2ria i sentiment.<\/p>\n\n\n\n<p class=\"wp-block-paragraph\">El fermall final del festival el va posar la Coral Polif\u00f2nica del C.I.M. L&#8217;Harm\u00f2nica de Bunyol, dirigida per Jos\u00e9 Carrascosa Navarro, que va emocionar al p\u00fablic amb una interpretaci\u00f3 cuidada i brillant.<\/p>\n\n\n\n<p class=\"wp-block-paragraph\">Com a tancament, els quatre cors es van unir sobre l&#8217;escenari per a interpretar conjuntament l&#8217;emblem\u00e0tica obra &#8220;La vida \u00e9s bella&#8221; de Nicola Piovani, en un moment d&#8217;uni\u00f3 coral que va ser rebut amb una prolongada ovaci\u00f3.<\/p>\n\n\n\n<p class=\"wp-block-paragraph\">El Festival de Cors ha sigut organitzat per l&#8217;Ajuntament de Bunyol en col\u00b7laboraci\u00f3 amb les agrupacions participants. Durant l&#8217;acte, l&#8217;alcaldessa, Virginia Sanz, va fer lliurament a cada cor d&#8217;un diploma de cer\u00e0mica com a mostra d&#8217;agra\u00efment i reconeixement per la seua participaci\u00f3 en la trobada.<\/p>\n\n\n\n<p class=\"wp-block-paragraph\">Per a agrair la seua participaci\u00f3, l&#8217;ajuntament va oferir un picotege als quatre cors en finalitzar l&#8217;acte, refor\u00e7ant l&#8217;esperit de trobada i germanor que caracteritza aquest festival.<\/p>\n\n\n\n<figure class=\"wp-block-gallery has-nested-images columns-1 is-cropped wp-block-gallery-1 is-layout-flex wp-block-gallery-is-layout-flex\">\n<figure class=\"wp-block-image size-large\"><img loading=\"lazy\" decoding=\"async\" width=\"1024\" height=\"691\" data-id=\"285005\" src=\"https:\/\/www.tucomarca.com\/wordpress\/segunda\/wp-content\/uploads\/2025\/11\/CoroEOI-1024x691.jpg\" alt=\"\" class=\"wp-image-285005\" srcset=\"https:\/\/tucomarca.whitekongsoftware.com\/wp-content\/uploads\/2025\/11\/CoroEOI-1024x691.jpg 1024w, https:\/\/tucomarca.whitekongsoftware.com\/wp-content\/uploads\/2025\/11\/CoroEOI-300x202.jpg 300w, https:\/\/tucomarca.whitekongsoftware.com\/wp-content\/uploads\/2025\/11\/CoroEOI-768x518.jpg 768w, https:\/\/tucomarca.whitekongsoftware.com\/wp-content\/uploads\/2025\/11\/CoroEOI.jpg 1181w\" sizes=\"auto, (max-width: 1024px) 100vw, 1024px\" \/><\/figure>\n\n\n\n<figure class=\"wp-block-image size-large\"><img loading=\"lazy\" decoding=\"async\" width=\"1024\" height=\"691\" data-id=\"285007\" src=\"https:\/\/www.tucomarca.com\/wordpress\/segunda\/wp-content\/uploads\/2025\/11\/CoroLitro-1024x691.jpg\" alt=\"\" class=\"wp-image-285007\" srcset=\"https:\/\/tucomarca.whitekongsoftware.com\/wp-content\/uploads\/2025\/11\/CoroLitro-1024x691.jpg 1024w, https:\/\/tucomarca.whitekongsoftware.com\/wp-content\/uploads\/2025\/11\/CoroLitro-300x202.jpg 300w, https:\/\/tucomarca.whitekongsoftware.com\/wp-content\/uploads\/2025\/11\/CoroLitro-768x518.jpg 768w, https:\/\/tucomarca.whitekongsoftware.com\/wp-content\/uploads\/2025\/11\/CoroLitro.jpg 1181w\" sizes=\"auto, (max-width: 1024px) 100vw, 1024px\" \/><\/figure>\n\n\n\n<figure class=\"wp-block-image size-large\"><img loading=\"lazy\" decoding=\"async\" width=\"1024\" height=\"691\" data-id=\"285009\" src=\"https:\/\/www.tucomarca.com\/wordpress\/segunda\/wp-content\/uploads\/2025\/11\/CoroOrfeos-1024x691.jpg\" alt=\"\" class=\"wp-image-285009\" srcset=\"https:\/\/tucomarca.whitekongsoftware.com\/wp-content\/uploads\/2025\/11\/CoroOrfeos-1024x691.jpg 1024w, https:\/\/tucomarca.whitekongsoftware.com\/wp-content\/uploads\/2025\/11\/CoroOrfeos-300x202.jpg 300w, https:\/\/tucomarca.whitekongsoftware.com\/wp-content\/uploads\/2025\/11\/CoroOrfeos-768x518.jpg 768w, https:\/\/tucomarca.whitekongsoftware.com\/wp-content\/uploads\/2025\/11\/CoroOrfeos.jpg 1181w\" sizes=\"auto, (max-width: 1024px) 100vw, 1024px\" \/><\/figure>\n\n\n\n<figure class=\"wp-block-image size-large\"><img loading=\"lazy\" decoding=\"async\" width=\"1024\" height=\"691\" data-id=\"285011\" src=\"https:\/\/www.tucomarca.com\/wordpress\/segunda\/wp-content\/uploads\/2025\/11\/CoroRiba-roja-1024x691.jpg\" alt=\"\" class=\"wp-image-285011\" srcset=\"https:\/\/tucomarca.whitekongsoftware.com\/wp-content\/uploads\/2025\/11\/CoroRiba-roja-1024x691.jpg 1024w, https:\/\/tucomarca.whitekongsoftware.com\/wp-content\/uploads\/2025\/11\/CoroRiba-roja-300x202.jpg 300w, https:\/\/tucomarca.whitekongsoftware.com\/wp-content\/uploads\/2025\/11\/CoroRiba-roja-768x518.jpg 768w, https:\/\/tucomarca.whitekongsoftware.com\/wp-content\/uploads\/2025\/11\/CoroRiba-roja.jpg 1181w\" sizes=\"auto, (max-width: 1024px) 100vw, 1024px\" \/><\/figure>\n\n\n\n<figure class=\"wp-block-image size-large\"><img loading=\"lazy\" decoding=\"async\" width=\"1024\" height=\"691\" data-id=\"285013\" src=\"https:\/\/www.tucomarca.com\/wordpress\/segunda\/wp-content\/uploads\/2025\/11\/CorosFestival1-1024x691.jpg\" alt=\"\" class=\"wp-image-285013\" srcset=\"https:\/\/tucomarca.whitekongsoftware.com\/wp-content\/uploads\/2025\/11\/CorosFestival1-1024x691.jpg 1024w, https:\/\/tucomarca.whitekongsoftware.com\/wp-content\/uploads\/2025\/11\/CorosFestival1-300x202.jpg 300w, https:\/\/tucomarca.whitekongsoftware.com\/wp-content\/uploads\/2025\/11\/CorosFestival1-768x518.jpg 768w, https:\/\/tucomarca.whitekongsoftware.com\/wp-content\/uploads\/2025\/11\/CorosFestival1.jpg 1181w\" sizes=\"auto, (max-width: 1024px) 100vw, 1024px\" \/><\/figure>\n\n\n\n<figure class=\"wp-block-image size-large\"><img loading=\"lazy\" decoding=\"async\" width=\"1024\" height=\"691\" data-id=\"285015\" src=\"https:\/\/www.tucomarca.com\/wordpress\/segunda\/wp-content\/uploads\/2025\/11\/CorosFestival2-1024x691.jpg\" alt=\"\" class=\"wp-image-285015\" srcset=\"https:\/\/tucomarca.whitekongsoftware.com\/wp-content\/uploads\/2025\/11\/CorosFestival2-1024x691.jpg 1024w, https:\/\/tucomarca.whitekongsoftware.com\/wp-content\/uploads\/2025\/11\/CorosFestival2-300x202.jpg 300w, https:\/\/tucomarca.whitekongsoftware.com\/wp-content\/uploads\/2025\/11\/CorosFestival2-768x518.jpg 768w, https:\/\/tucomarca.whitekongsoftware.com\/wp-content\/uploads\/2025\/11\/CorosFestival2.jpg 1181w\" sizes=\"auto, (max-width: 1024px) 100vw, 1024px\" \/><\/figure>\n\n\n\n<figure class=\"wp-block-image size-large\"><img loading=\"lazy\" decoding=\"async\" width=\"1024\" height=\"691\" data-id=\"285019\" src=\"https:\/\/www.tucomarca.com\/wordpress\/segunda\/wp-content\/uploads\/2025\/11\/CorosFestival4-1024x691.jpg\" alt=\"\" class=\"wp-image-285019\" srcset=\"https:\/\/tucomarca.whitekongsoftware.com\/wp-content\/uploads\/2025\/11\/CorosFestival4-1024x691.jpg 1024w, https:\/\/tucomarca.whitekongsoftware.com\/wp-content\/uploads\/2025\/11\/CorosFestival4-300x202.jpg 300w, https:\/\/tucomarca.whitekongsoftware.com\/wp-content\/uploads\/2025\/11\/CorosFestival4-768x518.jpg 768w, https:\/\/tucomarca.whitekongsoftware.com\/wp-content\/uploads\/2025\/11\/CorosFestival4.jpg 1181w\" sizes=\"auto, (max-width: 1024px) 100vw, 1024px\" \/><\/figure>\n<\/figure>\n","protected":false},"excerpt":{"rendered":"<div class=\"mh-excerpt\">El Palacio de la M\u00fasica de Bunyol va ser l&#8217;escenari, aquest diumenge, de l&#8217;III Festival Coral Vila de Bunyol 2025, una cita cultural que va reunir quatre formacions corals en una vesprada carregada de sensibilitat, <a class=\"mh-excerpt-more\" href=\"https:\/\/tucomarca.whitekongsoftware.com\/ca\/fotogaleria-el-palacio-de-la-musica-acull-liii-festival-coral-vila-de-bunyol-2025-amb-una-vesprada-plena-democio-i-veus-unides\/\" title=\"Fotogaler\u00eda: el Palacio de la M\u00fasica acull l&#8217;III Festival Coral Vila de Bunyol 2025 amb una vesprada plena d&#8217;emoci\u00f3 i veus unides\">[+] <\/a><\/div>\n","protected":false},"author":12,"featured_media":285018,"comment_status":"open","ping_status":"open","sticky":false,"template":"","format":"gallery","meta":{"footnotes":""},"categories":[10911,10892,11005,10894,10912,11004,11007,10906,10896],"tags":[10913,23306,10914],"class_list":["post-285022","post","type-post","status-publish","format-gallery","has-post-thumbnail","category-bunol-ca","category-camp-de-turia-ca","category-canal-musica","category-la-comarca-ca","category-la-hoya-ca","category-la-semana-en-imagenes-ca","category-ocio-y-cultura-ca","category-riba-roja-ca","category-seccion-ca","tag-bunol-ca","tag-iii-festival-coral-de-bunol-ca","tag-la-hoya-de-bunol-chiva-ca","post_format-post-format-gallery"],"_links":{"self":[{"href":"https:\/\/tucomarca.whitekongsoftware.com\/ca\/wp-json\/wp\/v2\/posts\/285022","targetHints":{"allow":["GET"]}}],"collection":[{"href":"https:\/\/tucomarca.whitekongsoftware.com\/ca\/wp-json\/wp\/v2\/posts"}],"about":[{"href":"https:\/\/tucomarca.whitekongsoftware.com\/ca\/wp-json\/wp\/v2\/types\/post"}],"author":[{"embeddable":true,"href":"https:\/\/tucomarca.whitekongsoftware.com\/ca\/wp-json\/wp\/v2\/users\/12"}],"replies":[{"embeddable":true,"href":"https:\/\/tucomarca.whitekongsoftware.com\/ca\/wp-json\/wp\/v2\/comments?post=285022"}],"version-history":[{"count":0,"href":"https:\/\/tucomarca.whitekongsoftware.com\/ca\/wp-json\/wp\/v2\/posts\/285022\/revisions"}],"wp:featuredmedia":[{"embeddable":true,"href":"https:\/\/tucomarca.whitekongsoftware.com\/ca\/wp-json\/wp\/v2\/media\/285018"}],"wp:attachment":[{"href":"https:\/\/tucomarca.whitekongsoftware.com\/ca\/wp-json\/wp\/v2\/media?parent=285022"}],"wp:term":[{"taxonomy":"category","embeddable":true,"href":"https:\/\/tucomarca.whitekongsoftware.com\/ca\/wp-json\/wp\/v2\/categories?post=285022"},{"taxonomy":"post_tag","embeddable":true,"href":"https:\/\/tucomarca.whitekongsoftware.com\/ca\/wp-json\/wp\/v2\/tags?post=285022"}],"curies":[{"name":"wp","href":"https:\/\/api.w.org\/{rel}","templated":true}]}}