{"id":284967,"date":"2025-11-11T10:15:00","date_gmt":"2025-11-11T09:15:00","guid":{"rendered":"https:\/\/www.tucomarca.com\/wordpress\/segunda\/?p=284967"},"modified":"2025-11-11T19:10:12","modified_gmt":"2025-11-11T18:10:12","slug":"fotogaleria-la-banda-juvenil-del-cim-la-armonica-celebra-el-concert-de-santa-cecilia-amb-la-incorporacio-de-nous-musics","status":"publish","type":"post","link":"https:\/\/tucomarca.whitekongsoftware.com\/ca\/fotogaleria-la-banda-juvenil-del-cim-la-armonica-celebra-el-concert-de-santa-cecilia-amb-la-incorporacio-de-nous-musics\/","title":{"rendered":"Fotogaler\u00eda: la Banda Juvenil del CIM &#8220;La Arm\u00f3nica&#8221; celebra el Concert de Santa Cec\u00edlia amb la incorporaci\u00f3 de nous m\u00fasics"},"content":{"rendered":"\n<p class=\"wp-block-paragraph\">El Palau de la M\u00fasica de Bu\u00f1ol va acollir este dissabte el tradicional <strong>Concert de Santa Cec\u00edlia<\/strong> de la <strong>Banda Juvenil del Centre Instructiu Musical &#8220;La Arm\u00f3nica<\/strong>&#8220;, una cita molt esperada dins del calendari musical del municipi.<\/p>\n\n\n\n<p class=\"wp-block-paragraph\">El concert, dirigit per <strong>Rub\u00e9n Casas Santos<\/strong>, va posar en valor el treball i la dedicaci\u00f3 dels joves m\u00fasics, que van oferir un programa variat i ple d\u2019energia, demostrant el seu creixement art\u00edstic i el comprom\u00eds amb l\u2019entitat.<\/p>\n\n\n\n<p class=\"wp-block-paragraph\">Un dels moments m\u00e9s emotius de la vesprada va ser la presentaci\u00f3 dels nous integrants de la banda, que s\u2019incorporen oficialment a la fam\u00edlia de <strong>La Arm\u00f3nica<\/strong>. Este acte simbolitza el relleu generacional i la continu\u00eftat de la tradici\u00f3 musical a Bu\u00f1ol, on la formaci\u00f3 i el desenvolupament de nous talents \u00e9s una senya d\u2019identitat.<\/p>\n\n\n\n<p class=\"wp-block-paragraph\">El concert va ser acomiadat amb entusiastes aplaudiments per part del p\u00fablic, que va omplir la sala i va recon\u00e9ixer el treball realitzat per tota l\u2019agrupaci\u00f3.<\/p>\n\n\n\n<p class=\"wp-block-paragraph\"><strong>Fotos: Jos\u00e9 L. Mont\u00f3n<\/strong><\/p>\n\n\n\n<figure class=\"wp-block-gallery has-nested-images columns-2 is-cropped wp-block-gallery-1 is-layout-flex wp-block-gallery-is-layout-flex\">\n<figure class=\"wp-block-image size-large\"><img loading=\"lazy\" decoding=\"async\" width=\"683\" height=\"1024\" data-id=\"284950\" src=\"https:\/\/www.tucomarca.com\/wordpress\/segunda\/wp-content\/uploads\/2025\/11\/LitroJuvenilstaCecilia04-683x1024.jpg\" alt=\"\" class=\"wp-image-284950\" srcset=\"https:\/\/tucomarca.whitekongsoftware.com\/wp-content\/uploads\/2025\/11\/LitroJuvenilstaCecilia04-683x1024.jpg 683w, https:\/\/tucomarca.whitekongsoftware.com\/wp-content\/uploads\/2025\/11\/LitroJuvenilstaCecilia04-200x300.jpg 200w, https:\/\/tucomarca.whitekongsoftware.com\/wp-content\/uploads\/2025\/11\/LitroJuvenilstaCecilia04-768x1152.jpg 768w, https:\/\/tucomarca.whitekongsoftware.com\/wp-content\/uploads\/2025\/11\/LitroJuvenilstaCecilia04.jpg 886w\" sizes=\"auto, (max-width: 683px) 100vw, 683px\" \/><\/figure>\n\n\n\n<figure class=\"wp-block-image size-large\"><img loading=\"lazy\" decoding=\"async\" width=\"683\" height=\"1024\" data-id=\"284948\" src=\"https:\/\/www.tucomarca.com\/wordpress\/segunda\/wp-content\/uploads\/2025\/11\/LitroJuvenilstaCecilia03-683x1024.jpg\" alt=\"\" class=\"wp-image-284948\" srcset=\"https:\/\/tucomarca.whitekongsoftware.com\/wp-content\/uploads\/2025\/11\/LitroJuvenilstaCecilia03-683x1024.jpg 683w, https:\/\/tucomarca.whitekongsoftware.com\/wp-content\/uploads\/2025\/11\/LitroJuvenilstaCecilia03-200x300.jpg 200w, https:\/\/tucomarca.whitekongsoftware.com\/wp-content\/uploads\/2025\/11\/LitroJuvenilstaCecilia03-768x1152.jpg 768w, https:\/\/tucomarca.whitekongsoftware.com\/wp-content\/uploads\/2025\/11\/LitroJuvenilstaCecilia03.jpg 886w\" sizes=\"auto, (max-width: 683px) 100vw, 683px\" \/><\/figure>\n\n\n\n<figure class=\"wp-block-image size-large\"><img loading=\"lazy\" decoding=\"async\" width=\"886\" height=\"598\" data-id=\"284952\" src=\"https:\/\/www.tucomarca.com\/wordpress\/segunda\/wp-content\/uploads\/2025\/11\/LitroJuvenilstaCecilia05.jpg\" alt=\"\" class=\"wp-image-284952\" srcset=\"https:\/\/tucomarca.whitekongsoftware.com\/wp-content\/uploads\/2025\/11\/LitroJuvenilstaCecilia05.jpg 886w, https:\/\/tucomarca.whitekongsoftware.com\/wp-content\/uploads\/2025\/11\/LitroJuvenilstaCecilia05-300x202.jpg 300w, https:\/\/tucomarca.whitekongsoftware.com\/wp-content\/uploads\/2025\/11\/LitroJuvenilstaCecilia05-768x518.jpg 768w\" sizes=\"auto, (max-width: 886px) 100vw, 886px\" \/><\/figure>\n\n\n\n<figure class=\"wp-block-image size-large\"><img loading=\"lazy\" decoding=\"async\" width=\"1024\" height=\"691\" data-id=\"284960\" src=\"https:\/\/www.tucomarca.com\/wordpress\/segunda\/wp-content\/uploads\/2025\/11\/LitroJuvenilstaCecilia09-1024x691.jpg\" alt=\"\" class=\"wp-image-284960\" srcset=\"https:\/\/tucomarca.whitekongsoftware.com\/wp-content\/uploads\/2025\/11\/LitroJuvenilstaCecilia09-1024x691.jpg 1024w, https:\/\/tucomarca.whitekongsoftware.com\/wp-content\/uploads\/2025\/11\/LitroJuvenilstaCecilia09-300x202.jpg 300w, https:\/\/tucomarca.whitekongsoftware.com\/wp-content\/uploads\/2025\/11\/LitroJuvenilstaCecilia09-768x518.jpg 768w, https:\/\/tucomarca.whitekongsoftware.com\/wp-content\/uploads\/2025\/11\/LitroJuvenilstaCecilia09.jpg 1181w\" sizes=\"auto, (max-width: 1024px) 100vw, 1024px\" \/><\/figure>\n\n\n\n<figure class=\"wp-block-image size-large\"><img loading=\"lazy\" decoding=\"async\" width=\"1024\" height=\"691\" data-id=\"284956\" src=\"https:\/\/www.tucomarca.com\/wordpress\/segunda\/wp-content\/uploads\/2025\/11\/LitroJuvenilstaCecilia07-1024x691.jpg\" alt=\"\" class=\"wp-image-284956\" srcset=\"https:\/\/tucomarca.whitekongsoftware.com\/wp-content\/uploads\/2025\/11\/LitroJuvenilstaCecilia07-1024x691.jpg 1024w, https:\/\/tucomarca.whitekongsoftware.com\/wp-content\/uploads\/2025\/11\/LitroJuvenilstaCecilia07-300x202.jpg 300w, https:\/\/tucomarca.whitekongsoftware.com\/wp-content\/uploads\/2025\/11\/LitroJuvenilstaCecilia07-768x518.jpg 768w, https:\/\/tucomarca.whitekongsoftware.com\/wp-content\/uploads\/2025\/11\/LitroJuvenilstaCecilia07.jpg 1181w\" sizes=\"auto, (max-width: 1024px) 100vw, 1024px\" \/><\/figure>\n\n\n\n<figure class=\"wp-block-image size-large\"><img loading=\"lazy\" decoding=\"async\" width=\"1024\" height=\"691\" data-id=\"284958\" src=\"https:\/\/www.tucomarca.com\/wordpress\/segunda\/wp-content\/uploads\/2025\/11\/LitroJuvenilstaCecilia08-1024x691.jpg\" alt=\"\" class=\"wp-image-284958\" srcset=\"https:\/\/tucomarca.whitekongsoftware.com\/wp-content\/uploads\/2025\/11\/LitroJuvenilstaCecilia08-1024x691.jpg 1024w, https:\/\/tucomarca.whitekongsoftware.com\/wp-content\/uploads\/2025\/11\/LitroJuvenilstaCecilia08-300x202.jpg 300w, https:\/\/tucomarca.whitekongsoftware.com\/wp-content\/uploads\/2025\/11\/LitroJuvenilstaCecilia08-768x518.jpg 768w, https:\/\/tucomarca.whitekongsoftware.com\/wp-content\/uploads\/2025\/11\/LitroJuvenilstaCecilia08.jpg 1181w\" sizes=\"auto, (max-width: 1024px) 100vw, 1024px\" \/><\/figure>\n\n\n\n<figure class=\"wp-block-image size-large\"><img loading=\"lazy\" decoding=\"async\" width=\"1024\" height=\"691\" data-id=\"284962\" src=\"https:\/\/www.tucomarca.com\/wordpress\/segunda\/wp-content\/uploads\/2025\/11\/LitroJuvenilstaCecilia10-1024x691.jpg\" alt=\"\" class=\"wp-image-284962\" srcset=\"https:\/\/tucomarca.whitekongsoftware.com\/wp-content\/uploads\/2025\/11\/LitroJuvenilstaCecilia10-1024x691.jpg 1024w, https:\/\/tucomarca.whitekongsoftware.com\/wp-content\/uploads\/2025\/11\/LitroJuvenilstaCecilia10-300x202.jpg 300w, https:\/\/tucomarca.whitekongsoftware.com\/wp-content\/uploads\/2025\/11\/LitroJuvenilstaCecilia10-768x518.jpg 768w, https:\/\/tucomarca.whitekongsoftware.com\/wp-content\/uploads\/2025\/11\/LitroJuvenilstaCecilia10.jpg 1181w\" sizes=\"auto, (max-width: 1024px) 100vw, 1024px\" \/><\/figure>\n\n\n\n<figure class=\"wp-block-image size-large\"><img loading=\"lazy\" decoding=\"async\" width=\"1024\" height=\"691\" data-id=\"284964\" src=\"https:\/\/www.tucomarca.com\/wordpress\/segunda\/wp-content\/uploads\/2025\/11\/LitroJuvenilstaCecilia11-1024x691.jpg\" alt=\"\" class=\"wp-image-284964\" srcset=\"https:\/\/tucomarca.whitekongsoftware.com\/wp-content\/uploads\/2025\/11\/LitroJuvenilstaCecilia11-1024x691.jpg 1024w, https:\/\/tucomarca.whitekongsoftware.com\/wp-content\/uploads\/2025\/11\/LitroJuvenilstaCecilia11-300x202.jpg 300w, https:\/\/tucomarca.whitekongsoftware.com\/wp-content\/uploads\/2025\/11\/LitroJuvenilstaCecilia11-768x518.jpg 768w, https:\/\/tucomarca.whitekongsoftware.com\/wp-content\/uploads\/2025\/11\/LitroJuvenilstaCecilia11.jpg 1181w\" sizes=\"auto, (max-width: 1024px) 100vw, 1024px\" \/><\/figure>\n\n\n\n<figure class=\"wp-block-image size-large\"><img loading=\"lazy\" decoding=\"async\" width=\"1024\" height=\"691\" data-id=\"284946\" src=\"https:\/\/www.tucomarca.com\/wordpress\/segunda\/wp-content\/uploads\/2025\/11\/LitroJuvenilstaCecilia02-1024x691.jpg\" alt=\"\" class=\"wp-image-284946\" srcset=\"https:\/\/tucomarca.whitekongsoftware.com\/wp-content\/uploads\/2025\/11\/LitroJuvenilstaCecilia02-1024x691.jpg 1024w, https:\/\/tucomarca.whitekongsoftware.com\/wp-content\/uploads\/2025\/11\/LitroJuvenilstaCecilia02-300x202.jpg 300w, https:\/\/tucomarca.whitekongsoftware.com\/wp-content\/uploads\/2025\/11\/LitroJuvenilstaCecilia02-768x518.jpg 768w, https:\/\/tucomarca.whitekongsoftware.com\/wp-content\/uploads\/2025\/11\/LitroJuvenilstaCecilia02.jpg 1181w\" sizes=\"auto, (max-width: 1024px) 100vw, 1024px\" \/><\/figure>\n<\/figure>\n","protected":false},"excerpt":{"rendered":"<div class=\"mh-excerpt\">El Palau de la M\u00fasica de Bu\u00f1ol va acollir este dissabte el tradicional Concert de Santa Cec\u00edlia de la Banda Juvenil del Centre Instructiu Musical &#8220;La Arm\u00f3nica&#8220;, una cita molt esperada dins del calendari musical <a class=\"mh-excerpt-more\" href=\"https:\/\/tucomarca.whitekongsoftware.com\/ca\/fotogaleria-la-banda-juvenil-del-cim-la-armonica-celebra-el-concert-de-santa-cecilia-amb-la-incorporacio-de-nous-musics\/\" title=\"Fotogaler\u00eda: la Banda Juvenil del CIM &#8220;La Arm\u00f3nica&#8221; celebra el Concert de Santa Cec\u00edlia amb la incorporaci\u00f3 de nous m\u00fasics\">[+] <\/a><\/div>\n","protected":false},"author":12,"featured_media":284945,"comment_status":"open","ping_status":"open","sticky":false,"template":"","format":"gallery","meta":{"footnotes":""},"categories":[10911,11005,10894,10912,11004,11007,10896],"tags":[23328,22141,10913,10914],"class_list":["post-284967","post","type-post","status-publish","format-gallery","has-post-thumbnail","category-bunol-ca","category-canal-musica","category-la-comarca-ca","category-la-hoya-ca","category-la-semana-en-imagenes-ca","category-ocio-y-cultura-ca","category-seccion-ca","tag-banda-juvenil-cim-la-armonica-2","tag-banda-juvenil-cim-la-armonica-ca","tag-bunol-ca","tag-la-hoya-de-bunol-chiva-ca","post_format-post-format-gallery"],"_links":{"self":[{"href":"https:\/\/tucomarca.whitekongsoftware.com\/ca\/wp-json\/wp\/v2\/posts\/284967","targetHints":{"allow":["GET"]}}],"collection":[{"href":"https:\/\/tucomarca.whitekongsoftware.com\/ca\/wp-json\/wp\/v2\/posts"}],"about":[{"href":"https:\/\/tucomarca.whitekongsoftware.com\/ca\/wp-json\/wp\/v2\/types\/post"}],"author":[{"embeddable":true,"href":"https:\/\/tucomarca.whitekongsoftware.com\/ca\/wp-json\/wp\/v2\/users\/12"}],"replies":[{"embeddable":true,"href":"https:\/\/tucomarca.whitekongsoftware.com\/ca\/wp-json\/wp\/v2\/comments?post=284967"}],"version-history":[{"count":0,"href":"https:\/\/tucomarca.whitekongsoftware.com\/ca\/wp-json\/wp\/v2\/posts\/284967\/revisions"}],"wp:featuredmedia":[{"embeddable":true,"href":"https:\/\/tucomarca.whitekongsoftware.com\/ca\/wp-json\/wp\/v2\/media\/284945"}],"wp:attachment":[{"href":"https:\/\/tucomarca.whitekongsoftware.com\/ca\/wp-json\/wp\/v2\/media?parent=284967"}],"wp:term":[{"taxonomy":"category","embeddable":true,"href":"https:\/\/tucomarca.whitekongsoftware.com\/ca\/wp-json\/wp\/v2\/categories?post=284967"},{"taxonomy":"post_tag","embeddable":true,"href":"https:\/\/tucomarca.whitekongsoftware.com\/ca\/wp-json\/wp\/v2\/tags?post=284967"}],"curies":[{"name":"wp","href":"https:\/\/api.w.org\/{rel}","templated":true}]}}