{"id":284859,"date":"2025-11-10T10:25:00","date_gmt":"2025-11-10T09:25:00","guid":{"rendered":"https:\/\/www.tucomarca.com\/wordpress\/segunda\/?p=284859"},"modified":"2025-11-10T15:26:25","modified_gmt":"2025-11-10T14:26:25","slug":"utiel-celebra-lacte-dexaltacio-de-les-seues-falleres-majors-2026-celia-moya-latorre-i-paula-clemente-perez","status":"publish","type":"post","link":"https:\/\/tucomarca.whitekongsoftware.com\/ca\/utiel-celebra-lacte-dexaltacio-de-les-seues-falleres-majors-2026-celia-moya-latorre-i-paula-clemente-perez\/","title":{"rendered":"Utiel celebra l&#8217;acte d&#8217;exaltaci\u00f3 de les seues Falleres Majors 2026, Celia Moya Latorre i Paula Clemente P\u00e9rez"},"content":{"rendered":"\n<h3 class=\"wp-block-heading\">L&#8217;alcalde d&#8217;Utiel, Ricardo Gabald\u00f3n, va traslladar la seua m\u00e9s sincera enhorabona a les representants falleres de 2026 i va agrair la labor de les seues predecessores com a ambaixadores de la tradici\u00f3 fallera en el municipi.<\/h3>\n\n\n\n<p class=\"wp-block-paragraph\">Dissabte passat el Teatre Rambal s&#8217;engalanava per a acollir l&#8217;acte d&#8217;exaltaci\u00f3 de les seues Falleres Majors 2026, Srta. Celia Moya Latorre i xiqueta Paula Clemente P\u00e9rez.<\/p>\n\n\n\n<p class=\"wp-block-paragraph\">Una jornada especial per al m\u00f3n faller utielano que donava principi a l&#8217;ajuntament d&#8217;Utiel amb la recepci\u00f3 de l&#8217;alcalde, Ricardo Gabald\u00f3n i membres de la corporaci\u00f3 municipal als representants de les tres comissions majors i infantils de les Falles d&#8217;Utiel aix\u00ed com a representants de Juntes Locals Falleres d&#8217;altres municipis convidats per a l&#8217;ocasi\u00f3.<\/p>\n\n\n\n<p class=\"wp-block-paragraph\">A continuaci\u00f3, s&#8217;iniciava cercaviles per les diferents places utielanas omplint de m\u00fasica , color i p\u00f3lvora els carrers d&#8217;Utiel fins a arribar al Teatre Rambal on se celebrava l&#8217;acte oficial de proclamaci\u00f3 com a Fallera Major 2026 a Celia Moya Latorre i Fallera Major Infantil 2026 Paula Clemente P\u00e9rez.<\/p>\n\n\n\n<p class=\"wp-block-paragraph\">L&#8217;alcalde d&#8217;Utiel i president honor\u00edfic de Junta Local Fallera (JLF), Ricardo Gabald\u00f3n, i el president de JLF Utiel , Jose Luis Garc\u00eda, traslladaven la seua m\u00e9s sincera enhorabona a les Falleres Majors de 2026 i l&#8217;agra\u00efment a les Falleres Majors sortints , Natalia Pardo Mart\u00ednez i Claudia Godoy Jim\u00e9nez per la seua destacada representaci\u00f3 de les Falles d&#8217;Utiel i de la tradici\u00f3 fallera del nostre municipi durant un any intens.<\/p>\n\n\n\n<p class=\"wp-block-paragraph\">Una trobada de confraternitat fallera que va culminar amb fi de festa especial amb m\u00fasica en directe com a fermall d&#8217;or per a donar la benvinguda a les pr\u00f2ximes festes josefinas.<\/p>\n\n\n\n<figure class=\"wp-block-gallery has-nested-images columns-1 is-cropped wp-block-gallery-1 is-layout-flex wp-block-gallery-is-layout-flex\">\n<figure class=\"wp-block-image size-large\"><img loading=\"lazy\" decoding=\"async\" width=\"1024\" height=\"576\" data-id=\"284852\" src=\"https:\/\/www.tucomarca.com\/wordpress\/segunda\/wp-content\/uploads\/2025\/11\/UtielFallerasM2025_3-1024x576.jpg\" alt=\"\" class=\"wp-image-284852\" srcset=\"https:\/\/tucomarca.whitekongsoftware.com\/wp-content\/uploads\/2025\/11\/UtielFallerasM2025_3-1024x576.jpg 1024w, https:\/\/tucomarca.whitekongsoftware.com\/wp-content\/uploads\/2025\/11\/UtielFallerasM2025_3-300x169.jpg 300w, https:\/\/tucomarca.whitekongsoftware.com\/wp-content\/uploads\/2025\/11\/UtielFallerasM2025_3-768x432.jpg 768w, https:\/\/tucomarca.whitekongsoftware.com\/wp-content\/uploads\/2025\/11\/UtielFallerasM2025_3-678x381.jpg 678w, https:\/\/tucomarca.whitekongsoftware.com\/wp-content\/uploads\/2025\/11\/UtielFallerasM2025_3.jpg 1181w\" sizes=\"auto, (max-width: 1024px) 100vw, 1024px\" \/><\/figure>\n\n\n\n<figure class=\"wp-block-image size-large\"><img loading=\"lazy\" decoding=\"async\" width=\"1024\" height=\"576\" data-id=\"284854\" src=\"https:\/\/www.tucomarca.com\/wordpress\/segunda\/wp-content\/uploads\/2025\/11\/UtielFallerasM2025_4-1024x576.jpg\" alt=\"\" class=\"wp-image-284854\" srcset=\"https:\/\/tucomarca.whitekongsoftware.com\/wp-content\/uploads\/2025\/11\/UtielFallerasM2025_4-1024x576.jpg 1024w, https:\/\/tucomarca.whitekongsoftware.com\/wp-content\/uploads\/2025\/11\/UtielFallerasM2025_4-300x169.jpg 300w, https:\/\/tucomarca.whitekongsoftware.com\/wp-content\/uploads\/2025\/11\/UtielFallerasM2025_4-768x432.jpg 768w, https:\/\/tucomarca.whitekongsoftware.com\/wp-content\/uploads\/2025\/11\/UtielFallerasM2025_4-678x381.jpg 678w, https:\/\/tucomarca.whitekongsoftware.com\/wp-content\/uploads\/2025\/11\/UtielFallerasM2025_4.jpg 1181w\" sizes=\"auto, (max-width: 1024px) 100vw, 1024px\" \/><\/figure>\n\n\n\n<figure class=\"wp-block-image size-large\"><img loading=\"lazy\" decoding=\"async\" width=\"1024\" height=\"577\" data-id=\"284850\" src=\"https:\/\/www.tucomarca.com\/wordpress\/segunda\/wp-content\/uploads\/2025\/11\/UtielFallerasM2025_2-1024x577.jpg\" alt=\"\" class=\"wp-image-284850\" srcset=\"https:\/\/tucomarca.whitekongsoftware.com\/wp-content\/uploads\/2025\/11\/UtielFallerasM2025_2-1024x577.jpg 1024w, https:\/\/tucomarca.whitekongsoftware.com\/wp-content\/uploads\/2025\/11\/UtielFallerasM2025_2-300x169.jpg 300w, https:\/\/tucomarca.whitekongsoftware.com\/wp-content\/uploads\/2025\/11\/UtielFallerasM2025_2-768x432.jpg 768w, https:\/\/tucomarca.whitekongsoftware.com\/wp-content\/uploads\/2025\/11\/UtielFallerasM2025_2-678x381.jpg 678w, https:\/\/tucomarca.whitekongsoftware.com\/wp-content\/uploads\/2025\/11\/UtielFallerasM2025_2.jpg 1181w\" sizes=\"auto, (max-width: 1024px) 100vw, 1024px\" \/><\/figure>\n<\/figure>\n","protected":false},"excerpt":{"rendered":"<div class=\"mh-excerpt\">L&#8217;alcalde d&#8217;Utiel, Ricardo Gabald\u00f3n, va traslladar la seua m\u00e9s sincera enhorabona a les representants falleres de 2026 i va agrair la labor de les seues predecessores com a ambaixadores de la tradici\u00f3 fallera en el <a class=\"mh-excerpt-more\" href=\"https:\/\/tucomarca.whitekongsoftware.com\/ca\/utiel-celebra-lacte-dexaltacio-de-les-seues-falleres-majors-2026-celia-moya-latorre-i-paula-clemente-perez\/\" title=\"Utiel celebra l&#8217;acte d&#8217;exaltaci\u00f3 de les seues Falleres Majors 2026, Celia Moya Latorre i Paula Clemente P\u00e9rez\">[+] <\/a><\/div>\n","protected":false},"author":12,"featured_media":284849,"comment_status":"open","ping_status":"open","sticky":false,"template":"","format":"gallery","meta":{"footnotes":""},"categories":[10894,11004,11007,10909,10896,11059],"tags":[22573,10910,11174],"class_list":["post-284859","post","type-post","status-publish","format-gallery","has-post-thumbnail","category-la-comarca-ca","category-la-semana-en-imagenes-ca","category-ocio-y-cultura-ca","category-requena-utiel-ca","category-seccion-ca","category-utiel-ca","tag-falleras-mayores-2026-ca","tag-requena-utiel-ca","tag-utiel-ca","post_format-post-format-gallery"],"_links":{"self":[{"href":"https:\/\/tucomarca.whitekongsoftware.com\/ca\/wp-json\/wp\/v2\/posts\/284859","targetHints":{"allow":["GET"]}}],"collection":[{"href":"https:\/\/tucomarca.whitekongsoftware.com\/ca\/wp-json\/wp\/v2\/posts"}],"about":[{"href":"https:\/\/tucomarca.whitekongsoftware.com\/ca\/wp-json\/wp\/v2\/types\/post"}],"author":[{"embeddable":true,"href":"https:\/\/tucomarca.whitekongsoftware.com\/ca\/wp-json\/wp\/v2\/users\/12"}],"replies":[{"embeddable":true,"href":"https:\/\/tucomarca.whitekongsoftware.com\/ca\/wp-json\/wp\/v2\/comments?post=284859"}],"version-history":[{"count":0,"href":"https:\/\/tucomarca.whitekongsoftware.com\/ca\/wp-json\/wp\/v2\/posts\/284859\/revisions"}],"wp:featuredmedia":[{"embeddable":true,"href":"https:\/\/tucomarca.whitekongsoftware.com\/ca\/wp-json\/wp\/v2\/media\/284849"}],"wp:attachment":[{"href":"https:\/\/tucomarca.whitekongsoftware.com\/ca\/wp-json\/wp\/v2\/media?parent=284859"}],"wp:term":[{"taxonomy":"category","embeddable":true,"href":"https:\/\/tucomarca.whitekongsoftware.com\/ca\/wp-json\/wp\/v2\/categories?post=284859"},{"taxonomy":"post_tag","embeddable":true,"href":"https:\/\/tucomarca.whitekongsoftware.com\/ca\/wp-json\/wp\/v2\/tags?post=284859"}],"curies":[{"name":"wp","href":"https:\/\/api.w.org\/{rel}","templated":true}]}}