{"id":284803,"date":"2025-11-10T10:15:00","date_gmt":"2025-11-10T09:15:00","guid":{"rendered":"https:\/\/www.tucomarca.com\/wordpress\/segunda\/?p=284803"},"modified":"2025-11-10T13:37:24","modified_gmt":"2025-11-10T12:37:24","slug":"salvem-farrajon-soposa-a-la-construccio-duna-macroplanta-de-biometa-molt-prop-del-poligon-industrial-de-bunyol","status":"publish","type":"post","link":"https:\/\/tucomarca.whitekongsoftware.com\/ca\/salvem-farrajon-soposa-a-la-construccio-duna-macroplanta-de-biometa-molt-prop-del-poligon-industrial-de-bunyol\/","title":{"rendered":"&#8216;Salvem Farraj\u00f3n&#8217; s&#8217;oposa a la construcci\u00f3 d&#8217;una macroplanta de biomet\u00e0 molt prop del pol\u00edgon industrial de Bunyol"},"content":{"rendered":"\n<p class=\"wp-block-paragraph\">L&#8217;Associaci\u00f3 Ecovecinal Salvem Farraj\u00f3n vol posar en coneixement de tota la poblaci\u00f3 de Bunyol, &#8220;l&#8217;exist\u00e8ncia d&#8217;un nou macroprojecte que pret\u00e9n instal\u00b7lar-se, de nou, en el nostre benvolgut paratge de Farraj\u00f3n. En aquest cas es tracta d&#8217;una macroplanta de Biomet\u00e0 que estaria situada en una \u00e0mplia zona de Farraj\u00f3n, en el l\u00edmit amb el terme municipal de Xiva i molt prop del pol\u00edgon industrial de Bunyol&#8221;, tal com han informat.<\/p>\n\n\n\n<p class=\"wp-block-paragraph\">&#8220;Com ja ocorreguera amb la macroplanta fotovoltaica \u201cGodelleta 1\u201d -de moment paralitzada- pretenen disfressar aquest nou macroprojecte de \u201cgenerador d&#8217;energia renovable\u201d quan el que all\u00ed es produiria despr\u00e9s d&#8217;uns processos ambientalment molt q\u00fcestionables, seria gas met\u00e0 que no deixa de ser un combustible f\u00f2ssil i per tant, un gas d&#8217;efecte d&#8217;hivernacle. S\u00f3n molts els problemes que genera aquest nou \u201cboom\u201d que suposen les macroinstal\u00b7lacions de Biog\u00e0s (olors insuportables, filtracions al subsol de residus t\u00f2xics o l&#8217;innombrable i diari tr\u00e0fec de camions travessant un paratge natural carregats amb tones de desaprofitaments)&#8221;, han afegit.<\/p>\n\n\n\n<p class=\"wp-block-paragraph\">&#8220;Sembla perqu\u00e8, que Bunyol est\u00e0 destinat a ser una zona de sacrifici convertida en femer on parar\u00e0 tota la porqueria sobrant d&#8217;aquesta societat de les escombraries. I no ho podem consentir&#8221;, mantenen des de la plataforma.&nbsp;<\/p>\n\n\n\n<p class=\"wp-block-paragraph\">Salvem Farraj\u00f3n es manifesta &#8220;rotundament en contra d&#8217;aix\u00f2 i espera de nou, que tots els grups pol\u00edtics i el govern en bloc es posicionen en contra d&#8217;aquesta nova aberraci\u00f3 mediambiental que podria afectar greument l&#8217;aire, el s\u00f2l i les aig\u00fces que corren subterr\u00e0nies pel terme de Bunyol, Xiva i Alboraig i la qualitat de vida dels habitants de les cases de Farraj\u00f3n i zones confrontants. Aquest nou pelotazo que busca substituir a la bambolla de les macrorenovables que est\u00e0 comen\u00e7ant a punxar, no busca m\u00e9s que el benefici d&#8217;uns pocs a curt termini, generant molts m\u00e9s problemes que els que pret\u00e9n solucionar&#8221;.<\/p>\n\n\n\n<p class=\"wp-block-paragraph\">Finalment, Salvem Farraj\u00f3n anuncia que comen\u00e7ar\u00e0 &#8220;una campanya de sensibilitzaci\u00f3 sobre aquesta problem\u00e0tica i buscar\u00e0 de nou el suport i la col\u00b7laboraci\u00f3 de tot el ve\u00efnat del nostre poble que mai ha fallat.&nbsp;Perqu\u00e8 Bunyol no acaba on acaben els seus carrers, Salvem Farraj\u00f3n&#8221;, han finalitzat.<\/p>\n","protected":false},"excerpt":{"rendered":"<div class=\"mh-excerpt\">L&#8217;Associaci\u00f3 Ecovecinal Salvem Farraj\u00f3n vol posar en coneixement de tota la poblaci\u00f3 de Bunyol, &#8220;l&#8217;exist\u00e8ncia d&#8217;un nou macroprojecte que pret\u00e9n instal\u00b7lar-se, de nou, en el nostre benvolgut paratge de Farraj\u00f3n. En aquest cas es tracta <a class=\"mh-excerpt-more\" href=\"https:\/\/tucomarca.whitekongsoftware.com\/ca\/salvem-farrajon-soposa-a-la-construccio-duna-macroplanta-de-biometa-molt-prop-del-poligon-industrial-de-bunyol\/\" title=\"&#8216;Salvem Farraj\u00f3n&#8217; s&#8217;oposa a la construcci\u00f3 d&#8217;una macroplanta de biomet\u00e0 molt prop del pol\u00edgon industrial de Bunyol\">[+] <\/a><\/div>\n","protected":false},"author":12,"featured_media":284771,"comment_status":"open","ping_status":"open","sticky":false,"template":"","format":"standard","meta":{"footnotes":""},"categories":[10911,10898,10948,10894,10912,10903,10947,10896,10897],"tags":[22772,10913,10914,19825],"class_list":["post-284803","post","type-post","status-publish","format-standard","has-post-thumbnail","category-bunol-ca","category-ventana-ca","category-infraestructuras-ca","category-la-comarca-ca","category-la-hoya-ca","category-medio-ambiente-la-comarca-ca","category-politica","category-seccion-ca","category-sucesos-la-comarca-ca","tag-asociacion-vecinal-salvemos-farrajon-ca","tag-bunol-ca","tag-la-hoya-de-bunol-chiva-ca","tag-planta-de-biometano-ca"],"_links":{"self":[{"href":"https:\/\/tucomarca.whitekongsoftware.com\/ca\/wp-json\/wp\/v2\/posts\/284803","targetHints":{"allow":["GET"]}}],"collection":[{"href":"https:\/\/tucomarca.whitekongsoftware.com\/ca\/wp-json\/wp\/v2\/posts"}],"about":[{"href":"https:\/\/tucomarca.whitekongsoftware.com\/ca\/wp-json\/wp\/v2\/types\/post"}],"author":[{"embeddable":true,"href":"https:\/\/tucomarca.whitekongsoftware.com\/ca\/wp-json\/wp\/v2\/users\/12"}],"replies":[{"embeddable":true,"href":"https:\/\/tucomarca.whitekongsoftware.com\/ca\/wp-json\/wp\/v2\/comments?post=284803"}],"version-history":[{"count":0,"href":"https:\/\/tucomarca.whitekongsoftware.com\/ca\/wp-json\/wp\/v2\/posts\/284803\/revisions"}],"wp:featuredmedia":[{"embeddable":true,"href":"https:\/\/tucomarca.whitekongsoftware.com\/ca\/wp-json\/wp\/v2\/media\/284771"}],"wp:attachment":[{"href":"https:\/\/tucomarca.whitekongsoftware.com\/ca\/wp-json\/wp\/v2\/media?parent=284803"}],"wp:term":[{"taxonomy":"category","embeddable":true,"href":"https:\/\/tucomarca.whitekongsoftware.com\/ca\/wp-json\/wp\/v2\/categories?post=284803"},{"taxonomy":"post_tag","embeddable":true,"href":"https:\/\/tucomarca.whitekongsoftware.com\/ca\/wp-json\/wp\/v2\/tags?post=284803"}],"curies":[{"name":"wp","href":"https:\/\/api.w.org\/{rel}","templated":true}]}}