{"id":284784,"date":"2025-11-10T10:30:00","date_gmt":"2025-11-10T09:30:00","guid":{"rendered":"https:\/\/www.tucomarca.com\/wordpress\/segunda\/?p=284784"},"modified":"2025-11-10T14:22:31","modified_gmt":"2025-11-10T13:22:31","slug":"lautora-xivana-ana-torrero-aconsegueix-el-numero-1-en-vendes-en-amazon-amb-el-seu-llibre-la-ola-de-transformacion","status":"publish","type":"post","link":"https:\/\/tucomarca.whitekongsoftware.com\/ca\/lautora-xivana-ana-torrero-aconsegueix-el-numero-1-en-vendes-en-amazon-amb-el-seu-llibre-la-ola-de-transformacion\/","title":{"rendered":"L&#8217;autora xivana Ana Torrero aconsegueix el n\u00famero 1 en vendes en Amazon amb el seu llibre &#8216;La Ola de Transformaci\u00f3n&#8217;"},"content":{"rendered":"\n<h3 class=\"wp-block-heading\">Ana Torrero ha expressat el seu profund agra\u00efment a les ve\u00efnes i ve\u00efns de Xiva que van acudir a la presentaci\u00f3 de la seua obra, celebrada en el Espai Jove del municipi.<\/h3>\n\n\n\n<p class=\"wp-block-paragraph\">El llibre &#8220;La Ola de Transformaci\u00f3n. Un viatge interior&#8221;, escrit per la xivana Ana Torrero i publicat per LIOC Editorial, ha aconseguit el primer lloc en vendes en la plataforma Amazon, consolidant-se com una de les obres de refer\u00e8ncia en l&#8217;\u00e0mbit del creixement personal i l&#8217;espiritualitat. Amb un estil pr\u00f2xim i profund, l&#8217;autora convida al lector a descobrir el poder de l&#8217;energia interior, explorar els chakras i reconnectar amb l&#8217;ess\u00e8ncia aut\u00e8ntica de l&#8217;\u00e9sser.<\/p>\n\n\n\n<p class=\"wp-block-paragraph\"><strong>Un \u00e8xit que connecta amb la necessitat de transformaci\u00f3<\/strong><\/p>\n\n\n\n<p class=\"wp-block-paragraph\">El fenomen editorial d&#8217;Ana Torrero no \u00e9s casualitat. &#8220;La Ola de Transformaci\u00f3n&#8221; ha aconseguit captivar a milers de lectors que busquen eines pr\u00e0ctiques i reflexions inspiradores per a afrontar els reptes de la vida des d&#8217;una perspectiva m\u00e9s conscient. L&#8217;obra combina experi\u00e8ncies personals de l&#8217;autora amb fonaments de ioga, meditaci\u00f3, Reiki i psicoter\u00e0pia transpersonal, convertint-se en una guia per als qui desitgen recuperar l&#8217;equilibri entre cos, ment i esperit.<\/p>\n\n\n\n<p class=\"wp-block-paragraph\">\u00abLa teua ona perfecta ja \u00e9s ac\u00ed, dins de tu, esperant que confies en la seua for\u00e7a i et deixes portar pel seu corrent. Viu, expandeix-te. No sols existisques, crea. No sols avan\u00e7os, transcendeix\u00bb, escriu Ana Torrero en un dels passatges m\u00e9s citats del llibre. Aquesta frase reflecteix l&#8217;ess\u00e8ncia de la seua proposta: un anomenat a la transformaci\u00f3 personal des de la confian\u00e7a i la plenitud.<\/p>\n\n\n\n<p class=\"wp-block-paragraph\">El llibre aborda de manera clara i pr\u00e0ctica conceptes com l&#8217;activaci\u00f3 dels chakras, el poder del so del gong, la respiraci\u00f3 conscient i la influ\u00e8ncia dels arquetips en el benestar emocional. A trav\u00e9s d&#8217;un llenguatge accessible, Torrero ofereix no sols teoria, sin\u00f3 tamb\u00e9 exercicis i experi\u00e8ncies que permeten al lector experimentar canvis reals en la seua vida quotidiana.<\/p>\n\n\n\n<p class=\"wp-block-paragraph\"><strong>Un missatge inspirador que traspassa fronteres<\/strong><\/p>\n\n\n\n<p class=\"wp-block-paragraph\">L&#8217;\u00e8xit de &#8220;La Ola de Transformaci\u00f3n&#8221; en Amazon, confirma la creixent demanda d&#8217;obres que connecten amb l&#8217;espiritualitat pr\u00e0ctica i el desenvolupament personal. Lectors de diferents pa\u00efsos han trobat en aquest llibre una ajuda per a superar bloquejos emocionals, comprendre millor els seus processos vitals i trobar serenitat<\/p>\n\n\n\n<p class=\"wp-block-paragraph\">Per a Ana Torrero, aquest acolliment significa molt m\u00e9s que un reconeixement literari:<\/p>\n\n\n\n<p class=\"wp-block-paragraph\">\u00abAquest llibre \u00e9s un viatge compartit. Cada p\u00e0gina que alg\u00fa llig i fa seua \u00e9s un pas m\u00e9s cap a una humanitat m\u00e9s conscient i connectada amb si mateixa\u00bb, assegura.<\/p>\n\n\n\n<p class=\"wp-block-paragraph\">El seu missatge, profundament inspirador, convida als lectors a recordar que dins de cadascun resideix un poder transformador capa\u00e7 de canviar no sols la seua vida personal, sin\u00f3 tamb\u00e9 el seu entorn.<\/p>\n\n\n\n<p class=\"wp-block-paragraph\">En paraules de l&#8217;autora: \u00abEl canvi ja \u00e9s ac\u00ed. La massa cr\u00edtica ha despertat. \u00c9s hora que junts escriguem una nova hist\u00f2ria\u00bb.<\/p>\n\n\n\n<p class=\"wp-block-paragraph\"><strong>Un referent per als qui busquen cr\u00e9ixer<\/strong><\/p>\n\n\n\n<p class=\"wp-block-paragraph\">Amb aquest reconeixement en Amazon, &#8220;La Ola de Transformaci\u00f3n&#8221; es posiciona com un referent imprescindible en la literatura de desenvolupament personal. LIOC Editorial, responsable de la publicaci\u00f3, ha destacat la professionalitat i lliurament de l&#8217;autora, aix\u00ed com la gran connexi\u00f3 que ha sabut generar amb els seus lectors.<\/p>\n\n\n\n<p class=\"wp-block-paragraph\">M\u00e9s enll\u00e0 del seu valor literari, l&#8217;obra es converteix en una invitaci\u00f3 oberta per a totes aquelles persones que travessen moments de crisis o de cerca personal. El seu missatge \u00e9s clar: el poder de transformar la vida est\u00e0 dins de cadascun, esperant a ser activat.<\/p>\n\n\n\n<p class=\"wp-block-paragraph\">L&#8217;\u00e8xit d&#8217;Ana Torrero demostra que els llibres no sols conten hist\u00f2ries, sin\u00f3 que tamb\u00e9 poden convertir-se en motors de canvi i esperan\u00e7a. <\/p>\n\n\n\n<p class=\"wp-block-paragraph\"><strong>Gran \u00e8xit en la presentaci\u00f3 a Xiva<\/strong><\/p>\n\n\n\n<p class=\"wp-block-paragraph\">L&#8217;autora Ana Torrero ha expressat el seu profund agra\u00efment a les ve\u00efnes i ve\u00efns de Xiva que van acudir a la presentaci\u00f3 de la seua obra, celebrada en el Espai Jove del municipi, presentada pel peridista xivano H\u00e9ctor Esteban. Al voltant de 200 persones van assistir a l&#8217;acte, en el qual l&#8217;escriptora va compartir amb el p\u00fablic els detalls, viv\u00e8ncies i motivacions que van donar origen al seu llibre.<\/p>\n\n\n\n<p class=\"wp-block-paragraph\">Durant la trobada, va regnar un ambient pr\u00f2xim i participatiu, en el qual Ana Torrero va conversar amb els assistents i va signar exemplars. L&#8217;autora va destacar el c\u00e0lid acolliment rebut i va subratllar la import\u00e0ncia d&#8217;aquests espais d&#8217;intercanvi cultural i literari dins de la localitat.<\/p>\n\n\n\n<figure class=\"wp-block-gallery has-nested-images columns-1 is-cropped wp-block-gallery-1 is-layout-flex wp-block-gallery-is-layout-flex\">\n<figure class=\"wp-block-image size-large\"><img loading=\"lazy\" decoding=\"async\" width=\"1024\" height=\"691\" data-id=\"284775\" src=\"https:\/\/www.tucomarca.com\/wordpress\/segunda\/wp-content\/uploads\/2025\/11\/PresLibroAnaTorrero02-1024x691.jpg\" alt=\"\" class=\"wp-image-284775\" srcset=\"https:\/\/tucomarca.whitekongsoftware.com\/wp-content\/uploads\/2025\/11\/PresLibroAnaTorrero02-1024x691.jpg 1024w, https:\/\/tucomarca.whitekongsoftware.com\/wp-content\/uploads\/2025\/11\/PresLibroAnaTorrero02-300x202.jpg 300w, https:\/\/tucomarca.whitekongsoftware.com\/wp-content\/uploads\/2025\/11\/PresLibroAnaTorrero02-768x518.jpg 768w, https:\/\/tucomarca.whitekongsoftware.com\/wp-content\/uploads\/2025\/11\/PresLibroAnaTorrero02.jpg 1181w\" sizes=\"auto, (max-width: 1024px) 100vw, 1024px\" \/><\/figure>\n\n\n\n<figure class=\"wp-block-image size-large\"><img loading=\"lazy\" decoding=\"async\" width=\"1024\" height=\"691\" data-id=\"284783\" src=\"http:\/\/www.tucomarca.com\/wordpress\/segunda\/wp-content\/uploads\/2025\/11\/PresLibroAnaTorrero01-1024x691.jpg\" alt=\"\" class=\"wp-image-284783\" srcset=\"https:\/\/tucomarca.whitekongsoftware.com\/wp-content\/uploads\/2025\/11\/PresLibroAnaTorrero01-1024x691.jpg 1024w, https:\/\/tucomarca.whitekongsoftware.com\/wp-content\/uploads\/2025\/11\/PresLibroAnaTorrero01-300x202.jpg 300w, https:\/\/tucomarca.whitekongsoftware.com\/wp-content\/uploads\/2025\/11\/PresLibroAnaTorrero01-768x518.jpg 768w, https:\/\/tucomarca.whitekongsoftware.com\/wp-content\/uploads\/2025\/11\/PresLibroAnaTorrero01.jpg 1181w\" sizes=\"auto, (max-width: 1024px) 100vw, 1024px\" \/><\/figure>\n\n\n\n<figure class=\"wp-block-image size-large\"><img loading=\"lazy\" decoding=\"async\" width=\"1024\" height=\"691\" data-id=\"284778\" src=\"https:\/\/www.tucomarca.com\/wordpress\/segunda\/wp-content\/uploads\/2025\/11\/PresLibroAnaTorrero03-1024x691.jpg\" alt=\"\" class=\"wp-image-284778\" srcset=\"https:\/\/tucomarca.whitekongsoftware.com\/wp-content\/uploads\/2025\/11\/PresLibroAnaTorrero03-1024x691.jpg 1024w, https:\/\/tucomarca.whitekongsoftware.com\/wp-content\/uploads\/2025\/11\/PresLibroAnaTorrero03-300x202.jpg 300w, https:\/\/tucomarca.whitekongsoftware.com\/wp-content\/uploads\/2025\/11\/PresLibroAnaTorrero03-768x518.jpg 768w, https:\/\/tucomarca.whitekongsoftware.com\/wp-content\/uploads\/2025\/11\/PresLibroAnaTorrero03.jpg 1181w\" sizes=\"auto, (max-width: 1024px) 100vw, 1024px\" \/><\/figure>\n<\/figure>\n","protected":false},"excerpt":{"rendered":"<div class=\"mh-excerpt\">Ana Torrero ha expressat el seu profund agra\u00efment a les ve\u00efnes i ve\u00efns de Xiva que van acudir a la presentaci\u00f3 de la seua obra, celebrada en el Espai Jove del municipi. El llibre &#8220;La <a class=\"mh-excerpt-more\" href=\"https:\/\/tucomarca.whitekongsoftware.com\/ca\/lautora-xivana-ana-torrero-aconsegueix-el-numero-1-en-vendes-en-amazon-amb-el-seu-llibre-la-ola-de-transformacion\/\" title=\"L&#8217;autora xivana Ana Torrero aconsegueix el n\u00famero 1 en vendes en Amazon amb el seu llibre &#8216;La Ola de Transformaci\u00f3n&#8217;\">[+] <\/a><\/div>\n","protected":false},"author":12,"featured_media":284777,"comment_status":"open","ping_status":"open","sticky":false,"template":"","format":"gallery","meta":{"footnotes":""},"categories":[10898,10894,10912,11007,10896,10975],"tags":[23175,11195,10914],"class_list":["post-284784","post","type-post","status-publish","format-gallery","has-post-thumbnail","category-ventana-ca","category-la-comarca-ca","category-la-hoya-ca","category-ocio-y-cultura-ca","category-seccion-ca","category-chiva-ca","tag-ana-torrero-ca","tag-chiva-ca","tag-la-hoya-de-bunol-chiva-ca","post_format-post-format-gallery"],"_links":{"self":[{"href":"https:\/\/tucomarca.whitekongsoftware.com\/ca\/wp-json\/wp\/v2\/posts\/284784","targetHints":{"allow":["GET"]}}],"collection":[{"href":"https:\/\/tucomarca.whitekongsoftware.com\/ca\/wp-json\/wp\/v2\/posts"}],"about":[{"href":"https:\/\/tucomarca.whitekongsoftware.com\/ca\/wp-json\/wp\/v2\/types\/post"}],"author":[{"embeddable":true,"href":"https:\/\/tucomarca.whitekongsoftware.com\/ca\/wp-json\/wp\/v2\/users\/12"}],"replies":[{"embeddable":true,"href":"https:\/\/tucomarca.whitekongsoftware.com\/ca\/wp-json\/wp\/v2\/comments?post=284784"}],"version-history":[{"count":0,"href":"https:\/\/tucomarca.whitekongsoftware.com\/ca\/wp-json\/wp\/v2\/posts\/284784\/revisions"}],"wp:featuredmedia":[{"embeddable":true,"href":"https:\/\/tucomarca.whitekongsoftware.com\/ca\/wp-json\/wp\/v2\/media\/284777"}],"wp:attachment":[{"href":"https:\/\/tucomarca.whitekongsoftware.com\/ca\/wp-json\/wp\/v2\/media?parent=284784"}],"wp:term":[{"taxonomy":"category","embeddable":true,"href":"https:\/\/tucomarca.whitekongsoftware.com\/ca\/wp-json\/wp\/v2\/categories?post=284784"},{"taxonomy":"post_tag","embeddable":true,"href":"https:\/\/tucomarca.whitekongsoftware.com\/ca\/wp-json\/wp\/v2\/tags?post=284784"}],"curies":[{"name":"wp","href":"https:\/\/api.w.org\/{rel}","templated":true}]}}