{"id":284751,"date":"2025-11-10T10:00:00","date_gmt":"2025-11-10T09:00:00","guid":{"rendered":"https:\/\/www.tucomarca.com\/wordpress\/segunda\/?p=284751"},"modified":"2025-11-10T13:31:19","modified_gmt":"2025-11-10T12:31:19","slug":"lajuntament-dalboraia-impulsa-la-creacio-de-la-taula-sectorial-de-salut-per-a-millorar-el-benestar-de-la-ciutadania","status":"publish","type":"post","link":"https:\/\/tucomarca.whitekongsoftware.com\/ca\/lajuntament-dalboraia-impulsa-la-creacio-de-la-taula-sectorial-de-salut-per-a-millorar-el-benestar-de-la-ciutadania\/","title":{"rendered":"L&#8217;Ajuntament d&#8217;alboraia impulsa la creaci\u00f3 de la Taula Sectorial de Salut per a millorar el benestar de la ciutadania"},"content":{"rendered":"\n<p class=\"wp-block-paragraph\">L&#8217;Ajuntament d&#8217;Alboraig ha constitu\u00eft la Taula Sectorial de Salut, un \u00f2rgan de participaci\u00f3 i coordinaci\u00f3 que t\u00e9 com a objectiu promoure la salut i el benestar de tota la poblaci\u00f3 del municipi, fomentant la col\u00b7laboraci\u00f3 entre les diferents \u00e0rees municipals i el teixit associatiu local.<\/p>\n\n\n\n<p class=\"wp-block-paragraph\">La Mesa est\u00e0 presidida per l&#8217;alcalde d&#8217;Alborache i compta amb la participaci\u00f3 dels regidors d&#8217;Educaci\u00f3, Sanitat, Assumptes Socials i Urbanisme, aix\u00ed com representants de les principals entitats i associacions del municipi: l&#8217;Associaci\u00f3 de Jubilats i Pensionistes, les Mestresses de casa, l&#8217;AMPA del Col\u00b7legi, l&#8217;Associaci\u00f3 Espanyola Contra el C\u00e0ncer (AECC), l&#8217;Associaci\u00f3 de Fam\u00edlies Valentes, la Falla d&#8217;Alboraig i l&#8217;Associaci\u00f3 de Coheteros.<\/p>\n\n\n\n<p class=\"wp-block-paragraph\">Aix\u00ed mateix, formen part de la Mesa diversos professionals de l&#8217;\u00e0mbit sanitari i del benestar, com la metge de cap\u00e7alera del municipi, una veterin\u00e0ria, representants dels Serveis Socials de la Mancomunitat, una matrona i els professors de gimn\u00e0stica funcional.<\/p>\n\n\n\n<p class=\"wp-block-paragraph\">L&#8217;alcalde d&#8217;Alboraig, Jes\u00fas Hig\u00f3n, ha destacat que \u201cla salut \u00e9s una responsabilitat compartida i un comprom\u00eds de tots. Amb aquesta Taula Sectorial volem treballar de manera coordinada per a millorar la qualitat de vida dels nostres ve\u00efns i ve\u00efnes, escoltant i sumant esfor\u00e7os des de tots els \u00e0mbits\u201d.<\/p>\n\n\n\n<p class=\"wp-block-paragraph\">Amb aquesta iniciativa, l&#8217;Ajuntament refor\u00e7a el seu comprom\u00eds amb la salut comunit\u00e0ria, la prevenci\u00f3 i la participaci\u00f3 ciutadana, afavorint un espai de treball conjunt per a abordar de manera integral els reptes sanitaris, socials i educatius del municipi.<\/p>\n","protected":false},"excerpt":{"rendered":"<div class=\"mh-excerpt\">L&#8217;Ajuntament d&#8217;Alboraig ha constitu\u00eft la Taula Sectorial de Salut, un \u00f2rgan de participaci\u00f3 i coordinaci\u00f3 que t\u00e9 com a objectiu promoure la salut i el benestar de tota la poblaci\u00f3 del municipi, fomentant la col\u00b7laboraci\u00f3 <a class=\"mh-excerpt-more\" href=\"https:\/\/tucomarca.whitekongsoftware.com\/ca\/lajuntament-dalboraia-impulsa-la-creacio-de-la-taula-sectorial-de-salut-per-a-millorar-el-benestar-de-la-ciutadania\/\" title=\"L&#8217;Ajuntament d&#8217;alboraia impulsa la creaci\u00f3 de la Taula Sectorial de Salut per a millorar el benestar de la ciutadania\">[+] <\/a><\/div>\n","protected":false},"author":12,"featured_media":284750,"comment_status":"open","ping_status":"open","sticky":false,"template":"","format":"standard","meta":{"footnotes":""},"categories":[10973,11010,10948,10894,10912,10947,10896],"tags":[11224,10914,23325],"class_list":["post-284751","post","type-post","status-publish","format-standard","has-post-thumbnail","category-alborache-ca","category-canal-salud","category-infraestructuras-ca","category-la-comarca-ca","category-la-hoya-ca","category-politica","category-seccion-ca","tag-alborache-ca","tag-la-hoya-de-bunol-chiva-ca","tag-mesa-sectorial-de-salud-ca"],"_links":{"self":[{"href":"https:\/\/tucomarca.whitekongsoftware.com\/ca\/wp-json\/wp\/v2\/posts\/284751","targetHints":{"allow":["GET"]}}],"collection":[{"href":"https:\/\/tucomarca.whitekongsoftware.com\/ca\/wp-json\/wp\/v2\/posts"}],"about":[{"href":"https:\/\/tucomarca.whitekongsoftware.com\/ca\/wp-json\/wp\/v2\/types\/post"}],"author":[{"embeddable":true,"href":"https:\/\/tucomarca.whitekongsoftware.com\/ca\/wp-json\/wp\/v2\/users\/12"}],"replies":[{"embeddable":true,"href":"https:\/\/tucomarca.whitekongsoftware.com\/ca\/wp-json\/wp\/v2\/comments?post=284751"}],"version-history":[{"count":0,"href":"https:\/\/tucomarca.whitekongsoftware.com\/ca\/wp-json\/wp\/v2\/posts\/284751\/revisions"}],"wp:featuredmedia":[{"embeddable":true,"href":"https:\/\/tucomarca.whitekongsoftware.com\/ca\/wp-json\/wp\/v2\/media\/284750"}],"wp:attachment":[{"href":"https:\/\/tucomarca.whitekongsoftware.com\/ca\/wp-json\/wp\/v2\/media?parent=284751"}],"wp:term":[{"taxonomy":"category","embeddable":true,"href":"https:\/\/tucomarca.whitekongsoftware.com\/ca\/wp-json\/wp\/v2\/categories?post=284751"},{"taxonomy":"post_tag","embeddable":true,"href":"https:\/\/tucomarca.whitekongsoftware.com\/ca\/wp-json\/wp\/v2\/tags?post=284751"}],"curies":[{"name":"wp","href":"https:\/\/api.w.org\/{rel}","templated":true}]}}