{"id":284743,"date":"2025-11-08T10:00:00","date_gmt":"2025-11-08T09:00:00","guid":{"rendered":"https:\/\/www.tucomarca.com\/wordpress\/segunda\/?p=284743"},"modified":"2025-11-08T13:33:44","modified_gmt":"2025-11-08T12:33:44","slug":"la-fira-dels-comarques-de-la-diputacio-obri-les-seues-portes-per-a-acostar-loferta-turistica-de-la-provincia-a-la-ciutat","status":"publish","type":"post","link":"https:\/\/tucomarca.whitekongsoftware.com\/ca\/la-fira-dels-comarques-de-la-diputacio-obri-les-seues-portes-per-a-acostar-loferta-turistica-de-la-provincia-a-la-ciutat\/","title":{"rendered":"La Fira dels Comarques de la Diputaci\u00f3 obri les seues portes per a acostar l&#8217;oferta tur\u00edstica de la prov\u00edncia a la ciutat\u00a0"},"content":{"rendered":"\n<h3 class=\"wp-block-heading\">La corporaci\u00f3 provincial celebra una nova edici\u00f3 del certamen, des de hui i fins al diumenge als Jardins de Vivers, amb un programa replet d&#8217;activitats per a p\u00fablic de totes les edats.<\/h3>\n\n\n\n<h3 class=\"wp-block-heading\">El diputat de Turisme, Pedro Cuesta, ha animat a acudir a la fira perqu\u00e8 \u201c\u00e9s una ocasi\u00f3 ideal per a con\u00e9ixer les propostes que oferixen els nostres pobles, ja siga per a una escapada r\u00e0pida o per a unes vacacions\u201d.<\/h3>\n\n\n\n<p class=\"wp-block-paragraph\">La Fira dels Comarques de la Diputaci\u00f3 de Val\u00e8ncia ha obert les seues portes esta vesprada als Jardins de Vivers de Val\u00e8ncia, per a mostrar l&#8217;oferta tur\u00edstica dels municipis de la prov\u00edncia a la ciutat fins diumenge que ve. \u201c\u00c9s una ocasi\u00f3 ideal per a con\u00e9ixer en un passeig les moltes propostes que ens oferixen els nostres pobles: pr\u00f2ximes, assequibles i per a tots els p\u00fablics, ja siga per a una escapada r\u00e0pida o per a unes vacacions\u201d, ha destacat el diputat de Turisme de la corporaci\u00f3, Pedro Cuesta, despr\u00e9s d&#8217;inaugurar el certamen.\u00a0<\/p>\n\n\n\n<p class=\"wp-block-paragraph\">\u201cLa prov\u00edncia de Val\u00e8ncia \u00e9s una gran desconeguda tur\u00edsticament per al p\u00fablic de la ciutat, pel molt i sorprenent que oferix al visitant en cada rac\u00f3, d&#8217;ac\u00ed ve que reunim ac\u00ed els municipis, mancomunitats i empreses dedicades a l&#8217;activitat tur\u00edstica en el nostre territori, perqu\u00e8 donen a con\u00e9ixer de manera directa als ve\u00efns de la capital totes les propostes que poden disfrutar i durant tot l&#8217;any, tant a nivell cultural, com a gastron\u00f2mic, natural o esportiu\u201d, ha agregat.<\/p>\n\n\n\n<p class=\"wp-block-paragraph\">Es tracta de l&#8217;esdeveniment anual de promoci\u00f3 m\u00e9s important per als municipis, les mancomunitats i les empreses del sector tur\u00edstic de la prov\u00edncia de Val\u00e8ncia, organitzat i impulsat per la Diputaci\u00f3 a trav\u00e9s de l&#8217;\u00e0rea de Turisme, en un format din\u00e0mic destinat al p\u00fablic general i d&#8217;acc\u00e9s gratu\u00eft, que promou l&#8217;acci\u00f3 professional i l&#8217;esbarjo del visitant alhora.<\/p>\n\n\n\n<p class=\"wp-block-paragraph\">Esta edici\u00f3, a m\u00e9s, se celebra per primera vegada als Jardins de Vivers de la ciutat, \u201cun empla\u00e7ament nou per\u00f2 ben comunicat i molt accessible, a m\u00e9s de molt agradable de visitar i allunyat tamb\u00e9 del bullici de la zona comercial de la capital\u201d, ha manifestat el diputat al respecte.<\/p>\n\n\n\n<figure class=\"wp-block-image size-large\"><img loading=\"lazy\" decoding=\"async\" width=\"1024\" height=\"768\" src=\"http:\/\/www.tucomarca.com\/wordpress\/segunda\/wp-content\/uploads\/2025\/11\/FiraComarques25b-1024x768.jpg\" alt=\"\" class=\"wp-image-284740\" srcset=\"https:\/\/tucomarca.whitekongsoftware.com\/wp-content\/uploads\/2025\/11\/FiraComarques25b-1024x768.jpg 1024w, https:\/\/tucomarca.whitekongsoftware.com\/wp-content\/uploads\/2025\/11\/FiraComarques25b-300x225.jpg 300w, https:\/\/tucomarca.whitekongsoftware.com\/wp-content\/uploads\/2025\/11\/FiraComarques25b-768x576.jpg 768w, https:\/\/tucomarca.whitekongsoftware.com\/wp-content\/uploads\/2025\/11\/FiraComarques25b-1536x1152.jpg 1536w, https:\/\/tucomarca.whitekongsoftware.com\/wp-content\/uploads\/2025\/11\/FiraComarques25b-678x509.jpg 678w, https:\/\/tucomarca.whitekongsoftware.com\/wp-content\/uploads\/2025\/11\/FiraComarques25b-326x245.jpg 326w, https:\/\/tucomarca.whitekongsoftware.com\/wp-content\/uploads\/2025\/11\/FiraComarques25b-80x60.jpg 80w, https:\/\/tucomarca.whitekongsoftware.com\/wp-content\/uploads\/2025\/11\/FiraComarques25b.jpg 2040w\" sizes=\"auto, (max-width: 1024px) 100vw, 1024px\" \/><\/figure>\n\n\n\n<p class=\"wp-block-paragraph\"><strong>Turisme per la prov\u00edncia a trav\u00e9s de 80 expositors i 61 estands<\/strong><\/p>\n\n\n\n<p class=\"wp-block-paragraph\">La Fira dels Comarques de la Diputaci\u00f3 de Val\u00e8ncia potencia la promoci\u00f3 i venda directa de productes i experi\u00e8ncies tur\u00edsticas de la prov\u00edncia entre el p\u00fablic assistent, aix\u00ed com la projecci\u00f3 de les destinacions tur\u00edstiques del territori (municipis i mancomunitats). Tamb\u00e9 permet con\u00e9ixer el seu folklore, artesania i les seues tradicions bojaels, a m\u00e9s de la gastronomia particular de les comarques valencianes.&nbsp;<\/p>\n\n\n\n<p class=\"wp-block-paragraph\">Per a aix\u00f2 es donen cita enguany un total de 80 expositors, entre destins i entitats lligades a l&#8217;activitat tur\u00edstica de la prov\u00edncia, reunits en 61 estands. Tamb\u00e9 s&#8217;ha disposat una \u00e0rea de showcookings o demostracions de cuina valenciana en viu i tastos, coordinat pel xef Rub\u00e9n Fenollar, i un gran escenari en el qual se celebraran actuacions musicals en directe, balls regionals, cant d\u2019albaes, activitats artesanals, tallers per a xiquets, animacions musicals de dj\u2019s a c\u00e0rrec de FOTUR i fins a una sessi\u00f3 de mini disc per al p\u00fablic infantil, entre altres accions programades.<\/p>\n\n\n\n<p class=\"wp-block-paragraph\">La fira podr\u00e0 visitar-se hui divendres 7 de novembre, de 17 a 20 hores; i durant tot el cap de setmana, de 10 a 14 hores i de 16 a 20 hores.&nbsp;<\/p>\n","protected":false},"excerpt":{"rendered":"<div class=\"mh-excerpt\">La corporaci\u00f3 provincial celebra una nova edici\u00f3 del certamen, des de hui i fins al diumenge als Jardins de Vivers, amb un programa replet d&#8217;activitats per a p\u00fablic de totes les edats. El diputat de <a class=\"mh-excerpt-more\" href=\"https:\/\/tucomarca.whitekongsoftware.com\/ca\/la-fira-dels-comarques-de-la-diputacio-obri-les-seues-portes-per-a-acostar-loferta-turistica-de-la-provincia-a-la-ciutat\/\" title=\"La Fira dels Comarques de la Diputaci\u00f3 obri les seues portes per a acostar l&#8217;oferta tur\u00edstica de la prov\u00edncia a la ciutat\u00a0\">[+] <\/a><\/div>\n","protected":false},"author":1,"featured_media":284739,"comment_status":"open","ping_status":"open","sticky":false,"template":"","format":"image","meta":{"footnotes":""},"categories":[11019,10898,10894,10904,11007,10896],"tags":[11112,11199],"class_list":["post-284743","post","type-post","status-publish","format-image","has-post-thumbnail","category-agenda-ca","category-ventana-ca","category-la-comarca-ca","category-sin-categorizar-ca","category-ocio-y-cultura-ca","category-seccion-ca","tag-fira-de-les-comarques-ca","tag-la-comunitat-ca","post_format-post-format-image"],"_links":{"self":[{"href":"https:\/\/tucomarca.whitekongsoftware.com\/ca\/wp-json\/wp\/v2\/posts\/284743","targetHints":{"allow":["GET"]}}],"collection":[{"href":"https:\/\/tucomarca.whitekongsoftware.com\/ca\/wp-json\/wp\/v2\/posts"}],"about":[{"href":"https:\/\/tucomarca.whitekongsoftware.com\/ca\/wp-json\/wp\/v2\/types\/post"}],"author":[{"embeddable":true,"href":"https:\/\/tucomarca.whitekongsoftware.com\/ca\/wp-json\/wp\/v2\/users\/1"}],"replies":[{"embeddable":true,"href":"https:\/\/tucomarca.whitekongsoftware.com\/ca\/wp-json\/wp\/v2\/comments?post=284743"}],"version-history":[{"count":0,"href":"https:\/\/tucomarca.whitekongsoftware.com\/ca\/wp-json\/wp\/v2\/posts\/284743\/revisions"}],"wp:featuredmedia":[{"embeddable":true,"href":"https:\/\/tucomarca.whitekongsoftware.com\/ca\/wp-json\/wp\/v2\/media\/284739"}],"wp:attachment":[{"href":"https:\/\/tucomarca.whitekongsoftware.com\/ca\/wp-json\/wp\/v2\/media?parent=284743"}],"wp:term":[{"taxonomy":"category","embeddable":true,"href":"https:\/\/tucomarca.whitekongsoftware.com\/ca\/wp-json\/wp\/v2\/categories?post=284743"},{"taxonomy":"post_tag","embeddable":true,"href":"https:\/\/tucomarca.whitekongsoftware.com\/ca\/wp-json\/wp\/v2\/tags?post=284743"}],"curies":[{"name":"wp","href":"https:\/\/api.w.org\/{rel}","templated":true}]}}