{"id":284670,"date":"2025-11-06T09:55:00","date_gmt":"2025-11-06T08:55:00","guid":{"rendered":"https:\/\/www.tucomarca.com\/wordpress\/segunda\/?p=284670"},"modified":"2025-11-06T20:08:20","modified_gmt":"2025-11-06T19:08:20","slug":"la-mancomunitat-de-linterior-terra-del-vi-impulsa-tallers-per-a-aprendre-a-manejar-lestres-i-lansietat-en-la-vida-quotidiana","status":"publish","type":"post","link":"https:\/\/tucomarca.whitekongsoftware.com\/ca\/la-mancomunitat-de-linterior-terra-del-vi-impulsa-tallers-per-a-aprendre-a-manejar-lestres-i-lansietat-en-la-vida-quotidiana\/","title":{"rendered":"La Mancomunitat de l&#8217;Interior Terra del Vi impulsa tallers per a aprendre a manejar l&#8217;estr\u00e9s i l&#8217;ansietat en la vida quotidiana"},"content":{"rendered":"\n<h3 class=\"wp-block-heading\">L&#8217;objectiu d&#8217;aquests tallers \u00e9s oferir estrat\u00e8gies i t\u00e8cniques senzilles que ajuden a gestionar l&#8217;estr\u00e9s i l&#8217;ansietat en l&#8217;\u00e0mbit personal i professional, fomentant h\u00e0bits saludables.<\/h3>\n\n\n\n<figure class=\"wp-block-image size-large\"><img loading=\"lazy\" decoding=\"async\" width=\"1024\" height=\"576\" src=\"http:\/\/www.tucomarca.com\/wordpress\/segunda\/wp-content\/uploads\/2025\/11\/TalleresMancoTierraVino-1024x576.jpg\" alt=\"\" class=\"wp-image-284667\" srcset=\"https:\/\/tucomarca.whitekongsoftware.com\/wp-content\/uploads\/2025\/11\/TalleresMancoTierraVino-1024x576.jpg 1024w, https:\/\/tucomarca.whitekongsoftware.com\/wp-content\/uploads\/2025\/11\/TalleresMancoTierraVino-300x169.jpg 300w, https:\/\/tucomarca.whitekongsoftware.com\/wp-content\/uploads\/2025\/11\/TalleresMancoTierraVino-768x432.jpg 768w, https:\/\/tucomarca.whitekongsoftware.com\/wp-content\/uploads\/2025\/11\/TalleresMancoTierraVino-678x381.jpg 678w, https:\/\/tucomarca.whitekongsoftware.com\/wp-content\/uploads\/2025\/11\/TalleresMancoTierraVino.jpg 1400w\" sizes=\"auto, (max-width: 1024px) 100vw, 1024px\" \/><\/figure>\n\n\n\n<p class=\"wp-block-paragraph\">La Mancomunitat de l&#8217;Interior Terra del Vi (MITV), a trav\u00e9s del Departament de Serveis Socials i dins del servei d&#8217;Acci\u00f3 Comunit\u00e0ria (programa de sensibilitzaci\u00f3 i prevenci\u00f3) finan\u00e7at per la Diputaci\u00f3 de Val\u00e8ncia, posa en marxa un nou cicle de tallers sota el t\u00edtol \u201cAprendre a manejar l&#8217;estr\u00e9s i l&#8217;ansietat en la vida quotidiana\u201d.<\/p>\n\n\n\n<p class=\"wp-block-paragraph\">L&#8217;activitat, dirigida als municipis de Camporrobles, Caudete de las Fuentes, Xera, Fuenterrobles, Sinarques, Venta del Moro i Villargordo del Cabriel, est\u00e0 oberta a totes les persones interessades a adquirir eines pr\u00e0ctiques per a millorar el seu benestar emocional.<\/p>\n\n\n\n<p class=\"wp-block-paragraph\">L&#8217;objectiu d&#8217;aquests tallers \u00e9s oferir estrat\u00e8gies i t\u00e8cniques senzilles que ajuden a gestionar l&#8217;estr\u00e9s i l&#8217;ansietat en l&#8217;\u00e0mbit personal i professional, fomentant h\u00e0bits saludables, la relaxaci\u00f3 i l&#8217;atenci\u00f3 plena com a mitjans per a afrontar els reptes de la vida di\u00e0ria amb major equilibri.<\/p>\n\n\n\n<p class=\"wp-block-paragraph\">Les sessions seran impartides per Jorge Manuel Robredo Torres, psic\u00f2leg expert en intervenci\u00f3 emocional i gesti\u00f3 de l&#8217;estr\u00e9s, i es desenvoluparan de manera presencial en els espais culturals i comunitaris de cada municipi durant els mesos de novembre i desembre.<\/p>\n\n\n\n<p class=\"wp-block-paragraph\">Tallers gratu\u00efts en set municipis<\/p>\n\n\n\n<p class=\"wp-block-paragraph\">Els tallers, la participaci\u00f3 dels quals \u00e9s gratu\u00efta i sense inscripci\u00f3 pr\u00e8via, se celebraran en les seg\u00fcents dates:&nbsp;<\/p>\n\n\n\n<p class=\"wp-block-paragraph\">10 de novembre, a Venta del Moro (11.30 hores, a la Casa de la Cultura)<\/p>\n\n\n\n<p class=\"wp-block-paragraph\">10 de novembre, a Villargordo del Cabriel (16.30 hores en el Sal\u00f3 de Plens)<\/p>\n\n\n\n<p class=\"wp-block-paragraph\">17 de novembre, a Fuenterrobles (11.30 hores, en el Sal\u00f3 Cultural)<\/p>\n\n\n\n<p class=\"wp-block-paragraph\">17 de novembre, a Camporrobles (16.30 hores, en la Sala d&#8217;actes)<\/p>\n\n\n\n<p class=\"wp-block-paragraph\">24 de novembre, a Caudete de las Fuentes (11.30 hores, en la Sala d&#8217;actes)<\/p>\n\n\n\n<p class=\"wp-block-paragraph\">24 de novembre, a Xera (16.30 hores, en el local de les Mestresses de casa)<\/p>\n\n\n\n<p class=\"wp-block-paragraph\">1 de desembre, a Sinarques (16.30 hores, en el Centre Intergeneracional)<\/p>\n\n\n\n<p class=\"wp-block-paragraph\">Amb aquesta iniciativa, la MITV refor\u00e7a el seu comprom\u00eds amb la cura de la salut mental i el benestar de les persones, promovent la prevenci\u00f3 i la sensibilitzaci\u00f3 com a pilars essencials per a construir una comunitat m\u00e9s forta, conscient i saludable.<\/p>\n","protected":false},"excerpt":{"rendered":"<div class=\"mh-excerpt\">L&#8217;objectiu d&#8217;aquests tallers \u00e9s oferir estrat\u00e8gies i t\u00e8cniques senzilles que ajuden a gestionar l&#8217;estr\u00e9s i l&#8217;ansietat en l&#8217;\u00e0mbit personal i professional, fomentant h\u00e0bits saludables. La Mancomunitat de l&#8217;Interior Terra del Vi (MITV), a trav\u00e9s del <a class=\"mh-excerpt-more\" href=\"https:\/\/tucomarca.whitekongsoftware.com\/ca\/la-mancomunitat-de-linterior-terra-del-vi-impulsa-tallers-per-a-aprendre-a-manejar-lestres-i-lansietat-en-la-vida-quotidiana\/\" title=\"La Mancomunitat de l&#8217;Interior Terra del Vi impulsa tallers per a aprendre a manejar l&#8217;estr\u00e9s i l&#8217;ansietat en la vida quotidiana\">[+] <\/a><\/div>\n","protected":false},"author":1,"featured_media":284668,"comment_status":"open","ping_status":"open","sticky":false,"template":"","format":"standard","meta":{"footnotes":""},"categories":[11019,11031,11032,11054,10898,11055,10948,10894,11007,10947,10909,10896,11058,11060,11061],"tags":[11905,10910],"class_list":["post-284670","post","type-post","status-publish","format-standard","has-post-thumbnail","category-agenda-ca","category-camporrobles-ca","category-caudete-ca","category-chera-ca","category-ventana-ca","category-fuenterrobles-ca","category-infraestructuras-ca","category-la-comarca-ca","category-ocio-y-cultura-ca","category-politica","category-requena-utiel-ca","category-seccion-ca","category-sinarcas-ca","category-venta-del-moro-ca","category-villargordo-del-cabriel-ca","tag-mancomunidad-tierra-del-vino-ca","tag-requena-utiel-ca"],"_links":{"self":[{"href":"https:\/\/tucomarca.whitekongsoftware.com\/ca\/wp-json\/wp\/v2\/posts\/284670","targetHints":{"allow":["GET"]}}],"collection":[{"href":"https:\/\/tucomarca.whitekongsoftware.com\/ca\/wp-json\/wp\/v2\/posts"}],"about":[{"href":"https:\/\/tucomarca.whitekongsoftware.com\/ca\/wp-json\/wp\/v2\/types\/post"}],"author":[{"embeddable":true,"href":"https:\/\/tucomarca.whitekongsoftware.com\/ca\/wp-json\/wp\/v2\/users\/1"}],"replies":[{"embeddable":true,"href":"https:\/\/tucomarca.whitekongsoftware.com\/ca\/wp-json\/wp\/v2\/comments?post=284670"}],"version-history":[{"count":0,"href":"https:\/\/tucomarca.whitekongsoftware.com\/ca\/wp-json\/wp\/v2\/posts\/284670\/revisions"}],"wp:featuredmedia":[{"embeddable":true,"href":"https:\/\/tucomarca.whitekongsoftware.com\/ca\/wp-json\/wp\/v2\/media\/284668"}],"wp:attachment":[{"href":"https:\/\/tucomarca.whitekongsoftware.com\/ca\/wp-json\/wp\/v2\/media?parent=284670"}],"wp:term":[{"taxonomy":"category","embeddable":true,"href":"https:\/\/tucomarca.whitekongsoftware.com\/ca\/wp-json\/wp\/v2\/categories?post=284670"},{"taxonomy":"post_tag","embeddable":true,"href":"https:\/\/tucomarca.whitekongsoftware.com\/ca\/wp-json\/wp\/v2\/tags?post=284670"}],"curies":[{"name":"wp","href":"https:\/\/api.w.org\/{rel}","templated":true}]}}